{"id":246204,"date":"2019-12-23T11:17:56","date_gmt":"2019-12-23T08:17:56","guid":{"rendered":"http:\/\/www.tvturk.com\/index.php\/70-yillik-meslek-aski\/"},"modified":"2019-12-23T11:17:56","modified_gmt":"2019-12-23T08:17:56","slug":"70-yillik-meslek-aski","status":"publish","type":"post","link":"http:\/\/www.tvturk.com\/index.php\/70-yillik-meslek-aski\/","title":{"rendered":"70 y\u0131ll\u0131k meslek a\u015fk\u0131"},"content":{"rendered":"<p>K\u00fctahya\u2019n\u0131n Simav il\u00e7esinde ya\u015fayan \u0130lyas Aksoy, 70 y\u0131l \u00f6nce \u00e7\u0131rakl\u0131kla ba\u015flad\u0131\u011f\u0131 terzili\u011fi usta olarak 60 y\u0131ldan bu yana devam ettiriyor.<\/p>\n<p>1949 y\u0131l\u0131nda \u00e7\u0131rak olarak ba\u015flad\u0131\u011f\u0131 terzilik mesle\u011fi i\u00e7in 1960 y\u0131l\u0131nda Simav\u2019da d\u00fckkan a\u00e7t\u0131\u011f\u0131n\u0131 belirten 85 ya\u015f\u0131ndaki \u0130lyas Aksoy \u201c 1960 senesinden bu yana mesle\u011fimi devam ettiriyorum. Ya\u015f\u0131m 85 olmas\u0131na ra\u011fmen mesle\u011fimi sevdi\u011fim i\u00e7in b\u0131rakamad\u0131m. Dostlar\u0131m\u0131n deste\u011fi ile halen devam ediyorum\u201d dedi.<\/p>\n<p>Dikti\u011fi elbiseleri el eme\u011fi g\u00f6z nuru olarak anlatan terzi Aksoy \u201cElbise dikimi i\u00e7in, m\u00fc\u015fteri taraf\u0131ndan \u00f6nce kuma\u015f be\u011fenilir. Daha sonra ilk \u00f6l\u00e7\u00fcy\u00fc al\u0131r\u0131z, prova i\u00e7in g\u00fcn veririz. Birinci ve ikinci provalardan sonra, belirtilen g\u00fcne kadar elbiseyi yeti\u015ftirmeye \u00e7al\u0131\u015f\u0131r\u0131z. Bir zamanlar terzilik, en g\u00fczide, en sevilen ve say\u0131lan bir meslekti. Bayramlara 1 ay kala, i\u015flerimizi planlard\u0131k. Ancak hat\u0131r\u0131 k\u0131r\u0131lmayacak ki\u015filer geldi\u011finde, onlar\u0131 geri \u00e7eviremiyorduk. Simav\u2019da 70-80 terzi vard\u0131. 1960 y\u0131llar\u0131n ba\u015f\u0131nda, Ben Simav\u2019daki terzilerin en genciydim. Ancak 85 ya\u015f\u0131ma girdi\u011fim \u015fu g\u00fcnlerde Simav\u2019\u0131n en ya\u015fl\u0131 terzisi ben kald\u0131m\u201d \u015feklinde konu\u015ftu.<\/p>\n<p>Emekli \u00f6\u011fretmen Mehmet Y\u0131ld\u0131r\u0131m \u201c1970 y\u0131l\u0131ndan bu yana elbise diktiriyorum. \u0130lyas usta day\u0131m\u0131z oldu\u011fu i\u00e7in tak\u0131m elbiselerimizi o\u2019na diktiriyorduk. Elbiselerimizdeki yama i\u015flerini dahi day\u0131m\u0131za yapt\u0131rd\u0131k\u201d diye konu\u015ftu.<\/p>\n","protected":false},"excerpt":{"rendered":"<p>70 YILLIK TERZ\u0130 \u0130LYAS AKSOY<\/p>\n","protected":false},"author":1,"featured_media":246205,"comment_status":"closed","ping_status":"open","sticky":false,"template":"","format":"standard","meta":{"jetpack_post_was_ever_published":false,"_jetpack_newsletter_access":"","_jetpack_dont_email_post_to_subs":false,"_jetpack_newsletter_tier_id":0,"_jetpack_memberships_contains_paywalled_content":false,"_jetpack_memberships_contains_paid_content":false,"footnotes":"","jetpack_publicize_message":"","jetpack_publicize_feature_enabled":true,"jetpack_social_post_already_shared":true,"jetpack_social_options":{"image_generator_settings":{"template":"highway","default_image_id":0,"font":"","enabled":false},"version":2}},"categories":[656],"tags":[2247,4030,710],"class_list":["post-246204","post","type-post","status-publish","format-standard","has-post-thumbnail","hentry","category-kultur-sanat","tag-aski","tag-meslek","tag-yillik"],"jetpack_publicize_connections":[],"jetpack_featured_media_url":"https:\/\/i0.wp.com\/www.tvturk.com\/wp-content\/uploads\/2019\/12\/70-yillik-meslek-aski_27fff19.jpg?fit=1000%2C664","jetpack_sharing_enabled":true,"jetpack_shortlink":"https:\/\/wp.me\/paKIfm-1232","_links":{"self":[{"href":"http:\/\/www.tvturk.com\/index.php\/wp-json\/wp\/v2\/posts\/246204","targetHints":{"allow":["GET"]}}],"collection":[{"href":"http:\/\/www.tvturk.com\/index.php\/wp-json\/wp\/v2\/posts"}],"about":[{"href":"http:\/\/www.tvturk.com\/index.php\/wp-json\/wp\/v2\/types\/post"}],"author":[{"embeddable":true,"href":"http:\/\/www.tvturk.com\/index.php\/wp-json\/wp\/v2\/users\/1"}],"replies":[{"embeddable":true,"href":"http:\/\/www.tvturk.com\/index.php\/wp-json\/wp\/v2\/comments?post=246204"}],"version-history":[{"count":0,"href":"http:\/\/www.tvturk.com\/index.php\/wp-json\/wp\/v2\/posts\/246204\/revisions"}],"wp:featuredmedia":[{"embeddable":true,"href":"http:\/\/www.tvturk.com\/index.php\/wp-json\/wp\/v2\/media\/246205"}],"wp:attachment":[{"href":"http:\/\/www.tvturk.com\/index.php\/wp-json\/wp\/v2\/media?parent=246204"}],"wp:term":[{"taxonomy":"category","embeddable":true,"href":"http:\/\/www.tvturk.com\/index.php\/wp-json\/wp\/v2\/categories?post=246204"},{"taxonomy":"post_tag","embeddable":true,"href":"http:\/\/www.tvturk.com\/index.php\/wp-json\/wp\/v2\/tags?post=246204"}],"curies":[{"name":"wp","href":"https:\/\/api.w.org\/{rel}","templated":true}]}}