{"id":246250,"date":"2019-12-23T12:32:05","date_gmt":"2019-12-23T09:32:05","guid":{"rendered":"http:\/\/www.tvturk.com\/index.php\/ak-partili-yilmaz-ihracatimiz-bu-yil-180-milyar-dolarin-ustunde-bir-rakamla-kapanmis-olacak\/"},"modified":"2019-12-23T12:32:05","modified_gmt":"2019-12-23T09:32:05","slug":"ak-partili-yilmaz-ihracatimiz-bu-yil-180-milyar-dolarin-ustunde-bir-rakamla-kapanmis-olacak","status":"publish","type":"post","link":"http:\/\/www.tvturk.com\/index.php\/ak-partili-yilmaz-ihracatimiz-bu-yil-180-milyar-dolarin-ustunde-bir-rakamla-kapanmis-olacak\/","title":{"rendered":"AK Partili Y\u0131lmaz: &#8220;\u0130hracat\u0131m\u0131z bu y\u0131l 180 milyar dolar\u0131n \u00fcst\u00fcnde bir rakamla kapanm\u0131\u015f olacak\u201d"},"content":{"rendered":"<p>AK Parti Genel Ba\u015fkan Yard\u0131mc\u0131s\u0131 Cevdet Y\u0131lmaz, \u201c2019 y\u0131l\u0131nda \u00f6zellikle ihracat ve turizm ekonomimizde \u00e7ok \u00f6nemli bir rol oynad\u0131. \u0130hracat\u0131m\u0131z bu y\u0131l 180 milyar dolar\u0131n \u00fcst\u00fcnde bir rakamla kapanm\u0131\u015f olacak\u201d dedi.<\/p>\n<p>Bing\u00f6l ve Hacettepe \u00dcniversiteleri aras\u0131nda imzalanan i\u015f birli\u011fi protokol\u00fcn\u00fcn ard\u0131ndan, sosyal tesislerde d\u00fczenlenen programa kat\u0131lan AK Parti Genel Ba\u015fkan Yard\u0131mc\u0131s\u0131 Cevdet Y\u0131lmaz a\u00e7\u0131klamalarda bulundu. 2019 y\u0131l\u0131nda \u00e7ok \u00f6nemli geli\u015fmeler ya\u015fand\u0131\u011f\u0131na de\u011finen AK Parti Genel Ba\u015fkan Yard\u0131mc\u0131s\u0131 Y\u0131lmaz, &#8220;Her \u015feyden \u00f6nce ekonomimizde bir dengelenmeye y\u0131l\u0131 oldu. 2013 y\u0131l\u0131 ile ba\u015flayan gezi hadiseleri, 17-25 Aral\u0131k, \u00c7ukur hadiseleri gibi bir\u00e7ok sald\u0131r\u0131yla kar\u015f\u0131 kar\u015f\u0131ya kalan \u00fclkemiz, ekonomimiz 2019 y\u0131l\u0131nda \u00f6nemli bir diren\u00e7 ortaya koydu. Finansal g\u00f6stergelerimizin \u00f6nemli oranda iyile\u015fti\u011fi, istikrar\u0131n g\u00fc\u00e7lendi\u011fini bir y\u0131l ya\u015fad\u0131k. Bir \u00f6nceki y\u0131l y\u00fczde 20\u2019lerin \u00fczerine \u00e7\u0131km\u0131\u015f enflasyon in\u015fallah bu y\u0131l 12\u2019nin alt\u0131nda bir rakamla kapanm\u0131\u015f olacak. Faiz anlam\u0131nda ciddi olarak gerilemeler oldu. Son d\u00f6nemlerde merkez bankam\u0131z 12 puan civar\u0131nda \u00e7e\u015fitli zamanlarda yapt\u0131\u011f\u0131 indirimlerle politika faizini 12 puan d\u00fc\u015f\u00fcrd\u00fc ve \u00f6nemli bir de\u011fi\u015fim oldu. \u0130n\u015fallah \u00f6n\u00fcm\u00fczdeki y\u0131l gerek enflasyonda gerekse faizlerde tek haneleri yeniden g\u00f6rece\u011fiz. 2019 y\u0131l\u0131nda \u00f6zellikle ihracat ve turizm ekonomimizde \u00e7ok \u00f6nemli bir rol oynad\u0131.  \u0130hracat\u0131m\u0131z bu y\u0131l 180 milyar dolar\u0131n \u00fcst\u00fcnde bir rakamla kapanm\u0131\u015f olacak. Di\u011fer taraftan turizmde tarihi bir rekor k\u0131rd\u0131 T\u00fcrkiye. 50 milyonun \u00fczerinde turistle bu seneyi kapatm\u0131\u015f olaca\u011f\u0131z\u201d dedi.<\/p>\n<p>\u201cHi\u00e7bir zaman rehavete kap\u0131lm\u0131yoruz\u201d<\/p>\n<p>Ter\u00f6r operasyonlar\u0131n\u0131n aral\u0131ks\u0131z bir \u015fekilde s\u00fcrece\u011fini de aktaran Y\u0131lmaz, \u201cG\u00fcvenlik konular\u0131nda da \u00e7ok \u00f6nemli geli\u015fmeler ya\u015fand\u0131. 2019 y\u0131l\u0131 Gerek i\u00e7eride gerek d\u0131\u015far\u0131da \u00f6nemli geli\u015fmelere sahne oldu.  \u0130\u00e7eride DAE\u015e, FET\u00d6, PKK ve di\u011fer ter\u00f6r \u00f6rg\u00fctleriyle \u00e7ok kararl\u0131 bir m\u00fccadele ya\u015fam\u0131\u015f oldu ve \u00f6nemli mesafeler ald\u0131\u011f\u0131m\u0131z y\u0131l oldu. Huzur ve g\u00fcven ortam\u0131n\u0131n \u00e7ok ciddi anlamda de\u011fi\u015fti\u011fi bir y\u0131l ya\u015fad\u0131k. B\u00f6lgemiz ba\u015fta olmak \u00fczere t\u00fcm \u00fclkemizde ter\u00f6r konular\u0131nda \u00e7ok rahat bir noktaday\u0131z. Ama hi\u00e7bir zaman rehavete kap\u0131lm\u0131yoruz. Aral\u0131ks\u0131z bir \u015fekilde yaz-k\u0131\u015f mevsimine bakmadan bu m\u00fccadeleyi kararl\u0131 bir \u015fekilde devam ettiriyoruz in\u015fallah\u201d ifadelerini kulland\u0131.<\/p>\n<p>\u201cT\u00fcrkiye, d\u00fcnyada en fazla m\u00fclteciyi bar\u0131ndan \u00fclke konumunda\u201d<\/p>\n<p>Suriye \u00f6tesine yap\u0131lan operasyonlarla 365 bin m\u00fcltecinin \u00fclkesine d\u00f6nd\u00fc\u011f\u00fcn\u00fc ve hedeflerinin 1 milyon oldu\u011funu kaydeden Y\u0131lmaz, \u201cEn \u00f6nemli geli\u015fmeler aras\u0131nda tabi Bar\u0131\u015f P\u0131nar\u0131 Harekat\u0131 var. T\u00fcrkiye daha \u00f6nce F\u0131rat Kalkan\u0131yla, Zeytin Dal\u0131\u2019yla Suriye\u2019de s\u0131n\u0131r\u0131m\u0131z\u0131n \u00f6tesinde \u00f6nemli operasyonlara imza att\u0131. \u00c7ok etkili m\u00fcdahalelerde bulundu. F\u0131rat Kalkan\u0131, Zeytin Dal\u0131 harekatlar\u0131ndan sonra 365 bin m\u00fclteci karde\u015fimiz memleketine geri d\u00f6nm\u00fc\u015f oldu. Bar\u0131\u015f P\u0131nar\u0131 Harekat\u0131 ger\u00e7ekle\u015ftirildi ve ard\u0131ndan ABD ve Rusya ile \u00e7e\u015fitli mutabakatlar yap\u0131ld\u0131. T\u00fcrkiye art\u0131k geni\u015f bir co\u011frafyada etkili bir \u015fekilde varl\u0131\u011f\u0131n\u0131 ortaya koymu\u015f durumda. Suriye\u2019de tabi en \u00f6nemli ama\u00e7lar\u0131m\u0131zdan bir tanesi orada g\u00fcvenli bir b\u00f6lge olu\u015fturup Suriyeli karde\u015flerimizin oraya g\u00f6n\u00fcll\u00fc olarak ve insan haysiyetine yak\u0131\u015f\u0131r bir \u015fekilde geriye d\u00f6nmelerini sa\u011flamak. 1 milyon civar\u0131nda bir hedefimiz var. Bu \u00e7er\u00e7evede de \u00e7al\u0131\u015fmalar ba\u015flam\u0131\u015f durumda. T\u00fcrkiye, d\u00fcnyada en fazla m\u00fclteciyi bar\u0131ndan ve onlara ev sahipli\u011fi yapan \u00fclke konumunda. Maalesef uluslararas\u0131 alanda yeterli bir destek g\u00f6rmedik ama \u00f6n\u00fcm\u00fczdeki s\u00fcre\u00e7lerde yine bir konferans var ve daha fazla destek talep ediyoruz\u201d \u015feklinde konu\u015ftu.<\/p>\n<p>\u201cHem Libya\u2019n\u0131n hem de T\u00fcrkiye\u2019nin \u00e7\u0131karlar\u0131 a\u00e7\u0131s\u0131ndan \u00e7ok \u00f6nemli bir ad\u0131m at\u0131lm\u0131\u015f oldu\u201d<\/p>\n<p>T\u00fcrkiye ve Libya aras\u0131nda imzalanan anla\u015fma ile ilgili de bilgi veren Y\u0131lmaz, konu\u015fmas\u0131n\u0131 \u015f\u00f6yle s\u00fcrd\u00fcrd\u00fc:<\/p>\n<p>\u201cLibya ile son d\u00f6nemde 2 \u00f6nemli anla\u015fma ger\u00e7ekle\u015fti. Bir tanesi denizlerde ekonomik b\u00f6lge dedi\u011fimiz anla\u015fma. K\u0131ta sahanl\u0131\u011f\u0131m\u0131zdan kaynaklanan haklar\u0131m\u0131z var zaten. Ama bir taraftan da ikili anla\u015fmalarla mavi vatan dedi\u011fimiz b\u00f6lgelerde m\u00fcnhas\u0131r ekonomik b\u00f6lgeleri belirleme \u00e7al\u0131\u015fmalar\u0131 yap\u0131l\u0131yor. Bu anla\u015fmada asl\u0131nda Do\u011fu Akdeniz\u2019deki oyunlar\u0131 bozmu\u015f oldu. T\u00fcrkiye\u2019yi ve KKTC\u2019yi d\u0131\u015flamaya \u00e7al\u0131\u015fan farkl\u0131 bir ittifak olu\u015ftu. Biliyorsunuz ve oradaki kaynaklar\u0131 Do\u011fu Akdeniz\u2019deki kaynaklar\u0131 belirli bir yere kullanmaya d\u00f6n\u00fck bir \u00e7aba g\u00f6rd\u00fck. T\u00fcrkiye yine oradaki oyunu da bozmu\u015f oldu. Hem Libya\u2019n\u0131n hem de T\u00fcrkiye\u2019nin \u00e7\u0131karlar\u0131 a\u00e7\u0131s\u0131ndan \u00e7ok \u00f6nemli bir ad\u0131m at\u0131lm\u0131\u015f oldu.\u201d<\/p>\n<p>Programa Y\u0131lmaz\u2019\u0131n yan\u0131 s\u0131ra AK Parti Genel Ba\u015fkan Yard\u0131mc\u0131s\u0131 Cevdet Y\u0131lmaz, AK Parti Bing\u00f6l Milletvekili Feyzi Berdibek, Bing\u00f6l Belediye Ba\u015fkan\u0131 Erdal Ar\u0131kan, Bing\u00f6l \u00dcniversitesi Rekt\u00f6r\u00fc Prof. Dr. \u0130brahim \u00c7apak ve Hacettepe \u00dcniversitesi yetkilileri kat\u0131ld\u0131.<\/p>\n","protected":false},"excerpt":{"rendered":"<p>AK PART\u0130 GENEL BA\u015eKAN YARDIMCISI CEVDET YILMAZ, \u201c2019 YILINDA \u00d6ZELL\u0130KLE \u0130HRACAT VE TUR\u0130ZM EKONOM\u0130M\u0130ZDE \u00c7OK \u00d6NEML\u0130 B\u0130R ROL OYNADI.  \u0130HRACATIMIZ BU YIL 180 M\u0130LYAR DOLARIN \u00dcST\u00dcNDE B\u0130R RAKAMLA KAPANMI\u015e OLACAK\u201d DED\u0130.<\/p>\n","protected":false},"author":1,"featured_media":246251,"comment_status":"closed","ping_status":"open","sticky":false,"template":"","format":"standard","meta":{"jetpack_post_was_ever_published":false,"_jetpack_newsletter_access":"","_jetpack_dont_email_post_to_subs":false,"_jetpack_newsletter_tier_id":0,"_jetpack_memberships_contains_paywalled_content":false,"_jetpack_memberships_contains_paid_content":false,"footnotes":"","jetpack_publicize_message":"","jetpack_publicize_feature_enabled":true,"jetpack_social_post_already_shared":true,"jetpack_social_options":{"image_generator_settings":{"template":"highway","default_image_id":0,"font":"","enabled":false},"version":2}},"categories":[1],"tags":[45421,7561,125,35450,61232,2981,1189,2285,61231,8925,231,4688],"class_list":["post-246250","post","type-post","status-publish","format-standard","has-post-thumbnail","hentry","category-genel","tag-ihracatimiz","tag-7561","tag-bir","tag-dolarin","tag-kapanmis","tag-milyar","tag-olacak","tag-partili","tag-rakamla","tag-ustunde","tag-yil","tag-yilmaz"],"jetpack_publicize_connections":[],"jetpack_featured_media_url":"https:\/\/i0.wp.com\/www.tvturk.com\/wp-content\/uploads\/2019\/12\/ak-partili-yilmaz-ihracatimiz-bu-yil-180-milyar-dolarin-ustunde-bir-rakamla-kapanmis-olacak_ad6ce37.jpg?fit=1000%2C666","jetpack_sharing_enabled":true,"jetpack_shortlink":"https:\/\/wp.me\/paKIfm-123M","_links":{"self":[{"href":"http:\/\/www.tvturk.com\/index.php\/wp-json\/wp\/v2\/posts\/246250","targetHints":{"allow":["GET"]}}],"collection":[{"href":"http:\/\/www.tvturk.com\/index.php\/wp-json\/wp\/v2\/posts"}],"about":[{"href":"http:\/\/www.tvturk.com\/index.php\/wp-json\/wp\/v2\/types\/post"}],"author":[{"embeddable":true,"href":"http:\/\/www.tvturk.com\/index.php\/wp-json\/wp\/v2\/users\/1"}],"replies":[{"embeddable":true,"href":"http:\/\/www.tvturk.com\/index.php\/wp-json\/wp\/v2\/comments?post=246250"}],"version-history":[{"count":0,"href":"http:\/\/www.tvturk.com\/index.php\/wp-json\/wp\/v2\/posts\/246250\/revisions"}],"wp:featuredmedia":[{"embeddable":true,"href":"http:\/\/www.tvturk.com\/index.php\/wp-json\/wp\/v2\/media\/246251"}],"wp:attachment":[{"href":"http:\/\/www.tvturk.com\/index.php\/wp-json\/wp\/v2\/media?parent=246250"}],"wp:term":[{"taxonomy":"category","embeddable":true,"href":"http:\/\/www.tvturk.com\/index.php\/wp-json\/wp\/v2\/categories?post=246250"},{"taxonomy":"post_tag","embeddable":true,"href":"http:\/\/www.tvturk.com\/index.php\/wp-json\/wp\/v2\/tags?post=246250"}],"curies":[{"name":"wp","href":"https:\/\/api.w.org\/{rel}","templated":true}]}}