{"id":246262,"date":"2019-12-23T12:46:38","date_gmt":"2019-12-23T09:46:38","guid":{"rendered":"http:\/\/www.tvturk.com\/index.php\/aimsad-baskani-mustafa-erol-yeniden-eumabois-yonetiminde\/"},"modified":"2019-12-23T12:46:38","modified_gmt":"2019-12-23T09:46:38","slug":"aimsad-baskani-mustafa-erol-yeniden-eumabois-yonetiminde","status":"publish","type":"post","link":"http:\/\/www.tvturk.com\/index.php\/aimsad-baskani-mustafa-erol-yeniden-eumabois-yonetiminde\/","title":{"rendered":"A\u0130MSAD Ba\u015fkan\u0131 Mustafa Erol yeniden EUMABOIS y\u00f6netiminde"},"content":{"rendered":"<p>EUMABOIS y\u00f6netiminde A\u0130MSAD Ba\u015fkan\u0131 Mustafa Erol\u2019un \u00fcyeli\u011fi devam etti.<\/p>\n<p>A\u0130MSAD Y\u00f6netim Kurulu Ba\u015fkan\u0131 Mustafa Erol, sekt\u00f6r\u00fcn\u00fcn en b\u00fcy\u00fck \u00e7at\u0131 meslek \u00f6rg\u00fctlerinden \u2018Avrupa A\u011fa\u00e7 \u0130\u015fleme Makinesi \u0130malat\u00e7\u0131lar\u0131 Federasyonu\u2019nun\u2019 (EUMABOIS) Y\u00f6netim Kurulu \u00dcyeli\u011fine yeniden se\u00e7ildi. Mustafa Erol, \u201cEUMABOIS\u2019in \u00f6nceki d\u00f6neminde A\u0130MSAD olarak \u00e7ok aktif rol oynad\u0131k. Almanya ve \u0130talya\u2019dan sonra en g\u00fc\u00e7l\u00fc temsil \u00fclkemize ait. Bunu ge\u00e7ti\u011fimiz 3 y\u0131l i\u00e7erisinde \u00e7ok net bir \u015fekilde g\u00f6rd\u00fck. \u00d6n\u00fcm\u00fczdeki 3 y\u0131l boyunca da, yeni projelere kat\u0131l\u0131m sa\u011flayarak A\u0130MSAD\u2019\u0131n daha iyi yerlere gelece\u011fini d\u00fc\u015f\u00fcn\u00fcyorum\u201d dedi.<\/p>\n<p>A\u011fa\u00e7 \u0130\u015fleme Makine ve Yan Sanayisi \u0130\u015f Adamlar\u0131 Derne\u011fi (A\u0130MSAD) Y\u00f6netim Kurulu Ba\u015fkan\u0131 Mustafa Erol, sekt\u00f6r\u00fcn\u00fcn en b\u00fcy\u00fck \u00e7at\u0131 meslek \u00f6rg\u00fct\u00fc olan Avrupa A\u011fa\u00e7 \u0130\u015fleme Makinesi \u0130malat\u00e7\u0131lar\u0131 Federasyonu\u2019nun (EUMABOIS) Y\u00f6netim Kurulu \u00dcyeli\u011fine yeniden se\u00e7ildi.<\/p>\n<p>Avrupa\u2019daki a\u011fa\u00e7 i\u015fleme sekt\u00f6r\u00fcne y\u00f6nelik faaliyet g\u00f6steren 13 \u00fclke derne\u011fi ile 2 firmay\u0131 b\u00fcnyesinde bulunduran EUMABOIS, Genel Kurul toplant\u0131s\u0131n\u0131 \u00c7ekya A\u011fa\u00e7 \u0130\u015fleme Makinesi \u00dcreticileri Derne\u011fi ev sahipli\u011finde Brno\u2019da ger\u00e7ekle\u015ftirdi. Toplant\u0131ya T\u00fcrkiye a\u011fa\u00e7 i\u015fleme makineleri sekt\u00f6r\u00fcn\u00fc temsilen \u00fcye dernek olarak kat\u0131lan A\u0130MSAD, sunulan yeni Y\u00f6netim Kurulu listesinin \u00fcyelerin \u00e7o\u011funlu\u011fuyla kabul edilmesi sonucu yeniden EUMABOIS Y\u00f6netim Kurulu \u00dcyesi oldu. A\u0130MSAD, Avrupa A\u011fa\u00e7 \u0130\u015fleme Makinesi \u0130malat\u00e7\u0131lar\u0131 Federasyonu\u2019na (EUMABOIS), 2014 y\u0131l\u0131 Ekim ay\u0131 sonunda \u00fcye oldu.   EUMABOIS\u2019in se\u00e7ilen \u00fc\u00e7 Y\u00f6netim Kurulu \u00dcyesi\u2019nden biri olan A\u0130MSAD Y\u00f6netim Kurulu Ba\u015fkan\u0131 Mustafa Erol, bu g\u00f6revini 3 y\u0131l boyunca s\u00fcrd\u00fcrecek.<\/p>\n<p>EUMABOIS\u2019in \u00f6nceki d\u00f6neminde \u00e7ok faaliyet ger\u00e7ekle\u015ftirildi\u011fini ifade eden Mustafa Erol, \u201cA\u0130MSAD olarak bizde aktif rol oynad\u0131k. Di\u011fer \u00fclkelerin tecr\u00fcbelerinden istifade ederek, \u00fclkemiz a\u00e7\u0131s\u0131ndan uygun olanlar\u0131 \u00f6rnek ald\u0131k. Ayr\u0131ca, Almanya ve \u0130talya\u2019dan sonra en g\u00fc\u00e7l\u00fc temsil \u00fclkemize ait. Bunu ge\u00e7ti\u011fimiz 3 y\u0131l i\u00e7erisinde \u00e7ok net bir \u015fekilde g\u00f6rd\u00fcm. \u00d6n\u00fcm\u00fczdeki 3 y\u0131l boyunca ise, yeni projelere de kat\u0131l\u0131m sa\u011flayarak A\u0130MSAD\u2019\u0131n daha iyi yerlere gelece\u011fini d\u00fc\u015f\u00fcn\u00fcyorum\u201d dedi.<\/p>\n<p>Eumabois\u2019in yeni y\u00f6netim kurulu, \u00f6n\u00fcm\u00fczdeki 3 y\u0131ll\u0131k s\u00fcre\u00e7 i\u00e7erisinde; ISO ve CEN standartlar\u0131n\u0131n geli\u015ftirilmesi, makine ve tak\u0131mlar i\u00e7in ortak bir altyap\u0131 olu\u015fturulmas\u0131, istatistik \u00e7al\u0131\u015fmalar\u0131, bulut tabanl\u0131 kontrol \u00fcniteleri altyap\u0131s\u0131n\u0131n geli\u015ftirilmesi gibi faaliyetleri ger\u00e7ekle\u015ftirmeyi planlad\u0131\u011f\u0131n\u0131 duyurdu.<\/p>\n<p>\u201cHindistan, Japonya ve G\u00fcney Kore mobilya \u00fcretiminde g\u00fc\u00e7lendi\u201d<\/p>\n<p>Genel Kurul toplant\u0131s\u0131nda, sekt\u00f6r ile ilgili bilgi veren EUMABOIS Ba\u015fkan\u0131 Jurgen Koppel ise; \u00c7in\u2019in en b\u00fcy\u00fck mobilya \u00fcreticisi konumunda oldu\u011funu, Amerika, Almanya ve \u0130talya\u2019n\u0131n toplam mobilya \u00fcretiminin \u00c7in\u2019in \u00fcretim rakamlar\u0131na ula\u015famad\u0131\u011f\u0131n\u0131 s\u00f6yledi. Hindistan, Japonya ve G\u00fcney Kore\u2019nin mobilya \u00fcretiminde g\u00fc\u00e7l\u00fc bir \u00fclke haline geldi\u011fini de belirten Koppel, \u201cPolonya \u00fc\u00e7\u00fcnc\u00fc b\u00fcy\u00fck mobilya \u00fcreticisi \u00fclke konumunda. Vietnam ve Malezya\u2019y\u0131 da da g\u00f6z ard\u0131 etmememiz gerekiyor. Amerika\u2019n\u0131n mobilya ve parke tedarik\u00e7ileri ise Vietnam, Tayland, Malezya, Kanada ve Meksika. \u00c7in ile Amerika aras\u0131nda ya\u015fanan politik ve siyasi problemler nedeniyle \u00c7in\u2019li \u00fcreticiler G\u00fcney Asya \u00fclkelerine yat\u0131r\u0131m yap\u0131yor, Amerika\u2019ya bu \u015fekilde ihracat ger\u00e7ekle\u015ftiriyorlar. Polonya ise Avrupa taraf\u0131ndan s\u00fcbvanse ediliyor\u201d diye konu\u015ftu.<\/p>\n<p>Jurgen Koppel, D\u00fcnya toplam a\u011fa\u00e7 i\u015fleme makineleri sekt\u00f6r\u00fcn\u00fcn \u00fcretim tahmininin 15 Milyar dolar oldu\u011funu, s\u0131ras\u0131yla Almanya y\u00fczde 26, \u00c7in y\u00fczde 19, \u0130talya y\u00fczde 18, Amerika y\u00fczde 6, Tayvan y\u00fczde 4, Kanada ve Japonya y\u00fczde 3, Polonya, \u0130spanya ve T\u00fcrkiye\u2019nin ise y\u00fczde 2 olarak bu rakamdan pay ald\u0131\u011f\u0131n\u0131 ifade etti.<\/p>\n","protected":false},"excerpt":{"rendered":"<p>MUSTAFA EROL VE JURGEN KOPPEL<\/p>\n","protected":false},"author":1,"featured_media":246263,"comment_status":"closed","ping_status":"open","sticky":false,"template":"","format":"standard","meta":{"jetpack_post_was_ever_published":false,"_jetpack_newsletter_access":"","_jetpack_dont_email_post_to_subs":false,"_jetpack_newsletter_tier_id":0,"_jetpack_memberships_contains_paywalled_content":false,"_jetpack_memberships_contains_paid_content":false,"footnotes":"","jetpack_publicize_message":"","jetpack_publicize_feature_enabled":true,"jetpack_social_post_already_shared":true,"jetpack_social_options":{"image_generator_settings":{"template":"highway","default_image_id":0,"font":"","enabled":false},"version":2}},"categories":[19],"tags":[37999,216,8518,61236,159,720,1288],"class_list":["post-246262","post","type-post","status-publish","format-standard","has-post-thumbnail","hentry","category-ekonomi","tag-aimsad","tag-baskani","tag-erol","tag-eumabois","tag-mustafa","tag-yeniden","tag-yonetiminde"],"jetpack_publicize_connections":[],"jetpack_featured_media_url":"https:\/\/i0.wp.com\/www.tvturk.com\/wp-content\/uploads\/2019\/12\/aimsad-baskani-mustafa-erol-yeniden-eumabois-yonetiminde_9e10ebd.jpg?fit=666%2C1000","jetpack_sharing_enabled":true,"jetpack_shortlink":"https:\/\/wp.me\/paKIfm-123Y","_links":{"self":[{"href":"http:\/\/www.tvturk.com\/index.php\/wp-json\/wp\/v2\/posts\/246262","targetHints":{"allow":["GET"]}}],"collection":[{"href":"http:\/\/www.tvturk.com\/index.php\/wp-json\/wp\/v2\/posts"}],"about":[{"href":"http:\/\/www.tvturk.com\/index.php\/wp-json\/wp\/v2\/types\/post"}],"author":[{"embeddable":true,"href":"http:\/\/www.tvturk.com\/index.php\/wp-json\/wp\/v2\/users\/1"}],"replies":[{"embeddable":true,"href":"http:\/\/www.tvturk.com\/index.php\/wp-json\/wp\/v2\/comments?post=246262"}],"version-history":[{"count":0,"href":"http:\/\/www.tvturk.com\/index.php\/wp-json\/wp\/v2\/posts\/246262\/revisions"}],"wp:featuredmedia":[{"embeddable":true,"href":"http:\/\/www.tvturk.com\/index.php\/wp-json\/wp\/v2\/media\/246263"}],"wp:attachment":[{"href":"http:\/\/www.tvturk.com\/index.php\/wp-json\/wp\/v2\/media?parent=246262"}],"wp:term":[{"taxonomy":"category","embeddable":true,"href":"http:\/\/www.tvturk.com\/index.php\/wp-json\/wp\/v2\/categories?post=246262"},{"taxonomy":"post_tag","embeddable":true,"href":"http:\/\/www.tvturk.com\/index.php\/wp-json\/wp\/v2\/tags?post=246262"}],"curies":[{"name":"wp","href":"https:\/\/api.w.org\/{rel}","templated":true}]}}