{"id":246286,"date":"2019-12-23T13:18:02","date_gmt":"2019-12-23T10:18:02","guid":{"rendered":"http:\/\/www.tvturk.com\/index.php\/gecmisten-gelecege-iklim-degisikligi\/"},"modified":"2019-12-23T13:18:02","modified_gmt":"2019-12-23T10:18:02","slug":"gecmisten-gelecege-iklim-degisikligi","status":"publish","type":"post","link":"http:\/\/www.tvturk.com\/index.php\/gecmisten-gelecege-iklim-degisikligi\/","title":{"rendered":"Ge\u00e7mi\u015ften gelece\u011fe iklim de\u011fi\u015fikli\u011fi"},"content":{"rendered":"<p>TED \u00dcniversitesi, d\u00fcnya g\u00fcndeminin ilk s\u0131ras\u0131nda yer alan iklim de\u011fi\u015fikli\u011fi konusunu masaya yat\u0131r\u0131yor.<\/p>\n<p>T\u00fcrk E\u011fitim Derne\u011fi\u2019nin (TED) d\u00fc\u015f\u00fcnce kurulu\u015fu TEDMEM, iklim de\u011fi\u015fikli\u011fi konusunda konferans d\u00fczenleyecek. 24 Aral\u0131k Sal\u0131 g\u00fcn\u00fc TEDMEM d\u00fczenledi\u011fi k\u00fcrs\u00fc etkinli\u011finin konu\u011fu \u0130klim De\u011fi\u015fikli\u011fi ve Politikalar\u0131 Uygulama ve Ara\u015ft\u0131rma Merkezi M\u00fcd\u00fcr\u00fc Prof. Dr. Levent Kurnaz olacak.<\/p>\n<p>\u0130sve\u00e7li \u00f6\u011frenci Greta Thunberg\u2019in \u2019S\u0131f\u0131r Gelecek\u2019 ba\u015fl\u0131\u011f\u0131 ile ba\u015flatt\u0131\u011f\u0131 iklim grevi, d\u00fcnyada b\u00fcy\u00fck etki olu\u015fturdu. Siyasi s\u00f6ylemler, g\u00f6\u00e7, m\u00fclteciler gibi pek \u00e7ok alanda politika \u00fcreten uzmanlar ise son iki y\u0131l\u0131n en \u00f6nemli konular\u0131 aras\u0131nda iklim de\u011fi\u015fikli\u011fini al\u0131rken, liderler bu konuyu se\u00e7im kampanyalar\u0131na eklemeye ba\u015flad\u0131. T\u00fcrkiye ise bu s\u00fcrece farkl\u0131 kampanyalar ile destek verdi. TED, 40 okulu ile iklim de\u011fi\u015fikli\u011fine en kalabal\u0131k destek veren sivil toplum kurulu\u015fu oldu. TED bu kez, TEDMEM\u2019in k\u00fcrs\u00fc etkinli\u011finde iklim de\u011fi\u015fikli\u011fini ele alacak. \u0130klim De\u011fi\u015fikli\u011fi ve Politikalar\u0131 Uygulama ve Ara\u015ft\u0131rma Merkezi M\u00fcd\u00fcr\u00fc Prof. Dr. Levent Kurnaz\u2019\u0131n kat\u0131laca\u011f\u0131 etkinlikte iklim de\u011fi\u015fikli\u011finin nedenleri, etkileri ve \u00e7\u00f6z\u00fcmleri masaya yat\u0131r\u0131l\u0131rken, \u201cBen, sen, biz ne yapmal\u0131y\u0131z\u201d sorusu tart\u0131\u015f\u0131lacak.<\/p>\n<p>Etkinlik, 24 Aral\u0131k Sal\u0131 g\u00fcn\u00fc saat 14.00\u2019te TED Ankara Koleji\u2019nde d\u00fczenlenecek. Kay\u0131tlar www.tedmem.org \u00fczerinden yap\u0131lacak.<\/p>\n","protected":false},"excerpt":{"rendered":"<p>T\u00dcRK E\u011e\u0130T\u0130M DERNE\u011e\u0130\u2019N\u0130N (TED) D\u00dc\u015e\u00dcNCE KURULU\u015eU TEDMEM, \u0130KL\u0130M DE\u011e\u0130\u015e\u0130KL\u0130\u011e\u0130 KONUSUNDA KONFERANS D\u00dcZENLEYECEK. 24 ARALIK SALI G\u00dcN\u00dc TEDMEM D\u00dcZENLED\u0130\u011e\u0130 K\u00dcRS\u00dc ETK\u0130NL\u0130\u011e\u0130N\u0130N KONU\u011eU BO\u011eAZ\u0130\u00c7\u0130 \u00dcN\u0130VERS\u0130TES\u0130 \u0130KL\u0130M DE\u011e\u0130\u015e\u0130KL\u0130\u011e\u0130 VE POL\u0130T\u0130KALARI UYGULAMA VE ARA\u015eTIRMA MERKEZ\u0130 M\u00dcD\u00dcR\u00dc PROF. DR. LEVENT KURNAZ OLACAK.<\/p>\n","protected":false},"author":1,"featured_media":246287,"comment_status":"closed","ping_status":"open","sticky":false,"template":"","format":"standard","meta":{"jetpack_post_was_ever_published":false,"_jetpack_newsletter_access":"","_jetpack_dont_email_post_to_subs":false,"_jetpack_newsletter_tier_id":0,"_jetpack_memberships_contains_paywalled_content":false,"_jetpack_memberships_contains_paid_content":false,"footnotes":"","jetpack_publicize_message":"","jetpack_publicize_feature_enabled":true,"jetpack_social_post_already_shared":true,"jetpack_social_options":{"image_generator_settings":{"template":"highway","default_image_id":0,"font":"","enabled":false},"version":2}},"categories":[1],"tags":[1775,38263,2059,6633],"class_list":["post-246286","post","type-post","status-publish","format-standard","has-post-thumbnail","hentry","category-genel","tag-degisikligi","tag-gecmisten","tag-gelecege","tag-iklim"],"jetpack_publicize_connections":[],"jetpack_featured_media_url":"https:\/\/i0.wp.com\/www.tvturk.com\/wp-content\/uploads\/2019\/12\/gecmisten-gelecege-iklim-degisikligi_7c5c270.jpg?fit=1000%2C666","jetpack_sharing_enabled":true,"jetpack_shortlink":"https:\/\/wp.me\/paKIfm-124m","_links":{"self":[{"href":"http:\/\/www.tvturk.com\/index.php\/wp-json\/wp\/v2\/posts\/246286","targetHints":{"allow":["GET"]}}],"collection":[{"href":"http:\/\/www.tvturk.com\/index.php\/wp-json\/wp\/v2\/posts"}],"about":[{"href":"http:\/\/www.tvturk.com\/index.php\/wp-json\/wp\/v2\/types\/post"}],"author":[{"embeddable":true,"href":"http:\/\/www.tvturk.com\/index.php\/wp-json\/wp\/v2\/users\/1"}],"replies":[{"embeddable":true,"href":"http:\/\/www.tvturk.com\/index.php\/wp-json\/wp\/v2\/comments?post=246286"}],"version-history":[{"count":0,"href":"http:\/\/www.tvturk.com\/index.php\/wp-json\/wp\/v2\/posts\/246286\/revisions"}],"wp:featuredmedia":[{"embeddable":true,"href":"http:\/\/www.tvturk.com\/index.php\/wp-json\/wp\/v2\/media\/246287"}],"wp:attachment":[{"href":"http:\/\/www.tvturk.com\/index.php\/wp-json\/wp\/v2\/media?parent=246286"}],"wp:term":[{"taxonomy":"category","embeddable":true,"href":"http:\/\/www.tvturk.com\/index.php\/wp-json\/wp\/v2\/categories?post=246286"},{"taxonomy":"post_tag","embeddable":true,"href":"http:\/\/www.tvturk.com\/index.php\/wp-json\/wp\/v2\/tags?post=246286"}],"curies":[{"name":"wp","href":"https:\/\/api.w.org\/{rel}","templated":true}]}}