{"id":246292,"date":"2019-12-23T13:32:15","date_gmt":"2019-12-23T10:32:15","guid":{"rendered":"http:\/\/www.tvturk.com\/index.php\/izmirde-binlerce-kisiyi-susuz-birakan-ariza-icin-ekipler-alarmda\/"},"modified":"2019-12-23T13:32:15","modified_gmt":"2019-12-23T10:32:15","slug":"izmirde-binlerce-kisiyi-susuz-birakan-ariza-icin-ekipler-alarmda","status":"publish","type":"post","link":"http:\/\/www.tvturk.com\/index.php\/izmirde-binlerce-kisiyi-susuz-birakan-ariza-icin-ekipler-alarmda\/","title":{"rendered":"\u0130zmir\u2019de binlerce ki\u015fiyi susuz b\u0131rakan ar\u0131za i\u00e7in ekipler alarmda"},"content":{"rendered":"<p>Tahtal\u0131 Baraj\u0131 isale hatt\u0131ndaki dev borunun patlamas\u0131, \u0130zmir\u2019in 3 b\u00fcy\u00fck il\u00e7esi Karaba\u011flar, Gaziemir ve Buca il\u00e7elerini susuz b\u0131rakt\u0131. Borunun patlamas\u0131n\u0131n ard\u0131ndan seferber olan 30 ki\u015filik ekip, ar\u0131zay\u0131 giderip vatanda\u015flara en yak\u0131n 25 Aral\u0131k tarihinde su vermeyi planlarken, ekiplerin bir k\u0131sm\u0131 tankerlerle su da\u011f\u0131tt\u0131.<\/p>\n<p>\u0130zmir\u2019in Menderes il\u00e7esi K\u00fcner Mahallesi yak\u0131nlar\u0131nda, Tahtal\u0131 Baraj\u0131 isale hatt\u0131ndaki dev boru patlad\u0131. Borunun patlamas\u0131yla binlerce ki\u015finin ya\u015fad\u0131\u011f\u0131 Karaba\u011flar, Gaziemir ve Buca il\u00e7eleri susuz kald\u0131. Kesintiden Konak ve Bornova il\u00e7elerinin baz\u0131 b\u00f6l\u00fcmleri de etkilendi. Aniden ar\u0131zan\u0131n meydana gelmesi vatanda\u015flar\u0131 da haz\u0131rl\u0131ks\u0131z yakalad\u0131.<\/p>\n<p>Ar\u0131zan\u0131n meydana gelmesinin ard\u0131ndan \u0130zmir Su ve Kanalizasyon \u0130daresi (\u0130ZSU) ekipleri teyakkuza ge\u00e7ti. 30 ki\u015filik ekip, hemen ar\u0131zan\u0131n meydana geldi\u011fi b\u00f6lgeye sevk edildi. Ekipler, Tahtal\u0131 Baraj\u0131\u2019n\u0131n 100 kilometrelik ana isale hatt\u0131nda meydana gelen b\u00fcy\u00fck \u00e7apl\u0131 ar\u0131zan\u0131n giderilmesi i\u00e7in olumsuz hava \u015fartlar\u0131na ra\u011fmen kesintisiz \u00e7al\u0131\u015farak sabaha kadar mesai yapt\u0131.<\/p>\n<p>Pompalar devre d\u0131\u015f\u0131 b\u0131rak\u0131larak hattaki su Tahtal\u0131 Baraj\u0131\u2019na aktar\u0131ld\u0131. Ar\u0131zal\u0131 borunun oldu\u011fu nokta kaz\u0131larak, 2 metre 20 santimetre \u00e7ap\u0131ndaki betonarme borunun hasar g\u00f6ren b\u00f6l\u00fcm\u00fc yerinden \u00e7\u0131kar\u0131ld\u0131 ve yeni par\u00e7alar\u0131n ba\u011flant\u0131 \u00e7al\u0131\u015fmalar\u0131 ba\u015flad\u0131.<\/p>\n<p>25 Aral\u0131k 2019 \u00c7ar\u015famba g\u00fcn\u00fc su verilecek<\/p>\n<p>Ar\u0131zan\u0131n ya\u015fand\u0131\u011f\u0131 ilk saatlerden itibaren 30 ki\u015filik ekiple 3 vardiya halinde aral\u0131ks\u0131z \u00e7al\u0131\u015fan \u0130ZSU Genel M\u00fcd\u00fcrl\u00fc\u011f\u00fcn\u00fcn teknik birimleri, \u00e7elik borular\u0131n kaynak i\u015flemlerinin ard\u0131ndan betonlama i\u015flemine ge\u00e7ecek. Kaz\u0131lan yerin kapat\u0131lmas\u0131yla birlikte hatta su verilece\u011fi, yetkililerin kesinti yap\u0131lan b\u00f6lgelere en ge\u00e7 25 Aral\u0131k 2019 \u00c7ar\u015famba g\u00fcn\u00fcnden itibaren su verilmesinin planland\u0131\u011f\u0131n\u0131 duyurdu. Bu s\u00fcreyi daha da \u00f6ne \u00e7ekebilmek i\u00e7inse \u00e7al\u0131\u015fmalar\u0131n s\u00fcrd\u00fc\u011f\u00fc bildirildi.<\/p>\n<p>\u00d6te yandan \u0130ZSU Genel M\u00fcd\u00fcrl\u00fc\u011f\u00fc, ba\u015fta okullar olmak \u00fczere kamu kurumlar\u0131n\u0131n zorunlu ihtiya\u00e7lar\u0131n\u0131 kar\u015f\u0131lamak \u00fczere tankerlerle su takviyesinde bulundu.<\/p>\n","protected":false},"excerpt":{"rendered":"<p>EK\u0130PLER, TAHTALI BARAJININ 100 K\u0130LOMETREL\u0130K ANA \u0130SALE HATTINDA MEYDANA GELEN B\u00dcY\u00dcK \u00c7APLI ARIZANIN G\u0130DER\u0130LMES\u0130 \u0130\u00c7\u0130N OLUMSUZ HAVA \u015eARTLARINA RA\u011eMEN KES\u0130NT\u0130S\u0130Z \u00c7ALI\u015eARAK SABAHA KADAR MESA\u0130 YAPTI.<\/p>\n","protected":false},"author":1,"featured_media":246293,"comment_status":"closed","ping_status":"open","sticky":false,"template":"","format":"standard","meta":{"jetpack_post_was_ever_published":false,"_jetpack_newsletter_access":"","_jetpack_dont_email_post_to_subs":false,"_jetpack_newsletter_tier_id":0,"_jetpack_memberships_contains_paywalled_content":false,"_jetpack_memberships_contains_paid_content":false,"footnotes":"","jetpack_publicize_message":"","jetpack_publicize_feature_enabled":true,"jetpack_social_post_already_shared":true,"jetpack_social_options":{"image_generator_settings":{"template":"highway","default_image_id":0,"font":"","enabled":false},"version":2}},"categories":[1],"tags":[61243,26428,3818,18012,3576,44,1554,3401,20383],"class_list":["post-246292","post","type-post","status-publish","format-standard","has-post-thumbnail","hentry","category-genel","tag-alarmda","tag-ariza","tag-binlerce","tag-birakan","tag-ekipler","tag-icin","tag-izmirde","tag-kisiyi","tag-susuz"],"jetpack_publicize_connections":[],"jetpack_featured_media_url":"https:\/\/i0.wp.com\/www.tvturk.com\/wp-content\/uploads\/2019\/12\/izmirde-binlerce-kisiyi-susuz-birakan-ariza-icin-ekipler-alarmda_793a140.jpg?fit=1000%2C662","jetpack_sharing_enabled":true,"jetpack_shortlink":"https:\/\/wp.me\/paKIfm-124s","_links":{"self":[{"href":"http:\/\/www.tvturk.com\/index.php\/wp-json\/wp\/v2\/posts\/246292","targetHints":{"allow":["GET"]}}],"collection":[{"href":"http:\/\/www.tvturk.com\/index.php\/wp-json\/wp\/v2\/posts"}],"about":[{"href":"http:\/\/www.tvturk.com\/index.php\/wp-json\/wp\/v2\/types\/post"}],"author":[{"embeddable":true,"href":"http:\/\/www.tvturk.com\/index.php\/wp-json\/wp\/v2\/users\/1"}],"replies":[{"embeddable":true,"href":"http:\/\/www.tvturk.com\/index.php\/wp-json\/wp\/v2\/comments?post=246292"}],"version-history":[{"count":0,"href":"http:\/\/www.tvturk.com\/index.php\/wp-json\/wp\/v2\/posts\/246292\/revisions"}],"wp:featuredmedia":[{"embeddable":true,"href":"http:\/\/www.tvturk.com\/index.php\/wp-json\/wp\/v2\/media\/246293"}],"wp:attachment":[{"href":"http:\/\/www.tvturk.com\/index.php\/wp-json\/wp\/v2\/media?parent=246292"}],"wp:term":[{"taxonomy":"category","embeddable":true,"href":"http:\/\/www.tvturk.com\/index.php\/wp-json\/wp\/v2\/categories?post=246292"},{"taxonomy":"post_tag","embeddable":true,"href":"http:\/\/www.tvturk.com\/index.php\/wp-json\/wp\/v2\/tags?post=246292"}],"curies":[{"name":"wp","href":"https:\/\/api.w.org\/{rel}","templated":true}]}}