{"id":246312,"date":"2019-12-23T14:02:32","date_gmt":"2019-12-23T11:02:32","guid":{"rendered":"http:\/\/www.tvturk.com\/index.php\/denizlide-kar-yagisi\/"},"modified":"2019-12-23T14:02:32","modified_gmt":"2019-12-23T11:02:32","slug":"denizlide-kar-yagisi","status":"publish","type":"post","link":"http:\/\/www.tvturk.com\/index.php\/denizlide-kar-yagisi\/","title":{"rendered":"Denizli\u2019de kar ya\u011f\u0131\u015f\u0131"},"content":{"rendered":"<p>Denizli\u2019nin y\u00fcksek kesimleri ile baz\u0131 il\u00e7eleri, ya\u011fan kar ile beyaza b\u00fcr\u00fcnd\u00fc.<\/p>\n<p>Kentte d\u00fcn gece etkili olan sa\u011fanak ya\u011fmur, sabah saatlerinde y\u00fcksek kesimlerde yerini kara b\u0131rakt\u0131. Kentin en y\u00fcksek kesimlerinden Ba\u011fba\u015f\u0131 Yaylas\u0131 ile Tavas il\u00e7esinde kar s\u00fcrprizi ya\u015fand\u0131. Tavas Aydogdu Mahallesi, ya\u011fan karla beyaza b\u00fcr\u00fcnd\u00fc.<\/p>\n<p>Kar s\u00fcrprizinin tad\u0131n\u0131 en \u00e7ok \u00e7\u0131karanlar ise \u00e7ocuklar oldu.<\/p>\n","protected":false},"excerpt":{"rendered":"<p>DEN\u0130ZL\u0130\u2019N\u0130N Y\u00dcKSEK KES\u0130MLER\u0130 \u0130LE BAZI \u0130L\u00c7ELER\u0130, YA\u011eAN KAR \u0130LE BEYAZA B\u00dcR\u00dcND\u00dc.<\/p>\n","protected":false},"author":1,"featured_media":246313,"comment_status":"closed","ping_status":"open","sticky":false,"template":"","format":"standard","meta":{"jetpack_post_was_ever_published":false,"_jetpack_newsletter_access":"","_jetpack_dont_email_post_to_subs":false,"_jetpack_newsletter_tier_id":0,"_jetpack_memberships_contains_paywalled_content":false,"_jetpack_memberships_contains_paid_content":false,"footnotes":"","jetpack_publicize_message":"","jetpack_publicize_feature_enabled":true,"jetpack_social_post_already_shared":true,"jetpack_social_options":{"image_generator_settings":{"template":"highway","default_image_id":0,"font":"","enabled":false},"version":2}},"categories":[1],"tags":[188,878,879],"class_list":["post-246312","post","type-post","status-publish","format-standard","has-post-thumbnail","hentry","category-genel","tag-denizlide","tag-kar","tag-yagisi"],"jetpack_publicize_connections":[],"jetpack_featured_media_url":"https:\/\/i0.wp.com\/www.tvturk.com\/wp-content\/uploads\/2019\/12\/denizlide-kar-yagisi_d4fe2f1.jpg?fit=720%2C960","jetpack_sharing_enabled":true,"jetpack_shortlink":"https:\/\/wp.me\/paKIfm-124M","_links":{"self":[{"href":"http:\/\/www.tvturk.com\/index.php\/wp-json\/wp\/v2\/posts\/246312","targetHints":{"allow":["GET"]}}],"collection":[{"href":"http:\/\/www.tvturk.com\/index.php\/wp-json\/wp\/v2\/posts"}],"about":[{"href":"http:\/\/www.tvturk.com\/index.php\/wp-json\/wp\/v2\/types\/post"}],"author":[{"embeddable":true,"href":"http:\/\/www.tvturk.com\/index.php\/wp-json\/wp\/v2\/users\/1"}],"replies":[{"embeddable":true,"href":"http:\/\/www.tvturk.com\/index.php\/wp-json\/wp\/v2\/comments?post=246312"}],"version-history":[{"count":0,"href":"http:\/\/www.tvturk.com\/index.php\/wp-json\/wp\/v2\/posts\/246312\/revisions"}],"wp:featuredmedia":[{"embeddable":true,"href":"http:\/\/www.tvturk.com\/index.php\/wp-json\/wp\/v2\/media\/246313"}],"wp:attachment":[{"href":"http:\/\/www.tvturk.com\/index.php\/wp-json\/wp\/v2\/media?parent=246312"}],"wp:term":[{"taxonomy":"category","embeddable":true,"href":"http:\/\/www.tvturk.com\/index.php\/wp-json\/wp\/v2\/categories?post=246312"},{"taxonomy":"post_tag","embeddable":true,"href":"http:\/\/www.tvturk.com\/index.php\/wp-json\/wp\/v2\/tags?post=246312"}],"curies":[{"name":"wp","href":"https:\/\/api.w.org\/{rel}","templated":true}]}}