{"id":246392,"date":"2019-12-23T16:03:12","date_gmt":"2019-12-23T13:03:12","guid":{"rendered":"http:\/\/www.tvturk.com\/index.php\/isik-ata-sporumuz-guresi-gelecek-nesillere-tasimaliyiz\/"},"modified":"2019-12-23T16:03:12","modified_gmt":"2019-12-23T13:03:12","slug":"isik-ata-sporumuz-guresi-gelecek-nesillere-tasimaliyiz","status":"publish","type":"post","link":"http:\/\/www.tvturk.com\/index.php\/isik-ata-sporumuz-guresi-gelecek-nesillere-tasimaliyiz\/","title":{"rendered":"I\u015f\u0131k: \u201cAta sporumuz g\u00fcre\u015fi gelecek nesillere ta\u015f\u0131mal\u0131y\u0131z\u201d"},"content":{"rendered":"<p>G\u00fcrsu Belediyesi ve Gen\u00e7lik Hizmetleri ve Spor \u0130l\u00e7e M\u00fcd\u00fcrl\u00fc\u011f\u00fc i\u015f birli\u011fiyle \u015fehit belediye ba\u015fkan\u0131 C\u00fcneyt Y\u0131ld\u0131z ad\u0131na d\u00fczenlenen Uluslararas\u0131 G\u00fcre\u015f Turnuvas\u0131\u2019nda gen\u00e7 sporcular k\u0131yas\u0131ya yar\u0131\u015ft\u0131.<\/p>\n<p>G\u00fcrsu Kapal\u0131 Spor Salonu\u2019nda ger\u00e7ekle\u015ftirilen Uluslararas\u0131 G\u00fcre\u015f Turnuvas\u0131\u2019na yurtd\u0131\u015f\u0131ndan, Bursa ve \u00e7evre vilayetlerden gelen sporcular kat\u0131ld\u0131. G\u00fcrsu Belediye Ba\u015fkan\u0131 Mustafa I\u015f\u0131k, \u201cAta sporlar\u0131m\u0131zdan g\u00fcre\u015fin ya\u015fat\u0131larak gelecek nesillere ta\u015f\u0131nmas\u0131na katk\u0131 sa\u011flamak hepimizin g\u00f6revi. \u015eehit Belediye Ba\u015fkan\u0131m\u0131z C\u00fcneyt Y\u0131ld\u0131z\u2019\u0131n ad\u0131n\u0131 ta\u015f\u0131mas\u0131yla da bizim i\u00e7in de\u011ferli olan bu turnuvan\u0131n, ata sporumuz olan g\u00fcre\u015fin gen\u00e7lerimizin hassasiyetiyle gelece\u011fe ta\u015f\u0131nmas\u0131na katk\u0131 sa\u011flamas\u0131n\u0131 diliyorum. \u015eehit ba\u015fkan\u0131m\u0131z\u0131n bize emaneti olan G\u00fcrsu\u2019muzun b\u00fct\u00fcn spor dallar\u0131n\u0131n yap\u0131labilece\u011fi tesislere sahip olmas\u0131 y\u00f6n\u00fcnde \u00f6nemli hizmetler ger\u00e7ekle\u015ftirdik. Gen\u00e7lerimizin ve t\u00fcm hem\u015fehrilerimizin rahatl\u0131kla t\u00fcm spor dallar\u0131n\u0131 yapabilece\u011fi \u00f6nemli tesislerimiz ve spor alanlar\u0131m\u0131z var art\u0131k. Bu tesislerimizde yeti\u015fen sporcular\u0131m\u0131z\u0131n \u00fclkemiz ve d\u00fcnya \u00e7ap\u0131nda elde ettikleri ba\u015far\u0131lar bizleri gururland\u0131r\u0131yor. \u0130l\u00e7emize kazand\u0131rd\u0131klar\u0131 ba\u015far\u0131lar i\u00e7in g\u00fcre\u015f\u00e7ilerimizi, antren\u00f6rlerimizi ve eme\u011fi ge\u00e7en herkesi tebrik ediyorum. Sporla dolu sa\u011fl\u0131kl\u0131 g\u00fcnler diliyorum\u201d dedi.<\/p>\n<p>G\u00fcrsu Kaymakam\u0131 Mustafa Ko\u00e7, C\u00fcneyt Y\u0131ld\u0131z\u2019\u0131n babas\u0131 Ahmet Y\u0131ld\u0131z ve il\u00e7e halk\u0131n\u0131n i\u015ftirakiyle  ger\u00e7ekle\u015ftirilen turnuva heyecanl\u0131 anlara sahne oldu.<\/p>\n","protected":false},"excerpt":{"rendered":"<p>G\u00dcRSU BELED\u0130YES\u0130 VE GEN\u00c7L\u0130K H\u0130ZMETLER\u0130 VE SPOR \u0130L\u00c7E M\u00dcD\u00dcRL\u00dc\u011e\u00dc \u0130\u015e B\u0130RL\u0130\u011e\u0130YLE \u015eEH\u0130T BELED\u0130YE BA\u015eKANI C\u00dcNEYT YILDIZ ADINA D\u00dcZENLENEN ULUSLARARASI G\u00dcRE\u015e TURNUVASI\u2019NDA GEN\u00c7 SPORCULAR KIYASIYA YARI\u015eTI.<\/p>\n","protected":false},"author":1,"featured_media":246393,"comment_status":"closed","ping_status":"open","sticky":false,"template":"","format":"standard","meta":{"jetpack_post_was_ever_published":false,"_jetpack_newsletter_access":"","_jetpack_dont_email_post_to_subs":false,"_jetpack_newsletter_tier_id":0,"_jetpack_memberships_contains_paywalled_content":false,"_jetpack_memberships_contains_paid_content":false,"footnotes":"","jetpack_publicize_message":"","jetpack_publicize_feature_enabled":true,"jetpack_social_post_already_shared":true,"jetpack_social_options":{"image_generator_settings":{"template":"highway","default_image_id":0,"font":"","enabled":false},"version":2}},"categories":[657],"tags":[9026,81,5658,1568,30299,61267,59660],"class_list":["post-246392","post","type-post","status-publish","format-standard","has-post-thumbnail","hentry","category-spor","tag-ata","tag-gelecek","tag-guresi","tag-isik","tag-nesillere","tag-sporumuz","tag-tasimaliyiz"],"jetpack_publicize_connections":[],"jetpack_featured_media_url":"https:\/\/i0.wp.com\/www.tvturk.com\/wp-content\/uploads\/2019\/12\/isik-ata-sporumuz-guresi-gelecek-nesillere-tasimaliyiz_89f0cb9.jpg?fit=1000%2C666","jetpack_sharing_enabled":true,"jetpack_shortlink":"https:\/\/wp.me\/paKIfm-1264","_links":{"self":[{"href":"http:\/\/www.tvturk.com\/index.php\/wp-json\/wp\/v2\/posts\/246392","targetHints":{"allow":["GET"]}}],"collection":[{"href":"http:\/\/www.tvturk.com\/index.php\/wp-json\/wp\/v2\/posts"}],"about":[{"href":"http:\/\/www.tvturk.com\/index.php\/wp-json\/wp\/v2\/types\/post"}],"author":[{"embeddable":true,"href":"http:\/\/www.tvturk.com\/index.php\/wp-json\/wp\/v2\/users\/1"}],"replies":[{"embeddable":true,"href":"http:\/\/www.tvturk.com\/index.php\/wp-json\/wp\/v2\/comments?post=246392"}],"version-history":[{"count":0,"href":"http:\/\/www.tvturk.com\/index.php\/wp-json\/wp\/v2\/posts\/246392\/revisions"}],"wp:featuredmedia":[{"embeddable":true,"href":"http:\/\/www.tvturk.com\/index.php\/wp-json\/wp\/v2\/media\/246393"}],"wp:attachment":[{"href":"http:\/\/www.tvturk.com\/index.php\/wp-json\/wp\/v2\/media?parent=246392"}],"wp:term":[{"taxonomy":"category","embeddable":true,"href":"http:\/\/www.tvturk.com\/index.php\/wp-json\/wp\/v2\/categories?post=246392"},{"taxonomy":"post_tag","embeddable":true,"href":"http:\/\/www.tvturk.com\/index.php\/wp-json\/wp\/v2\/tags?post=246392"}],"curies":[{"name":"wp","href":"https:\/\/api.w.org\/{rel}","templated":true}]}}