{"id":246402,"date":"2019-12-23T16:16:54","date_gmt":"2019-12-23T13:16:54","guid":{"rendered":"http:\/\/www.tvturk.com\/index.php\/sarikamis-sehitleri-osmangazide-anildi\/"},"modified":"2019-12-23T16:16:54","modified_gmt":"2019-12-23T13:16:54","slug":"sarikamis-sehitleri-osmangazide-anildi","status":"publish","type":"post","link":"http:\/\/www.tvturk.com\/index.php\/sarikamis-sehitleri-osmangazide-anildi\/","title":{"rendered":"Sar\u0131kam\u0131\u015f \u015fehitleri Osmangazi\u2019de an\u0131ld\u0131"},"content":{"rendered":"<p>Osmangazi Belediyesi, binlerce askerin \u015fehit d\u00fc\u015ft\u00fc\u011f\u00fc Sar\u0131kam\u0131\u015f harek\u00e2t\u0131n\u0131n 105\u2019nci y\u0131l\u0131nda bir anma program\u0131 d\u00fczenledi.<\/p>\n<p>Panorama 1326 Bursa Fetih M\u00fczesi\u2019nde ger\u00e7ekle\u015ftirilen panelde Dr. Hacer Karaba\u011f, Sar\u0131kam\u0131\u015f harek\u00e2t\u0131 ile ilgili bilgiler verdi. Birinci D\u00fcnya Sava\u015f\u0131 s\u0131ras\u0131nda Osmanl\u0131 ordusunun Rus i\u015fg\u00e2li alt\u0131ndaki topraklar\u0131 kurtarmak i\u00e7in ba\u015flatt\u0131\u011f\u0131 ve \u00e7ok say\u0131da askerin \u015fehit d\u00fc\u015ft\u00fc\u011f\u00fc Sar\u0131kam\u0131\u015f harek\u00e2t\u0131n\u0131n   manev\u00ee bak\u0131mdan y\u00fcreklerde bir yara oldu\u011funu belirten Karaba\u011f, \u201cSar\u0131kam\u0131\u015f harek\u00e2t\u0131, aradan ge\u00e7en 105 y\u0131la ra\u011fmen bu toplumun i\u00e7indeki en b\u00fcy\u00fck ac\u0131lardan biridir. \u00c7\u00fcnk\u00fc binlerce askerimiz \u00f6zellikle y\u00f6redeki \u00e7at\u0131\u015fmalar ve dondurucu so\u011fuklar sebebiyle \u015fehit oldu. Bizler, tarihin ortanca \u00e7ocuklar\u0131 olarak \u00f6yle bir d\u00f6nemdeyiz ki kriz, sava\u015f ya da buhran g\u00f6rmedik. Fakat, tarihimiz bizim g\u00f6rmedi\u011fimiz ac\u0131lar\u0131 adeta i\u00e7imizde hissettirdi\u201d dedi.<\/p>\n<p>\u00d6zellikle gen\u00e7lere tarih \u015fuuru a\u015f\u0131lanmas\u0131 gerekti\u011fini ifade eden Karaba\u011f, \u201cGen\u00e7lerimizin mill\u00ee \u015fuurla yeti\u015fmesi, tarihini bilmesi ve ecdad\u0131na sayg\u0131 g\u00f6stermesi olduk\u00e7a \u00f6nemlidir. Bu sebeple konferans\u0131m\u0131zda harekat\u0131n ortaya \u00e7\u0131k\u0131\u015f\u0131, Kafkas cephesinin sebepleri, ba\u015far\u0131s\u0131zl\u0131\u011f\u0131n sebepleri  \u00fczerinde konu\u015ftuk. Bunlar\u0131 \u00e7e\u015fitli istatik\u00ee verilerle ortaya koyduk. B\u00fct\u00fcn kaynaklar\u0131n birle\u015fti\u011fi ortak noktan\u0131n Sar\u0131kam\u0131\u015f\u2019ta T\u00fcrk askerinin b\u00fcy\u00fck kahramanl\u0131\u011f\u0131 ve \u00f6zverili sava\u015f\u0131 oldu\u011funu g\u00f6rd\u00fck. Ayr\u0131ca kahraman ecdad\u0131m\u0131z\u0131 gen\u00e7lerimiz ile anmaktan b\u00fcy\u00fck gurur duyduk\u201d diye konu\u015ftu.<\/p>\n<p>Panelin ard\u0131ndan Osmangazi Belediye Ba\u015fkan Yard\u0131mc\u0131s\u0131 Raif Endar, Dr. Hacer Karaba\u011f\u2019a te\u015fekk\u00fcr etti.<\/p>\n","protected":false},"excerpt":{"rendered":"<p>OSMANGAZ\u0130 BELED\u0130YES\u0130, B\u0130NLERCE ASKER\u0130N \u015eEH\u0130T D\u00dc\u015eT\u00dc\u011e\u00dc SARIKAMI\u015e HAREK\u00c2TININ 105\u2019NC\u0130 YILINDA B\u0130R ANMA PROGRAMI D\u00dcZENLED\u0130.<\/p>\n","protected":false},"author":1,"featured_media":246403,"comment_status":"closed","ping_status":"open","sticky":false,"template":"","format":"standard","meta":{"jetpack_post_was_ever_published":false,"_jetpack_newsletter_access":"","_jetpack_dont_email_post_to_subs":false,"_jetpack_newsletter_tier_id":0,"_jetpack_memberships_contains_paywalled_content":false,"_jetpack_memberships_contains_paid_content":false,"footnotes":"","jetpack_publicize_message":"","jetpack_publicize_feature_enabled":true,"jetpack_social_post_already_shared":true,"jetpack_social_options":{"image_generator_settings":{"template":"highway","default_image_id":0,"font":"","enabled":false},"version":2}},"categories":[1],"tags":[241,3076,1665,9758],"class_list":["post-246402","post","type-post","status-publish","format-standard","has-post-thumbnail","hentry","category-genel","tag-anildi","tag-osmangazide","tag-sarikamis","tag-sehitleri"],"jetpack_publicize_connections":[],"jetpack_featured_media_url":"https:\/\/i0.wp.com\/www.tvturk.com\/wp-content\/uploads\/2019\/12\/sarikamis-sehitleri-osmangazide-anildi_a4a9316.jpg?fit=1000%2C717","jetpack_sharing_enabled":true,"jetpack_shortlink":"https:\/\/wp.me\/paKIfm-126e","_links":{"self":[{"href":"http:\/\/www.tvturk.com\/index.php\/wp-json\/wp\/v2\/posts\/246402","targetHints":{"allow":["GET"]}}],"collection":[{"href":"http:\/\/www.tvturk.com\/index.php\/wp-json\/wp\/v2\/posts"}],"about":[{"href":"http:\/\/www.tvturk.com\/index.php\/wp-json\/wp\/v2\/types\/post"}],"author":[{"embeddable":true,"href":"http:\/\/www.tvturk.com\/index.php\/wp-json\/wp\/v2\/users\/1"}],"replies":[{"embeddable":true,"href":"http:\/\/www.tvturk.com\/index.php\/wp-json\/wp\/v2\/comments?post=246402"}],"version-history":[{"count":0,"href":"http:\/\/www.tvturk.com\/index.php\/wp-json\/wp\/v2\/posts\/246402\/revisions"}],"wp:featuredmedia":[{"embeddable":true,"href":"http:\/\/www.tvturk.com\/index.php\/wp-json\/wp\/v2\/media\/246403"}],"wp:attachment":[{"href":"http:\/\/www.tvturk.com\/index.php\/wp-json\/wp\/v2\/media?parent=246402"}],"wp:term":[{"taxonomy":"category","embeddable":true,"href":"http:\/\/www.tvturk.com\/index.php\/wp-json\/wp\/v2\/categories?post=246402"},{"taxonomy":"post_tag","embeddable":true,"href":"http:\/\/www.tvturk.com\/index.php\/wp-json\/wp\/v2\/tags?post=246402"}],"curies":[{"name":"wp","href":"https:\/\/api.w.org\/{rel}","templated":true}]}}