{"id":246438,"date":"2019-12-23T17:01:30","date_gmt":"2019-12-23T14:01:30","guid":{"rendered":"http:\/\/www.tvturk.com\/index.php\/kievde-turk-ogrencilerin-de-yasadigi-yurtta-yangin-cikti\/"},"modified":"2019-12-23T17:01:30","modified_gmt":"2019-12-23T14:01:30","slug":"kievde-turk-ogrencilerin-de-yasadigi-yurtta-yangin-cikti","status":"publish","type":"post","link":"http:\/\/www.tvturk.com\/index.php\/kievde-turk-ogrencilerin-de-yasadigi-yurtta-yangin-cikti\/","title":{"rendered":"Kiev\u2019de T\u00fcrk \u00f6\u011frencilerin de ya\u015fad\u0131\u011f\u0131 yurtta yang\u0131n \u00e7\u0131kt\u0131"},"content":{"rendered":"<p>Ukrayna\u2019n\u0131n ba\u015fkenti Kiev\u2019de, T\u00fcrk \u00f6\u011frencilerin e\u011fitim g\u00f6rd\u00fc\u011f\u00fc \u00fcniversitenin yurdunda yang\u0131n \u00e7\u0131kt\u0131.<\/p>\n<p>Ba\u015fkent Kiev\u2019de bulunan, T\u00fcrk \u00f6\u011frencilerin de e\u011fitim ald\u0131\u011f\u0131 Ulusal Havac\u0131l\u0131k \u00dcniversitesi (NAU) yurdunda sabah\u0131n erken saatlerinde yang\u0131n \u00e7\u0131kt\u0131. \u00dcniversite yetkilileri taraf\u0131ndan yap\u0131lan a\u00e7\u0131klamada, \u00f6len ya da yaralanan\u0131n olmad\u0131\u011f\u0131 bildirildi.<\/p>\n<p>Yang\u0131n\u0131n fark edilmesi \u00fczerine, yurtta kalan 350 \u00f6\u011frencinin h\u0131zl\u0131 bir \u015fekilde binadan tahliye edilmesiyle, b\u00fcy\u00fck bir facia \u00f6nlendi. \u0130tfaiye birimlerince yap\u0131lan a\u00e7\u0131klamada, yang\u0131n yerine ula\u015fan 13 yang\u0131n s\u00f6nd\u00fcrme arac\u0131 ve 34 itfaiyecinin olaya m\u00fcdahale etti\u011fi bildirildi. Yang\u0131n\u0131n \u00e7\u0131k\u0131\u015f nedenine dair ise herhangi bir a\u00e7\u0131klama yap\u0131lmad\u0131.<\/p>\n<p>Ge\u00e7ti\u011fimiz \u015fubat ay\u0131nda ayn\u0131 \u00fcniversitenin, e\u011fitim binas\u0131nda yang\u0131n \u00e7\u0131km\u0131\u015f ve yang\u0131n derste olan \u00f6\u011frenciler aras\u0131nda b\u00fcy\u00fck pani\u011fe yol a\u00e7m\u0131\u015ft\u0131.<\/p>\n","protected":false},"excerpt":{"rendered":"<p>K\u0130EV\u2019DE T\u00dcRK \u00d6\u011eRENC\u0130LER\u0130N DE YA\u015eADI\u011eI YURTTA YANGIN \u00c7IKTI<\/p>\n","protected":false},"author":1,"featured_media":246439,"comment_status":"closed","ping_status":"open","sticky":false,"template":"","format":"standard","meta":{"jetpack_post_was_ever_published":false,"_jetpack_newsletter_access":"","_jetpack_dont_email_post_to_subs":false,"_jetpack_newsletter_tier_id":0,"_jetpack_memberships_contains_paywalled_content":false,"_jetpack_memberships_contains_paid_content":false,"footnotes":"","jetpack_publicize_message":"","jetpack_publicize_feature_enabled":true,"jetpack_social_post_already_shared":true,"jetpack_social_options":{"image_generator_settings":{"template":"highway","default_image_id":0,"font":"","enabled":false},"version":2}},"categories":[10],"tags":[1202,16136,4503,957,1617,9095,1273],"class_list":["post-246438","post","type-post","status-publish","format-standard","has-post-thumbnail","hentry","category-dunya","tag-cikti","tag-kievde","tag-ogrencilerin","tag-turk","tag-yangin","tag-yasadigi","tag-yurtta"],"jetpack_publicize_connections":[],"jetpack_featured_media_url":"https:\/\/i0.wp.com\/www.tvturk.com\/wp-content\/uploads\/2019\/12\/kievde-turk-ogrencilerin-de-yasadigi-yurtta-yangin-cikti_6ee4c65.jpg?fit=1000%2C562","jetpack_sharing_enabled":true,"jetpack_shortlink":"https:\/\/wp.me\/paKIfm-126O","_links":{"self":[{"href":"http:\/\/www.tvturk.com\/index.php\/wp-json\/wp\/v2\/posts\/246438","targetHints":{"allow":["GET"]}}],"collection":[{"href":"http:\/\/www.tvturk.com\/index.php\/wp-json\/wp\/v2\/posts"}],"about":[{"href":"http:\/\/www.tvturk.com\/index.php\/wp-json\/wp\/v2\/types\/post"}],"author":[{"embeddable":true,"href":"http:\/\/www.tvturk.com\/index.php\/wp-json\/wp\/v2\/users\/1"}],"replies":[{"embeddable":true,"href":"http:\/\/www.tvturk.com\/index.php\/wp-json\/wp\/v2\/comments?post=246438"}],"version-history":[{"count":0,"href":"http:\/\/www.tvturk.com\/index.php\/wp-json\/wp\/v2\/posts\/246438\/revisions"}],"wp:featuredmedia":[{"embeddable":true,"href":"http:\/\/www.tvturk.com\/index.php\/wp-json\/wp\/v2\/media\/246439"}],"wp:attachment":[{"href":"http:\/\/www.tvturk.com\/index.php\/wp-json\/wp\/v2\/media?parent=246438"}],"wp:term":[{"taxonomy":"category","embeddable":true,"href":"http:\/\/www.tvturk.com\/index.php\/wp-json\/wp\/v2\/categories?post=246438"},{"taxonomy":"post_tag","embeddable":true,"href":"http:\/\/www.tvturk.com\/index.php\/wp-json\/wp\/v2\/tags?post=246438"}],"curies":[{"name":"wp","href":"https:\/\/api.w.org\/{rel}","templated":true}]}}