{"id":246476,"date":"2019-12-23T18:46:35","date_gmt":"2019-12-23T15:46:35","guid":{"rendered":"http:\/\/www.tvturk.com\/index.php\/pau-ve-pademden-ortak-gezi\/"},"modified":"2019-12-23T18:46:35","modified_gmt":"2019-12-23T15:46:35","slug":"pau-ve-pademden-ortak-gezi","status":"publish","type":"post","link":"http:\/\/www.tvturk.com\/index.php\/pau-ve-pademden-ortak-gezi\/","title":{"rendered":"Pa\u00fc ve Padem\u2019den ortak gezi"},"content":{"rendered":"<p>D\u00fcnya\u2019n\u0131n farkl\u0131 co\u011frafyalar\u0131ndan Pamukkale \u00dcniversitesi (PA\u00dc)\u2019y\u00fc tercih eden lisans ve \u00f6n lisans \u00f6\u011frencileri ve PA\u00dc Dil \u00d6\u011fretimi Uygulama ve Ara\u015ft\u0131rma Merkezi\u2019nde (PADAM) \u00f6\u011frenim g\u00f6ren yakla\u015f\u0131k 80 \u00f6\u011frenci Buldan il\u00e7esini ve Tripolis Antik Kenti\u2019ni gezdi.<\/p>\n<p>Yabanc\u0131 uyruklu \u00f6\u011frencilerin Denizli\u2019ye al\u0131\u015fmalar\u0131n\u0131 kolayla\u015ft\u0131rmak ve Denizli K\u00fclt\u00fcr\u00fc\u2019n\u00fc tan\u0131t\u0131m amac\u0131yla PA\u00dc taraf\u0131ndan d\u00fczenlenen organizasyona Rekt\u00f6r Prof. Dr. H\u00fcseyin Ba\u011f, PADAM M\u00fcd\u00fcr\u00fc \u00d6\u011fr. G\u00f6r. Dr. Erdost \u00d6zkan, PADAM M\u00fcd\u00fcr Yard\u0131mc\u0131s\u0131 \u00d6\u011fr. G\u00f6r. Mehmet Sar\u0131k\u00f6se, Sa\u011fl\u0131k K\u00fclt\u00fcr ve Spor Daire Ba\u015fkan\u0131 Fatih Mehmet Demir, PADAM\u2019da T\u00fcrk\u00e7e e\u011fitim veren \u00f6\u011fretim g\u00f6revlileri ve \u00f6\u011frenciler kat\u0131ld\u0131.<\/p>\n<p>PA\u00dc Fen Edebiyat Fak\u00fcltesi Arkeoloji B\u00f6l\u00fcm\u00fc \u00d6\u011fretim \u00dcyesi, Arkeoloji Enstit\u00fcs\u00fc M\u00fcd\u00fcr Yard\u0131mc\u0131s\u0131 ve Tripolis Antik Kenti Kaz\u0131 Ba\u015fkan\u0131 Do\u00e7. Dr. Bahad\u0131r Duman, kaz\u0131 \u00e7al\u0131\u015fmalar\u0131 hakk\u0131nda \u00f6\u011frencilere bilgi verdi. Duman, kentin yakla\u015f\u0131k 2,5 kilometre karelik bir alana sahip oldu\u011funu, bunun sadece y\u00fczde 5\u2019lik k\u0131sm\u0131nda kaz\u0131 ve restorasyon \u00e7al\u0131\u015fmas\u0131 yap\u0131ld\u0131\u011f\u0131n\u0131 belirtti. Planl\u0131 bir \u015fehircilik \u00f6rne\u011finin g\u00f6r\u00fcld\u00fc\u011f\u00fc Antik kentteki ilk yerle\u015fim izlerinin: M.\u00d6. 5500\u2019l\u00fc y\u0131llardan ba\u015flayarak MS. 13.y\u00fcz y\u0131la kadar devam etti\u011fini belirtirken. &#8220;Do\u011fal afetler sonucu zamanla toprak alt\u0131nda kalan kentin, kaz\u0131 \u00e7al\u0131\u015fmalar\u0131yla olduk\u00e7a sa\u011flam bir \u015fekilde g\u00fcn \u0131\u015f\u0131\u011f\u0131na \u00e7\u0131kart\u0131ld\u0131\u011f\u0131n\u0131.\u201d ifade etti.<\/p>\n<p>Antik Kentte Kendi \u00dclkelerinin Y\u00f6resel Danslar\u0131n\u0131 ve Damat Halay\u0131n\u0131 Oynad\u0131lar<\/p>\n<p>Farkl\u0131 \u00fclkelerden gelen \u00f6\u011frenciler gezi s\u0131ras\u0131nda antik d\u00f6nemde halk\u0131n toplanma ve ticaret alan\u0131 olarak kullan\u0131lan kentin agoras\u0131nda m\u00fczik e\u015fli\u011finde \u00fclkelerine \u00f6zg\u00fcn danslar\u0131n\u0131 sergilemelerinin ard\u0131ndan Rekt\u00f6r Ba\u011f ile beraber damat halay\u0131 \u00e7ektiler.<\/p>\n<p>Antik kent gezisinin ard\u0131ndan program ,Buldan il\u00e7esine yap\u0131lan ziyaretle devam etti. Buldan Belediyesi yetkilileri taraf\u0131ndan, Belediye El Sanatlar\u0131 ve K\u00fclt\u00fcr Merkezi bah\u00e7esinde \u00f6\u011frencilere y\u00f6resel simit ve \u00e7ay ikram edildi.<\/p>\n<p>D\u00fczenlenen organizasyonlar ile ilgili konu\u015fan Ba\u011f, &#8220;Lisans veya lisans \u00fcst\u00fc e\u011fitimlerinin tamam\u0131n\u0131 Pamukkale \u00dcniversitesi\u2019nde almak i\u00e7in D\u00fcnya\u2019n\u0131n farkl\u0131 co\u011frafyalar\u0131ndan gelen de\u011ferli \u00f6\u011frencilerimize e\u011fitim hayatlar\u0131 s\u00fcresince bu t\u00fcr programlarla pozitif bilimlerin yan\u0131nda \u00fclkemizin k\u00fclt\u00fcr\u00fcn\u00fc de anlataca\u011f\u0131z. D\u00fczenledi\u011fimiz bu t\u00fcr sosyal etkinliklerle \u00f6\u011frencilerin yerel halk ile bulu\u015fmas\u0131n\u0131 sa\u011flayarak \u00fclkemizle daha s\u0131k\u0131 ba\u011flar kurabilmelerine katk\u0131 sunuyoruz. T\u00fcrk k\u00fclt\u00fcr\u00fcn\u00fc s\u0131n\u0131rlar\u0131m\u0131z\u0131n \u00f6tesine ta\u015f\u0131yacak \u00f6\u011frencilerimize bu ama\u00e7la, iyi e\u011fitim almalar\u0131n\u0131n yan\u0131nda tarihimizi ve k\u00fclt\u00fcr\u00fcm\u00fcz\u00fc de tan\u0131tmak istiyoruz.\u201d diye konu\u015ftu.<\/p>\n<p>Etkinlik g\u00fcn\u00fcn an\u0131s\u0131na tarihi Buldan Sokaklar\u0131nda ger\u00e7ekle\u015ftirilen toplu foto\u011fraf \u00e7ekimi ile sona erdi.<\/p>\n","protected":false},"excerpt":{"rendered":"<p>80 YABANCI \u00d6\u011eRENC\u0130 BULDAN \u0130L\u00c7ES\u0130 VE TR\u0130POL\u0130S ANT\u0130K KEND\u0130 GEZD\u0130<\/p>\n","protected":false},"author":1,"featured_media":246477,"comment_status":"closed","ping_status":"open","sticky":false,"template":"","format":"standard","meta":{"jetpack_post_was_ever_published":false,"_jetpack_newsletter_access":"","_jetpack_dont_email_post_to_subs":false,"_jetpack_newsletter_tier_id":0,"_jetpack_memberships_contains_paywalled_content":false,"_jetpack_memberships_contains_paid_content":false,"footnotes":"","jetpack_publicize_message":"","jetpack_publicize_feature_enabled":true,"jetpack_social_post_already_shared":true,"jetpack_social_options":{"image_generator_settings":{"template":"highway","default_image_id":0,"font":"","enabled":false},"version":2}},"categories":[1],"tags":[12541,947,61279,4408],"class_list":["post-246476","post","type-post","status-publish","format-standard","has-post-thumbnail","hentry","category-genel","tag-gezi","tag-ortak","tag-pademden","tag-pau"],"jetpack_publicize_connections":[],"jetpack_featured_media_url":"https:\/\/i0.wp.com\/www.tvturk.com\/wp-content\/uploads\/2019\/12\/pau-ve-pademden-ortak-gezi_85ed909.jpg?fit=1000%2C666","jetpack_sharing_enabled":true,"jetpack_shortlink":"https:\/\/wp.me\/paKIfm-127q","_links":{"self":[{"href":"http:\/\/www.tvturk.com\/index.php\/wp-json\/wp\/v2\/posts\/246476","targetHints":{"allow":["GET"]}}],"collection":[{"href":"http:\/\/www.tvturk.com\/index.php\/wp-json\/wp\/v2\/posts"}],"about":[{"href":"http:\/\/www.tvturk.com\/index.php\/wp-json\/wp\/v2\/types\/post"}],"author":[{"embeddable":true,"href":"http:\/\/www.tvturk.com\/index.php\/wp-json\/wp\/v2\/users\/1"}],"replies":[{"embeddable":true,"href":"http:\/\/www.tvturk.com\/index.php\/wp-json\/wp\/v2\/comments?post=246476"}],"version-history":[{"count":0,"href":"http:\/\/www.tvturk.com\/index.php\/wp-json\/wp\/v2\/posts\/246476\/revisions"}],"wp:featuredmedia":[{"embeddable":true,"href":"http:\/\/www.tvturk.com\/index.php\/wp-json\/wp\/v2\/media\/246477"}],"wp:attachment":[{"href":"http:\/\/www.tvturk.com\/index.php\/wp-json\/wp\/v2\/media?parent=246476"}],"wp:term":[{"taxonomy":"category","embeddable":true,"href":"http:\/\/www.tvturk.com\/index.php\/wp-json\/wp\/v2\/categories?post=246476"},{"taxonomy":"post_tag","embeddable":true,"href":"http:\/\/www.tvturk.com\/index.php\/wp-json\/wp\/v2\/tags?post=246476"}],"curies":[{"name":"wp","href":"https:\/\/api.w.org\/{rel}","templated":true}]}}