{"id":246482,"date":"2019-12-23T20:16:12","date_gmt":"2019-12-23T17:16:12","guid":{"rendered":"http:\/\/www.tvturk.com\/index.php\/disisleri-bakani-cavusoglu-gurcistanla-iliskilerimize-cok-onem-veriyoruz\/"},"modified":"2019-12-23T20:16:12","modified_gmt":"2019-12-23T17:16:12","slug":"disisleri-bakani-cavusoglu-gurcistanla-iliskilerimize-cok-onem-veriyoruz","status":"publish","type":"post","link":"http:\/\/www.tvturk.com\/index.php\/disisleri-bakani-cavusoglu-gurcistanla-iliskilerimize-cok-onem-veriyoruz\/","title":{"rendered":"D\u0131\u015fi\u015fleri Bakan\u0131 \u00c7avu\u015fo\u011flu: \u201cG\u00fcrcistan\u2019la ili\u015fkilerimize \u00e7ok \u00f6nem veriyoruz\u201d"},"content":{"rendered":"<p>D\u0131\u015fi\u015fleri Bakan\u0131 Mevl\u00fct \u00c7avu\u015fo\u011flu, Tiflis\u2019te Uluslararas\u0131 G\u00fcrcistan Maarif Okulunun a\u00e7\u0131l\u0131\u015f t\u00f6reninde yapt\u0131\u011f\u0131 a\u00e7\u0131klamada, &#8220;G\u00fcrcistan\u2019la ili\u015fkilerimize \u00e7ok \u00f6nem veriyoruz\u201d dedi.<\/p>\n<p>D\u0131\u015fi\u015fleri Bakan\u0131 Mevl\u00fct \u00c7avu\u015fo\u011flu, temaslarda bulunmak \u00fczere geldi\u011fi G\u00fcrcistan\u2019\u0131n ba\u015fkenti Tiflis\u2019te gazetecilerin sorular\u0131n\u0131 yan\u0131tlad\u0131. Bakan \u00c7avu\u015fo\u011flu, kat\u0131ld\u0131\u011f\u0131 t\u00f6rende 2017 y\u0131l\u0131nda Tiflis\u2019te T\u00fcrk vatanda\u015flar\u0131na y\u00f6nelik e\u011fitim faaliyetlerine ba\u015flayan okulla ilgili olarak, &#8220;95 \u00f6\u011frencisinin oldu\u011fu \u00f6\u011frendim. Bu say\u0131n\u0131n ileriki y\u0131llarda daha \u00e7ok artaca\u011f\u0131n\u0131, yine G\u00fcrcistan\u2019da, sadece Tiflis\u2019te de\u011fil di\u011fer \u015fehirlerde de yeni okullar a\u00e7\u0131laca\u011f\u0131n\u0131 \u015fimdiden s\u00f6ylemek isterim ve buna inan\u0131yoruz. \u00d6zellikle T\u00fcrk\u00e7enin yan\u0131nda G\u00fcrc\u00fcce, \u0130ngilizce ve Rus\u00e7a e\u011fitim vermesi okulumuzun tam anlam\u0131yla uluslararas\u0131 bir okul oldu\u011funun g\u00f6stergesidir\u201d ifadelerini kulland\u0131.<\/p>\n<p>\u00c7avu\u015fo\u011flu, faaliyetlerin y\u00fczden fazla \u00fclkede t\u00fcm h\u0131z\u0131yla s\u00fcrd\u00fc\u011f\u00fcn\u00fc belirterek, \u201c\u015eu ana kadar bu \u00e7al\u0131\u015fmalar 100\u2019den fazla \u00fclkede devam ediyor. Sadece ana okul, ilk\u00f6\u011fretim okulu de\u011fil liseler, \u00fcniversiteler de ba\u015far\u0131yla i\u015fletiliyor. E\u011fitim kalitesi t\u00fcm \u00fclkelerde velilerin ve \u00fclkeleri y\u00f6netenlerin takdirini kazan\u0131yor&#8221; dedi.<\/p>\n<p>\u201c\u00c7in\u2019i, Pekin\u2019i Londra\u2019ya ba\u011fl\u0131yoruz\u201d<\/p>\n<p>E\u011fitim alan \u00f6\u011frencilerin ileride G\u00fcrcistan\u2019da \u00e7al\u0131\u015fmalar yapaca\u011f\u0131n\u0131 vurgulayan Bakan \u00c7avu\u015fo\u011flu, \u201c\u00d6\u011frencilerimiz in\u015fallah burada e\u011fitimini ald\u0131ktan sonra ileride G\u00fcrcistan\u2019a g\u00fczel hizmetler yapacakt\u0131r. G\u00fcrcistan da t\u0131pk\u0131 T\u00fcrkiye gibi, t\u0131pk\u0131 bu b\u00f6lgedeki \u00fclkeler gibi \u00e7ok k\u00fclt\u00fcrl\u00fc, \u00e7ok etnik yap\u0131l\u0131 bir \u00fclkedir ve bu \u00fclkede herkes G\u00fcrcistan\u2019\u0131n gelece\u011fi i\u00e7in iyi e\u011fitim alarak ileride \u00f6nemli g\u00f6revler alacakt\u0131r&#8221; diye konu\u015ftu.<\/p>\n<p>Bakan \u00c7avu\u015fo\u011flu, G\u00fcrcistan-T\u00fcrkiye ili\u015fkilerine verdi\u011fi \u00f6nemi vurgulayarak \u015funlar\u0131 kaydetti:<\/p>\n<p>\u201cG\u00fcrcistan\u2019la ili\u015fkilerimize \u00e7ok \u00f6nem veriyoruz, bizim i\u00e7in \u00f6nemli bir ortak, stratejik bir ortak. Ama G\u00fcrcistan ve Azerbaycan\u2019la birlikte Kafkaslar\u0131n ve bu b\u00f6lgenin istikrar\u0131na da katk\u0131 sa\u011fl\u0131yoruz ve hayata ge\u00e7irdi\u011fimiz projelerle birlikte art\u0131k \u00c7in\u2019i, Pekin\u2019i Londra\u2019ya ba\u011fl\u0131yoruz ve \u00f6n\u00fcm\u00fczdeki s\u00fcre\u00e7te buna benzer \u00f6nemli projeleri hayata ge\u00e7irmeye devam edece\u011fiz. B\u00f6lgenin bar\u0131\u015f\u0131na, istikrar\u0131na birlikte katk\u0131 sa\u011flamaya \u00e7al\u0131\u015f\u0131yoruz. Bak\u00fc-Tiflis-Kars demiryoluyla ayn\u0131 \u015fekilde hem ticarete hem ula\u015f\u0131ma katk\u0131 sa\u011fl\u0131yoruz. Bug\u00fcn t\u00fcm alanlarda g\u00fc\u00e7l\u00fc bir \u015fekilde ili\u015fkilerimizi ve b\u00f6lgedeki i\u015fbirli\u011fimizi nas\u0131l geli\u015ftirece\u011fiz onlar\u0131 konu\u015faca\u011f\u0131z ve gelece\u011fe y\u00f6nelik eylem plan\u0131m\u0131z\u0131 da in\u015fallah imzalayarak bunun uygulamas\u0131 i\u00e7in birlikte \u00e7al\u0131\u015faca\u011f\u0131z.\u201d<\/p>\n<p>\u201cBurada ve baz\u0131 \u00fclkelerde T\u00fcrkiye\u2019de darbe giri\u015fiminde bulunan FET\u00d6\u2019n\u00fcn okullar\u0131 var\u201d<\/p>\n<p>Bakan \u00c7avu\u015fo\u011flu, \u201cG\u00fcrcistan\u2019da Maarif Okulunun a\u00e7\u0131lmas\u0131 ger\u00e7ekten de G\u00fcrcistan\u2019\u0131n e\u011fitimine katk\u0131 sa\u011flamaktad\u0131r. Burada G\u00fcrc\u00fc \u00f6\u011frenciler, ayr\u0131ca Azeri \u00f6\u011frenci karde\u015flerimiz, T\u00fcrkiye\u2019den gelen insanlar\u0131m\u0131z\u0131n \u00e7ocuklar\u0131 evlatlar\u0131m\u0131z burada kaliteli bir e\u011fitim almaktad\u0131r. Maarif Vakf\u0131 Okullar\u0131n\u0131n kalitesi her zaman o okullar\u0131n bulundu\u011fu \u00fclkelerdeki e\u011fitim kalitesi ortalamas\u0131n\u0131n \u00fczerindedir. Daha da iyi olmas\u0131 i\u00e7in \u00e7aba sarf ediyoruz. Dolay\u0131s\u0131yla burada \u00e7ocuklar\u0131n \u00f6zellikle G\u00fcrc\u00fcce, T\u00fcrk\u00e7e, \u0130ngilizce, Rus\u00e7a \u00f6\u011frenmesi \u00e7ocuklar\u0131m\u0131z\u0131n gelece\u011fe haz\u0131rlanmas\u0131 bak\u0131m\u0131ndan \u00f6nemlidir, bu \u00fclke i\u00e7in de \u00f6nemlidir. Ayr\u0131ca burada ve baz\u0131 \u00fclkelerde T\u00fcrkiye\u2019de darbe giri\u015fiminde bulunan FET\u00d6\u2019n\u00fcn okullar\u0131 var. Onlar sinsice zaten okullar arac\u0131l\u0131\u011f\u0131yla t\u00fcm b\u00f6lgelerin yap\u0131lar\u0131na s\u0131zmaya \u00e7al\u0131\u015f\u0131yorlar. Burada o okullar\u0131n tekelini k\u0131rmak i\u00e7in de burada ya\u015fayan insanlar\u0131n da \u00e7ocuklar\u0131n\u0131 daha g\u00fcvenli okullara g\u00f6ndermesi bak\u0131m\u0131ndan da Maarif Vakf\u0131n\u0131n \u00f6nemi b\u00fcy\u00fckt\u00fcr\u201d ifadelerini kullanarak Maarif Vakf\u0131n\u0131n faaliyet g\u00f6sterdi\u011fi \u00fclkelerde \u00f6nemli oldu\u011funu vurgulad\u0131.<\/p>\n","protected":false},"excerpt":{"rendered":"<p>MEVL\u00dcT \u00c7AVU\u015eO\u011eLU ULUSLARARASI G\u00dcRC\u0130STAN MAAR\u0130F OKULU\u2019NUN A\u00c7ILI\u015eINDA<\/p>\n","protected":false},"author":1,"featured_media":246483,"comment_status":"closed","ping_status":"open","sticky":false,"template":"","format":"standard","meta":{"jetpack_post_was_ever_published":false,"_jetpack_newsletter_access":"","_jetpack_dont_email_post_to_subs":false,"_jetpack_newsletter_tier_id":0,"_jetpack_memberships_contains_paywalled_content":false,"_jetpack_memberships_contains_paid_content":false,"footnotes":"","jetpack_publicize_message":"","jetpack_publicize_feature_enabled":true,"jetpack_social_post_already_shared":true,"jetpack_social_options":{"image_generator_settings":{"template":"highway","default_image_id":0,"font":"","enabled":false},"version":2}},"categories":[10],"tags":[933,1499,105,1498,55350,61280,8239,16150],"class_list":["post-246482","post","type-post","status-publish","format-standard","has-post-thumbnail","hentry","category-dunya","tag-bakani","tag-cavusoglu","tag-cok","tag-disisleri","tag-gurcistanla","tag-iliskilerimize","tag-onem","tag-veriyoruz"],"jetpack_publicize_connections":[],"jetpack_featured_media_url":"https:\/\/i0.wp.com\/www.tvturk.com\/wp-content\/uploads\/2019\/12\/disisleri-bakani-cavusoglu-gurcistanla-iliskilerimize-cok-onem-veriyoruz_eb93b3c.jpg?fit=1000%2C666","jetpack_sharing_enabled":true,"jetpack_shortlink":"https:\/\/wp.me\/paKIfm-127w","_links":{"self":[{"href":"http:\/\/www.tvturk.com\/index.php\/wp-json\/wp\/v2\/posts\/246482","targetHints":{"allow":["GET"]}}],"collection":[{"href":"http:\/\/www.tvturk.com\/index.php\/wp-json\/wp\/v2\/posts"}],"about":[{"href":"http:\/\/www.tvturk.com\/index.php\/wp-json\/wp\/v2\/types\/post"}],"author":[{"embeddable":true,"href":"http:\/\/www.tvturk.com\/index.php\/wp-json\/wp\/v2\/users\/1"}],"replies":[{"embeddable":true,"href":"http:\/\/www.tvturk.com\/index.php\/wp-json\/wp\/v2\/comments?post=246482"}],"version-history":[{"count":0,"href":"http:\/\/www.tvturk.com\/index.php\/wp-json\/wp\/v2\/posts\/246482\/revisions"}],"wp:featuredmedia":[{"embeddable":true,"href":"http:\/\/www.tvturk.com\/index.php\/wp-json\/wp\/v2\/media\/246483"}],"wp:attachment":[{"href":"http:\/\/www.tvturk.com\/index.php\/wp-json\/wp\/v2\/media?parent=246482"}],"wp:term":[{"taxonomy":"category","embeddable":true,"href":"http:\/\/www.tvturk.com\/index.php\/wp-json\/wp\/v2\/categories?post=246482"},{"taxonomy":"post_tag","embeddable":true,"href":"http:\/\/www.tvturk.com\/index.php\/wp-json\/wp\/v2\/tags?post=246482"}],"curies":[{"name":"wp","href":"https:\/\/api.w.org\/{rel}","templated":true}]}}