{"id":246492,"date":"2019-12-23T21:17:38","date_gmt":"2019-12-23T18:17:38","guid":{"rendered":"http:\/\/www.tvturk.com\/index.php\/super-lig-denizlispor-0-alanyaspor-3-ilk-yari\/"},"modified":"2019-12-23T21:17:38","modified_gmt":"2019-12-23T18:17:38","slug":"super-lig-denizlispor-0-alanyaspor-3-ilk-yari","status":"publish","type":"post","link":"http:\/\/www.tvturk.com\/index.php\/super-lig-denizlispor-0-alanyaspor-3-ilk-yari\/","title":{"rendered":"S\u00fcper Lig: Denizlispor: 0 &#8211; Alanyaspor: 3 (\u0130lk Yar\u0131)"},"content":{"rendered":"<p>S\u00fcper Lig\u2019in 16. haftas\u0131nda Denizlispor, Alanyaspor\u2019u konuk ediyor. Kar\u015f\u0131la\u015fman\u0131n ilk yar\u0131s\u0131 Alanyaspor\u2019un 3-0\u2019l\u0131k \u00fcst\u00fcnl\u00fc\u011f\u00fc ile sona erdi.<\/p>\n<p>Ma\u00e7tan Dakikalar (\u0130lk Yar\u0131)<\/p>\n<p>13. dakikada orta sahadan h\u0131zl\u0131 \u00e7\u0131kan Alanyaspor\u2019da Baian\u2019nun g\u00f6nderdi\u011fi derinlemesine pasla bulu\u015fan Campos\u2019un yerden do\u011frudan kaleye g\u00f6nderdi\u011fi top kaleci Stackhowiak\u2019\u0131n m\u00fcdahalesi ile kornere gitti.<\/p>\n<p>24. dakikada Barrow\u2019un yerden ortas\u0131nda ceza alan\u0131 i\u00e7erisinde Rodallega topa \u0131ska ge\u00e7tikten sonra Sacko\u2019ya pas verdi. Sacko\u2019nun sert \u015futu savunmadan d\u00f6nd\u00fc.<\/p>\n<p>33. dakikada Zeki Yavru\u2019nun kulland\u0131\u011f\u0131 serbest vuru\u015fta topa y\u00fckselen Sapunaru\u2019nun kafa vuru\u015funu kaleci  Marafona son anda kornere \u00e7eldi.<\/p>\n<p>36. dakikada Alanyaspor\u2019da kazan\u0131lan kornerde topun ba\u015f\u0131na ge\u00e7en Salih U\u00e7an\u2019\u0131n ceza alan\u0131na yapt\u0131\u011f\u0131 ortaya y\u00fckselen Welinton Silva\u2019n\u0131n kafa \u015futu kalecinin yan\u0131nda a\u011flara gitti. 0-1<\/p>\n<p>42. dakikada Fernandes\u2019in korner \u00e7izgisi \u00fczerinden yapt\u0131\u011f\u0131 ortada m\u00fcsait pozisyonda topla bulu\u015fan Welinton Silva kendisinin ve tak\u0131m\u0131n\u0131n ikinci gol\u00fcn\u00fc att\u0131. 0-2<\/p>\n<p>43. dakikada Baiano\u2019nun sa\u011f \u00e7aprazdan havadan yapt\u0131\u011f\u0131 ortaya y\u00fckselen Campos yapt\u0131\u011f\u0131 d\u00fczg\u00fcn vuru\u015fu ile fark\u0131 \u00fc\u00e7e \u00e7\u0131kard\u0131. 0-3<\/p>\n<p>Stat: Denizli Atat\u00fcrk<\/p>\n<p>Hakemler: H\u00fcseyin G\u00f6\u00e7ek xx, Mehmet Metin xx, Yusuf Bozdo\u011fan xx<\/p>\n<p>Denizlispor: Stackhowiak xx, Lopes xx, Rodallega xx, Murawski xx, Sacko xx, O\u011fuz Y\u0131lmaz, Estupinan xx, Sapunaru xx, Zaki Yavru xx, Barrow xx, Sackey xx<\/p>\n<p>Yedekler: Tolgahan Acar, Kadir Kurt, Mbamba, Aissati, Sedat \u015eahint\u00fcrk, Mehmet Aky\u00fcz, Recep Niyaz, Burak \u00c7al\u0131k, Emre Sa\u011fl\u0131k, Olcay \u015eahan<\/p>\n<p>Teknik Direkt\u00f6r: Mehmet \u00d6zdilek<\/p>\n<p>Alanyaspor: Marafona xx, Ceyhun G\u00fclselam xx, Efecan Karaca xx, Salih U\u00e7an xx, Fernandes xx, Anastasios Bakasetas xx, Baiano xx, Nsakala xx, Welinton Silva xx, Campos xx, Steven Caulker<\/p>\n<p>Yedekler: Haydar Y\u0131lmaz, Eray Birni\u00e7an, Cisse, Kaan Kanak, Onur Bulut, Umut G\u00fcne\u015f, Georgios Tzavellas, Musa \u00c7a\u011f\u0131ran, Veysel \u00dcnal, Hamza \u00d6zdemir<\/p>\n<p>Teknik Direkt\u00f6r: Erol Bulut<\/p>\n<p>Goller: Welinton  Silva (dk. 36 ve 42), Campos (dk. 43.) (Alanyaspor)<\/p>\n<p>Sar\u0131 Kart: Ceyhun G\u00fclselam (Alanyaspor)<\/p>\n","protected":false},"excerpt":{"rendered":"<p>S\u00dcPER L\u0130G\u2019\u0130N 16. HAFTASINDA DEN\u0130ZL\u0130SPOR, ALANYASPOR\u2019U KONUK ED\u0130YOR. KAR\u015eILA\u015eMANIN \u0130LK YARISI ALANYASPOR\u2019UN 3-0\u2019LIK \u00dcST\u00dcNL\u00dc\u011e\u00dc \u0130LE SONA ERD\u0130.<\/p>\n","protected":false},"author":1,"featured_media":246493,"comment_status":"closed","ping_status":"open","sticky":false,"template":"","format":"standard","meta":{"jetpack_post_was_ever_published":false,"_jetpack_newsletter_access":"","_jetpack_dont_email_post_to_subs":false,"_jetpack_newsletter_tier_id":0,"_jetpack_memberships_contains_paywalled_content":false,"_jetpack_memberships_contains_paid_content":false,"footnotes":"","jetpack_publicize_message":"","jetpack_publicize_feature_enabled":true,"jetpack_social_post_already_shared":true,"jetpack_social_options":{"image_generator_settings":{"template":"highway","default_image_id":0,"font":"","enabled":false},"version":2}},"categories":[657],"tags":[6138,6694,37,905,1463,918],"class_list":["post-246492","post","type-post","status-publish","format-standard","has-post-thumbnail","hentry","category-spor","tag-alanyaspor","tag-denizlispor","tag-ilk","tag-lig","tag-super","tag-yari"],"jetpack_publicize_connections":[],"jetpack_featured_media_url":"https:\/\/i0.wp.com\/www.tvturk.com\/wp-content\/uploads\/2019\/12\/super-lig-denizlispor-0-alanyaspor-3-ilk-yari_dd2a5d9.jpg?fit=1000%2C666","jetpack_sharing_enabled":true,"jetpack_shortlink":"https:\/\/wp.me\/paKIfm-127G","_links":{"self":[{"href":"http:\/\/www.tvturk.com\/index.php\/wp-json\/wp\/v2\/posts\/246492","targetHints":{"allow":["GET"]}}],"collection":[{"href":"http:\/\/www.tvturk.com\/index.php\/wp-json\/wp\/v2\/posts"}],"about":[{"href":"http:\/\/www.tvturk.com\/index.php\/wp-json\/wp\/v2\/types\/post"}],"author":[{"embeddable":true,"href":"http:\/\/www.tvturk.com\/index.php\/wp-json\/wp\/v2\/users\/1"}],"replies":[{"embeddable":true,"href":"http:\/\/www.tvturk.com\/index.php\/wp-json\/wp\/v2\/comments?post=246492"}],"version-history":[{"count":0,"href":"http:\/\/www.tvturk.com\/index.php\/wp-json\/wp\/v2\/posts\/246492\/revisions"}],"wp:featuredmedia":[{"embeddable":true,"href":"http:\/\/www.tvturk.com\/index.php\/wp-json\/wp\/v2\/media\/246493"}],"wp:attachment":[{"href":"http:\/\/www.tvturk.com\/index.php\/wp-json\/wp\/v2\/media?parent=246492"}],"wp:term":[{"taxonomy":"category","embeddable":true,"href":"http:\/\/www.tvturk.com\/index.php\/wp-json\/wp\/v2\/categories?post=246492"},{"taxonomy":"post_tag","embeddable":true,"href":"http:\/\/www.tvturk.com\/index.php\/wp-json\/wp\/v2\/tags?post=246492"}],"curies":[{"name":"wp","href":"https:\/\/api.w.org\/{rel}","templated":true}]}}