{"id":246632,"date":"2019-12-24T11:31:31","date_gmt":"2019-12-24T08:31:31","guid":{"rendered":"http:\/\/www.tvturk.com\/index.php\/idlibden-goc-eden-suriyeliler-icin-cadir-kuruldu\/"},"modified":"2019-12-24T11:31:31","modified_gmt":"2019-12-24T08:31:31","slug":"idlibden-goc-eden-suriyeliler-icin-cadir-kuruldu","status":"publish","type":"post","link":"http:\/\/www.tvturk.com\/index.php\/idlibden-goc-eden-suriyeliler-icin-cadir-kuruldu\/","title":{"rendered":"\u0130dlib\u2019den g\u00f6\u00e7 eden Suriyeliler i\u00e7in \u00e7ad\u0131r kuruldu"},"content":{"rendered":"<p>Rusya ve rejim g\u00fc\u00e7lerinin havadan ve karadan \u00e7ok \u015fiddetli sald\u0131r\u0131lar d\u00fczenledi\u011fi \u0130dlib\u2019in g\u00fcneyinden g\u00f6\u00e7 edenler Suriyeliler i\u00e7in kuzeyde \u00e7ad\u0131r kuruldu.<\/p>\n<p>\u0130nsan Hak ve H\u00fcrriyetler (\u0130HH) \u0130nsani Yard\u0131m Vakf\u0131, sald\u0131r\u0131 ve \u00e7at\u0131\u015fmalar nedeniyle Suriye\u2019nin \u0130dlib ilinin g\u00fcney k\u0131rsal\u0131ndan kuzeye do\u011fru g\u00f6\u00e7 eden aileler i\u00e7in \u015fehir merkezine 15 kilometre uzakl\u0131ktaki bir alanda \u00e7ad\u0131r kurdu. \u0130dlib \u015fehir merkezine 15 kilometre mesafede bulunan Harbenu\u015f b\u00f6lgesinde kurulan 50 \u00e7ad\u0131ra a\u00e7\u0131kta kalan aileler yerle\u015ftirildi.<\/p>\n<p>G\u00f6\u00e7 eden aileleri yerle\u015ftirmek amac\u0131yla \u00e7ad\u0131r kurulumlar\u0131n\u0131n devam edece\u011fi belirtildi.<\/p>\n<p>\u0130HH Suriye \u00c7al\u0131\u015fmalar\u0131 Medya Sorumlusu Selim Tosun, yapt\u0131\u011f\u0131 a\u00e7\u0131klamada \u0130dlib\u2019e ba\u011fl\u0131 Maaret el Numan b\u00f6lgesine y\u00f6nelik sald\u0131r\u0131lar nedeniyle sivillerin T\u00fcrkiye-Suriye s\u0131n\u0131r hatt\u0131na do\u011fru g\u00f6\u00e7 etti\u011fini s\u00f6yledi.<\/p>\n<p>Tosun, aileler i\u00e7in gece saatlerinde \u00e7ad\u0131r kurulumuna ba\u015flad\u0131klar\u0131n\u0131 belirterek, &#8220;Harbenu\u015f b\u00f6lgesinde \u00e7ad\u0131r kurulumlar\u0131na ba\u015flad\u0131k. Gece ge\u00e7 saatlerde ba\u015flam\u0131\u015f oldu\u011fumuz \u00e7al\u0131\u015fma sonucu 50 \u00e7ad\u0131r\u0131 kurarak a\u00e7\u0131kta kalan aileleri yerle\u015ftirdik. \u00c7ad\u0131r kurulumlar\u0131m\u0131z devam edecektir\u2019\u2019 dedi.<\/p>\n","protected":false},"excerpt":{"rendered":"<p>\u0130NSAN HAK VE H\u00dcRR\u0130YETLER (\u0130HH) \u0130NSAN\u0130 YARDIM VAKFI, \u0130DL\u0130B\u2019\u0130N G\u00dcNEY\u0130NDEN G\u00d6\u00c7 EDENLER SUR\u0130YEL\u0130 VATANDA\u015eLAR \u0130\u00c7\u0130N \u00c7ADIR KURDU.<\/p>\n","protected":false},"author":1,"featured_media":246633,"comment_status":"closed","ping_status":"open","sticky":false,"template":"","format":"standard","meta":{"jetpack_post_was_ever_published":false,"_jetpack_newsletter_access":"","_jetpack_dont_email_post_to_subs":false,"_jetpack_newsletter_tier_id":0,"_jetpack_memberships_contains_paywalled_content":false,"_jetpack_memberships_contains_paid_content":false,"footnotes":"","jetpack_publicize_message":"","jetpack_publicize_feature_enabled":true,"jetpack_social_post_already_shared":true,"jetpack_social_options":{"image_generator_settings":{"template":"highway","default_image_id":0,"font":"","enabled":false},"version":2}},"categories":[10],"tags":[16130,2393,3622,44,61317,415,19737],"class_list":["post-246632","post","type-post","status-publish","format-standard","has-post-thumbnail","hentry","category-dunya","tag-cadir","tag-eden","tag-goc","tag-icin","tag-idlibden","tag-kuruldu","tag-suriyeliler"],"jetpack_publicize_connections":[],"jetpack_featured_media_url":"https:\/\/i0.wp.com\/www.tvturk.com\/wp-content\/uploads\/2019\/12\/idlibden-goc-eden-suriyeliler-icin-cadir-kuruldu_2a0880a.jpg?fit=1000%2C666","jetpack_sharing_enabled":true,"jetpack_shortlink":"https:\/\/wp.me\/paKIfm-129W","_links":{"self":[{"href":"http:\/\/www.tvturk.com\/index.php\/wp-json\/wp\/v2\/posts\/246632","targetHints":{"allow":["GET"]}}],"collection":[{"href":"http:\/\/www.tvturk.com\/index.php\/wp-json\/wp\/v2\/posts"}],"about":[{"href":"http:\/\/www.tvturk.com\/index.php\/wp-json\/wp\/v2\/types\/post"}],"author":[{"embeddable":true,"href":"http:\/\/www.tvturk.com\/index.php\/wp-json\/wp\/v2\/users\/1"}],"replies":[{"embeddable":true,"href":"http:\/\/www.tvturk.com\/index.php\/wp-json\/wp\/v2\/comments?post=246632"}],"version-history":[{"count":0,"href":"http:\/\/www.tvturk.com\/index.php\/wp-json\/wp\/v2\/posts\/246632\/revisions"}],"wp:featuredmedia":[{"embeddable":true,"href":"http:\/\/www.tvturk.com\/index.php\/wp-json\/wp\/v2\/media\/246633"}],"wp:attachment":[{"href":"http:\/\/www.tvturk.com\/index.php\/wp-json\/wp\/v2\/media?parent=246632"}],"wp:term":[{"taxonomy":"category","embeddable":true,"href":"http:\/\/www.tvturk.com\/index.php\/wp-json\/wp\/v2\/categories?post=246632"},{"taxonomy":"post_tag","embeddable":true,"href":"http:\/\/www.tvturk.com\/index.php\/wp-json\/wp\/v2\/tags?post=246632"}],"curies":[{"name":"wp","href":"https:\/\/api.w.org\/{rel}","templated":true}]}}