{"id":246638,"date":"2019-12-24T11:32:03","date_gmt":"2019-12-24T08:32:03","guid":{"rendered":"http:\/\/www.tvturk.com\/index.php\/ato-baskani-baran-andezit-tasi-icin-cografi-isaret-tescili-alacagiz\/"},"modified":"2019-12-24T11:32:03","modified_gmt":"2019-12-24T08:32:03","slug":"ato-baskani-baran-andezit-tasi-icin-cografi-isaret-tescili-alacagiz","status":"publish","type":"post","link":"http:\/\/www.tvturk.com\/index.php\/ato-baskani-baran-andezit-tasi-icin-cografi-isaret-tescili-alacagiz\/","title":{"rendered":"ATO Ba\u015fkan\u0131 Baran: \u201cAndezit ta\u015f\u0131 i\u00e7in co\u011frafi i\u015faret tescili alaca\u011f\u0131z\u201d"},"content":{"rendered":"<p>Ankara Ticaret Odas\u0131 (ATO) Y\u00f6netim Kurulu Ba\u015fkan\u0131 G\u00fcrsel Baran, \u201cAnkara Ticaret Odas\u0131 olarak Ankara\u2019ya \u00f6zg\u00fc andezit ta\u015f\u0131 i\u00e7in co\u011frafi i\u015faret tescili almak \u00fczere \u00e7al\u0131\u015fmalara ba\u015flad\u0131k\u201d dedi.<\/p>\n<p>ATO\u2019nun 30 No\u2019lu Do\u011fal Ta\u015f, Mermer ve Haz\u0131r Beton \u0130malat\u00e7\u0131lar\u0131 Meslek Komitesi\u2019nin sekt\u00f6rel sorunlar\u0131, ATO Ba\u015fkan\u0131 G\u00fcrsel Baran ve Ba\u015fkan Yard\u0131mc\u0131s\u0131 Halil \u0130brahim Y\u0131lmaz\u2019\u0131n kat\u0131ld\u0131\u011f\u0131 toplant\u0131da ele al\u0131nd\u0131. ATO Duatepe Salonu\u2019nda ger\u00e7ekle\u015fen ve \u00e7ok say\u0131da sekt\u00f6r temsilcinin kat\u0131ld\u0131\u011f\u0131 toplant\u0131da, enerji ve yak\u0131t fiyatlar\u0131ndaki art\u0131\u015flar, kamu destek ve te\u015fvikleri, yerli \u00fcr\u00fcn kullan\u0131m\u0131n\u0131n desteklenmesi konular\u0131 g\u00fcndemde yer ald\u0131.  ATO Y\u00f6netim Kurulu Ba\u015fkan\u0131 G\u00fcrsel Baran, toplant\u0131da yapt\u0131\u011f\u0131 konu\u015fmada andezit ta\u015f\u0131 \u00f6rne\u011fini vererek, Ankara\u2019n\u0131n her alanda kendi markalar\u0131n\u0131 olu\u015fturmas\u0131 gerekti\u011fini dile getirdi. Andezit ta\u015f\u0131 i\u00e7in co\u011frafi i\u015faret tescili ba\u015fvurusu yapacaklar\u0131n\u0131 kaydeden Baran, \u201cD\u00f6rt bir yan\u0131 hazinelerle \u00e7evrili \u00fclkemiz \u00fcr\u00fcnlerinin d\u00fcnya pazarlar\u0131nda yer almas\u0131n\u0131 istiyoruz. Katma de\u011ferli \u00fcretim yap\u0131p ihra\u00e7 ederek ekonomimize katk\u0131 sa\u011flamam\u0131z gerekiyor\u201d dedi.<\/p>\n<p>ATO Ba\u015fkan Yard\u0131mc\u0131s\u0131 Halil \u0130brahim Y\u0131lmaz da konu\u015fmas\u0131nda bir \u00fclkenin g\u00fc\u00e7l\u00fc olabilmesi i\u00e7in ekonomik de\u011ferin tek ba\u015f\u0131na yeterli olmayaca\u011f\u0131na de\u011findi. Y\u0131lmaz, \u201cKentin tarihi g\u00fcc\u00fcn\u00fc ve mimarisini yans\u0131tacak andezit ta\u015f\u0131 yerine kentin ruhuna, dokusuna uymayan ithal ta\u015flarla yap\u0131m\u0131z\u0131 bozduk. Y\u00fczlerce y\u0131l dayanabilecek yap\u0131s\u0131 ve otantik dokusu olan andezit ta\u015f\u0131n\u0131n de\u011feri yeterince bilinmedi. Bunu iyi de\u011ferlendirememi\u015f olmam\u0131z yaln\u0131zca ticari de\u011fil k\u00fclt\u00fcrel bir sorun\u201d diye konu\u015ftu.<\/p>\n<p>30 No\u2019lu Do\u011fal Ta\u015f, Mermer ve Haz\u0131r Beton \u0130malat\u00e7\u0131lar\u0131 Meslek Komitesi Ba\u015fkan\u0131 Ali \u0130hsan G\u00fc\u00e7l\u00fc ise yapt\u0131\u011f\u0131 konu\u015fmada sekt\u00f6rel sorunlar\u0131n\u0131n ba\u015f\u0131nda \u201ce\u011fitim\u201d ve \u201cnitelikli i\u015f g\u00fcc\u00fc\u201d konular\u0131n\u0131n geldi\u011fini s\u00f6yledi. G\u00fc\u00e7l\u00fc, &#8220;T\u00fcrkiye\u2019de 4.6 milyon i\u015fsiz varken 400 bin nitelikli i\u015f g\u00fcc\u00fc a\u00e7\u0131\u011f\u0131m\u0131z bulunuyor&#8221; diyerek, T\u00fcrkiye\u2019den \u00c7in ba\u015fta olmak \u00fczere ABD, Hindistan, \u0130talya gibi \u00fclkelere blok ta\u015f ihracat\u0131 yap\u0131ld\u0131\u011f\u0131n\u0131 belirtti. G\u00fc\u00e7l\u00fc, hammadde olarak giden ta\u015flar\u0131n, i\u015flenmi\u015f halde piyasada 10 kat\u0131 fiyat\u0131na sat\u0131ld\u0131\u011f\u0131n\u0131 ifade etti.<\/p>\n<p>Toplant\u0131ya 30 No\u2019lu Do\u011fal Ta\u015f, Mermer ve Haz\u0131r Beton \u0130malat\u00e7\u0131lar\u0131 Meslek Komitesi Ba\u015fkan Yard\u0131mc\u0131s\u0131 Hakan Sar\u0131kaya, Komite \u00dcyeleri Murtaza Tosun, Erol Y\u0131ld\u0131r\u0131mo\u011flu, Serkan F\u0131nd\u0131k ve sekt\u00f6r temsilcileri kat\u0131ld\u0131.<\/p>\n","protected":false},"excerpt":{"rendered":"<p>ANKARA T\u0130CARET ODASI (ATO) Y\u00d6NET\u0130M KURULU BA\u015eKANI G\u00dcRSEL BARAN, \u201cANKARA T\u0130CARET ODASI OLARAK ANKARA\u2019YA \u00d6ZG\u00dc ANDEZ\u0130T TA\u015eI \u0130\u00c7\u0130N CO\u011eRAF\u0130 \u0130\u015eARET TESC\u0130L\u0130 ALMAK \u00dcZERE \u00c7ALI\u015eMALARA BA\u015eLADIK\u201d DED\u0130.<\/p>\n","protected":false},"author":1,"featured_media":246639,"comment_status":"closed","ping_status":"open","sticky":false,"template":"","format":"standard","meta":{"jetpack_post_was_ever_published":false,"_jetpack_newsletter_access":"","_jetpack_dont_email_post_to_subs":false,"_jetpack_newsletter_tier_id":0,"_jetpack_memberships_contains_paywalled_content":false,"_jetpack_memberships_contains_paid_content":false,"footnotes":"","jetpack_publicize_message":"","jetpack_publicize_feature_enabled":true,"jetpack_social_post_already_shared":true,"jetpack_social_options":{"image_generator_settings":{"template":"highway","default_image_id":0,"font":"","enabled":false},"version":2}},"categories":[1],"tags":[61318,967,1940,14614,216,17603,44,1738,3185,39828],"class_list":["post-246638","post","type-post","status-publish","format-standard","has-post-thumbnail","hentry","category-genel","tag-andezit","tag-alacagiz","tag-ato","tag-baran","tag-baskani","tag-cografi","tag-icin","tag-isaret","tag-tasi","tag-tescili"],"jetpack_publicize_connections":[],"jetpack_featured_media_url":"https:\/\/i0.wp.com\/www.tvturk.com\/wp-content\/uploads\/2019\/12\/ato-baskani-baran-andezit-tasi-icin-cografi-isaret-tescili-alacagiz_babae15.jpg?fit=1000%2C666","jetpack_sharing_enabled":true,"jetpack_shortlink":"https:\/\/wp.me\/paKIfm-12a2","_links":{"self":[{"href":"http:\/\/www.tvturk.com\/index.php\/wp-json\/wp\/v2\/posts\/246638","targetHints":{"allow":["GET"]}}],"collection":[{"href":"http:\/\/www.tvturk.com\/index.php\/wp-json\/wp\/v2\/posts"}],"about":[{"href":"http:\/\/www.tvturk.com\/index.php\/wp-json\/wp\/v2\/types\/post"}],"author":[{"embeddable":true,"href":"http:\/\/www.tvturk.com\/index.php\/wp-json\/wp\/v2\/users\/1"}],"replies":[{"embeddable":true,"href":"http:\/\/www.tvturk.com\/index.php\/wp-json\/wp\/v2\/comments?post=246638"}],"version-history":[{"count":0,"href":"http:\/\/www.tvturk.com\/index.php\/wp-json\/wp\/v2\/posts\/246638\/revisions"}],"wp:featuredmedia":[{"embeddable":true,"href":"http:\/\/www.tvturk.com\/index.php\/wp-json\/wp\/v2\/media\/246639"}],"wp:attachment":[{"href":"http:\/\/www.tvturk.com\/index.php\/wp-json\/wp\/v2\/media?parent=246638"}],"wp:term":[{"taxonomy":"category","embeddable":true,"href":"http:\/\/www.tvturk.com\/index.php\/wp-json\/wp\/v2\/categories?post=246638"},{"taxonomy":"post_tag","embeddable":true,"href":"http:\/\/www.tvturk.com\/index.php\/wp-json\/wp\/v2\/tags?post=246638"}],"curies":[{"name":"wp","href":"https:\/\/api.w.org\/{rel}","templated":true}]}}