{"id":246682,"date":"2019-12-24T12:32:47","date_gmt":"2019-12-24T09:32:47","guid":{"rendered":"http:\/\/www.tvturk.com\/index.php\/bebegin-ailesiyle-goz-temasi-kuramamasinin-bircok-sebebi-olabilir\/"},"modified":"2019-12-24T12:32:47","modified_gmt":"2019-12-24T09:32:47","slug":"bebegin-ailesiyle-goz-temasi-kuramamasinin-bircok-sebebi-olabilir","status":"publish","type":"post","link":"http:\/\/www.tvturk.com\/index.php\/bebegin-ailesiyle-goz-temasi-kuramamasinin-bircok-sebebi-olabilir\/","title":{"rendered":"Bebe\u011fin ailesiyle g\u00f6z temas\u0131 kuramamas\u0131n\u0131n bir\u00e7ok sebebi olabilir"},"content":{"rendered":"<p>Medicana Bursa Hastanesi G\u00f6z Sa\u011fl\u0131\u011f\u0131 ve Hastal\u0131klar\u0131 B\u00f6l\u00fcm\u00fcnden Opr. Dr. \u00d6mer Faruk Tabar, ailelerin \u00e7ocuklar\u0131yla g\u00f6z temas\u0131 kuramamas\u0131n\u0131n bir\u00e7ok sa\u011fl\u0131k sorunlar\u0131n\u0131 da beraberinde getirece\u011fini s\u00f6yledi.<\/p>\n<p>Yeni do\u011fan bebeklerin g\u00f6z kontrollerinin \u00f6nemine de\u011finen Medicana Bursa Hastanesi G\u00f6z Hastal\u0131klar\u0131 B\u00f6l\u00fcm\u00fcnden Opr. Dr. \u00d6mer Faruk Tabar, 1 ay\u0131n\u0131 dolduran bebeklerin anne ve aileleriyle g\u00f6z temas\u0131 kurmaya ba\u015flad\u0131\u011f\u0131n\u0131 s\u00f6yledi. Tabar, \u201cGelecekte d\u00fcnyam\u0131z\u0131 emanet edece\u011fimiz \u00e7ocuklar\u0131m\u0131z\u0131n ilk g\u00f6z sa\u011fl\u0131klar\u0131 \u00e7ok \u00f6nemlidir. \u00c7ocuklar\u0131n ilk g\u00f6z muayenelerinde do\u011fumsal sorunlar\u0131n erken te\u015fhisleri, eri\u015fkinlerden daha \u00f6nemlidir. \u00c7\u00fcnk\u00fc bu sorunlar ileride \u00e7ocuklar\u0131n g\u00f6rmelerinde geri d\u00f6n\u00fc\u015f\u00fc olmayan s\u0131k\u0131nt\u0131lar ortaya \u00e7\u0131karabilir. \u0130lk g\u00f6z muayenesi 3\u2019\u00fcnc\u00fc ay\u0131n\u0131 doldurdu\u011funda yap\u0131lmaktad\u0131r. Bu d\u00f6nem i\u00e7erisinde yap\u0131lan muayenede \u00e7ocuklarda herhangi bir bozukluk tespit edilmedi\u011fi takdirde, 1 y\u0131l sonra tekrar muayene edilmesi \u00f6nerilmektedir. \u00c7ocuklar 1 ay\u0131n\u0131 doldurdu\u011funda genellikle anneleriyle g\u00f6z temas\u0131nda bulunmaya ba\u015flarlar. Bir anne \u00e7ocu\u011fu ile g\u00f6z temas\u0131n\u0131 iyi kuramad\u0131\u011f\u0131n\u0131 tespit etti\u011finde en k\u0131sa s\u00fcrede bir uzmana ba\u015fvurmas\u0131 gerekmektedir. G\u00f6z temas\u0131 kuramamas\u0131nda bir\u00e7ok sebep vard\u0131r\u201d dedi.<\/p>\n<p>\u00c7ocu\u011fun g\u00f6z\u00fcndeki \u015fekil de\u011fi\u015fikli\u011finde g\u00f6z kapa\u011f\u0131 d\u00fc\u015f\u00fckl\u00fc\u011f\u00fc olabilece\u011fini belirten Tabar, \u201cBunun hemen m\u00fcdahale ile kald\u0131r\u0131lmas\u0131 gerekmektedir. \u0130leride g\u00f6z tembelli\u011fine sebep olabilmektedir. \u015eekil de\u011fi\u015fikli\u011finde \u015fa\u015f\u0131l\u0131k da olabilir. Renk de\u011fi\u015fikli\u011finde ise, katarak sorunu ortaya \u00e7\u0131kabilir. 3\u2019\u00fcnc\u00fc ayda \u015fa\u015f\u0131l\u0131k varsa, periyodik olarak \u00e7ocu\u011fun takip edilmesi gerekmektedir. Bunun yan\u0131 s\u0131ra, \u00e7ocuklar y\u00fcksek hipermetrop ile do\u011fabilir. Bunlar\u0131n s\u0131k\u0131 bir takip ile 1 ya\u015f\u0131na kadar d\u00fc\u015ft\u00fc\u011f\u00fcn\u00fc g\u00f6zlemlemekteyiz. 1,5 ya\u015f\u0131ndan sonra ise g\u00f6zl\u00fck ile tedavi edilmesi gerekmektedir\u201d diye konu\u015ftu.<\/p>\n","protected":false},"excerpt":{"rendered":"<p>MED\u0130CANA BURSA HASTANES\u0130 G\u00d6Z HASTALIKLARI OPR. DR. \u00d6MER FARUK TABAR, A\u0130LELER\u0130N \u00c7OCUKLARIYLA G\u00d6Z TEMASI KURAMAMASININ B\u0130R\u00c7OK SA\u011eLIK SORUNLARINI DA BERABER\u0130NDE GET\u0130RECE\u011e\u0130N\u0130 S\u00d6YLED\u0130.<\/p>\n","protected":false},"author":1,"featured_media":246683,"comment_status":"closed","ping_status":"open","sticky":false,"template":"","format":"standard","meta":{"jetpack_post_was_ever_published":false,"_jetpack_newsletter_access":"","_jetpack_dont_email_post_to_subs":false,"_jetpack_newsletter_tier_id":0,"_jetpack_memberships_contains_paywalled_content":false,"_jetpack_memberships_contains_paid_content":false,"footnotes":"","jetpack_publicize_message":"","jetpack_publicize_feature_enabled":true,"jetpack_social_post_already_shared":true,"jetpack_social_options":{"image_generator_settings":{"template":"highway","default_image_id":0,"font":"","enabled":false},"version":2}},"categories":[1],"tags":[28911,7110,9366,1126,61334,5897,1733,8969],"class_list":["post-246682","post","type-post","status-publish","format-standard","has-post-thumbnail","hentry","category-genel","tag-ailesiyle","tag-bebegin","tag-bircok","tag-goz","tag-kuramamasinin","tag-olabilir","tag-sebebi","tag-temasi"],"jetpack_publicize_connections":[],"jetpack_featured_media_url":"https:\/\/i0.wp.com\/www.tvturk.com\/wp-content\/uploads\/2019\/12\/bebegin-ailesiyle-goz-temasi-kuramamasinin-bircok-sebebi-olabilir_83c207f.jpg?fit=1000%2C666","jetpack_sharing_enabled":true,"jetpack_shortlink":"https:\/\/wp.me\/paKIfm-12aK","_links":{"self":[{"href":"http:\/\/www.tvturk.com\/index.php\/wp-json\/wp\/v2\/posts\/246682","targetHints":{"allow":["GET"]}}],"collection":[{"href":"http:\/\/www.tvturk.com\/index.php\/wp-json\/wp\/v2\/posts"}],"about":[{"href":"http:\/\/www.tvturk.com\/index.php\/wp-json\/wp\/v2\/types\/post"}],"author":[{"embeddable":true,"href":"http:\/\/www.tvturk.com\/index.php\/wp-json\/wp\/v2\/users\/1"}],"replies":[{"embeddable":true,"href":"http:\/\/www.tvturk.com\/index.php\/wp-json\/wp\/v2\/comments?post=246682"}],"version-history":[{"count":0,"href":"http:\/\/www.tvturk.com\/index.php\/wp-json\/wp\/v2\/posts\/246682\/revisions"}],"wp:featuredmedia":[{"embeddable":true,"href":"http:\/\/www.tvturk.com\/index.php\/wp-json\/wp\/v2\/media\/246683"}],"wp:attachment":[{"href":"http:\/\/www.tvturk.com\/index.php\/wp-json\/wp\/v2\/media?parent=246682"}],"wp:term":[{"taxonomy":"category","embeddable":true,"href":"http:\/\/www.tvturk.com\/index.php\/wp-json\/wp\/v2\/categories?post=246682"},{"taxonomy":"post_tag","embeddable":true,"href":"http:\/\/www.tvturk.com\/index.php\/wp-json\/wp\/v2\/tags?post=246682"}],"curies":[{"name":"wp","href":"https:\/\/api.w.org\/{rel}","templated":true}]}}