{"id":246742,"date":"2019-12-24T14:02:17","date_gmt":"2019-12-24T11:02:17","guid":{"rendered":"http:\/\/www.tvturk.com\/index.php\/jang-turk-askerinin-fedakarligi-sayesinde-korenin-ozgurluk-ve-demokrasisi-korundu\/"},"modified":"2019-12-24T14:02:17","modified_gmt":"2019-12-24T11:02:17","slug":"jang-turk-askerinin-fedakarligi-sayesinde-korenin-ozgurluk-ve-demokrasisi-korundu","status":"publish","type":"post","link":"http:\/\/www.tvturk.com\/index.php\/jang-turk-askerinin-fedakarligi-sayesinde-korenin-ozgurluk-ve-demokrasisi-korundu\/","title":{"rendered":"Jang: \u201cT\u00fcrk askerinin fedak\u00e2rl\u0131\u011f\u0131 sayesinde Kore\u2019nin \u00f6zg\u00fcrl\u00fck ve demokrasisi korundu\u201d"},"content":{"rendered":"<p>Kore Cumhuriyeti \u0130stanbul Ba\u015fkonsolosu Jessy Yeunju Jang, T\u00fcrk askerinin fedak\u00e2rl\u0131\u011f\u0131 sayesinde Kore\u2019nin \u00f6zg\u00fcrl\u00fck ve demokrasisinin korundu\u011funu s\u00f6yledi.<\/p>\n<p>Kore Cumhuriyeti \u0130stanbul Ba\u015fkonsoloslu\u011fu, Bursa\u2019da ya\u015fayan Kore gazilerine te\u015fekk\u00fcr faaliyeti d\u00fczenledi. Programa Kore Cumhuriyeti \u0130stanbul Ba\u015fkonsolosu Jessy Yeunju Jang, Bursa Valisi Yakup Canbolat ve gaziler ile yak\u0131nlar\u0131 kat\u0131ld\u0131. T\u00fcrk ordusunun Kore sava\u015f\u0131n\u0131n ba\u015flamas\u0131ndan d\u00f6rt g\u00fcn sonra 29 Haziran 1950\u2019de Birle\u015fmi\u015f Milletler dahilinde sava\u015fa kat\u0131lma karar\u0131 ald\u0131\u011f\u0131n\u0131 dile getiren Jang, \u201cUzak ve yabanc\u0131 bir diyar olan Kore\u2019ye giden T\u00fcrk ordusu Birle\u015fmi\u015f Milletler g\u00fc\u00e7leriyle bat\u0131 cephesindeki Gunuri ve Greumyangjangri muharebelerinde b\u00fcy\u00fcleyici bir m\u00fccadele g\u00f6sterdi. T\u00fcrkiye, sava\u015fa birlik g\u00f6nderen 16 Birle\u015fmi\u015f Milletler \u00fclkeleri aras\u0131nda 966 \u015fehit, bin 155 yaral\u0131 ve 244 mahkum vererek Amerika\u2019n\u0131n ard\u0131ndan bizim i\u00e7in en \u00e7ok kay\u0131p veren \u00fclke oldu. T\u00fcrk askeri, Kore\u2019nin bar\u0131\u015f\u0131 i\u00e7in herkesten daha cesurca sava\u015fm\u0131\u015f ve as\u0131l hayatlar\u0131n\u0131 bizler i\u00e7in feda etmi\u015ftir\u201d dedi.<\/p>\n<p>T\u00fcrk askerinin fedak\u00e2rl\u0131\u011f\u0131 sayesinde Kore\u2019nin \u00f6zg\u00fcrl\u00fck ve demokrasisinin korundu\u011funu anlatan Jang, \u201cBu fedak\u00e2rl\u0131k Kore\u2019nin h\u0131zla d\u00fcnyan\u0131n g\u00fc\u00e7l\u00fc ekonomileri aras\u0131na girmesinde \u00f6n ayak oldu. Bug\u00fcn Kore ile T\u00fcrkiye aras\u0131ndaki ili\u015fkilerimiz her zamankinden daha iyi ve gelecekte bu ili\u015fkilerimiz daha da g\u00fc\u00e7lenecektir.2018 y\u0131l\u0131 itibariyle ikili ticaret hacmimiz yakla\u015f\u0131k 7,2 milyar dolara ula\u015ft\u0131. T\u00fcrkiye\u2019yi ziyaret eden Korelilerin say\u0131s\u0131 ge\u00e7en y\u0131l 160 bin iken bu say\u0131n\u0131n 2019 y\u0131l\u0131 itibariyle y\u00fczde 25\u2019lik art\u0131\u015fla 200 bini ge\u00e7ece\u011fini tahmin ediyoruz. 160\u2019tan fazla Kore \u015firketimiz T\u00fcrkiye\u2019nin her yerine ula\u015farak iki \u00fclkenin ortak geli\u015fimi i\u00e7in \u00e7al\u0131\u015fmaktad\u0131rlar\u201d diye konu\u015ftu.<\/p>\n<p>Bursa Valisi Yakup Canbolat ise, \u201cDost ve karde\u015f Kore Cumhuriyeti ile olan ili\u015fkilerimiz \u00fclkemizin Kore Cumhuriyeti\u2019nin ba\u011f\u0131ms\u0131z bir devlet olarak tan\u0131mas\u0131yla ba\u015flam\u0131\u015ft\u0131r. T\u00fcrkiye ve G\u00fcney Kore aras\u0131nda 25 Haziran 1950 y\u0131l\u0131nda ba\u015flay\u0131p, 27 Temmuz 1953\u2019te sona eren sava\u015f\u0131n ard\u0131ndan olu\u015fan dostluk 1957\u2019de diplomatik ili\u015fkilerin kurulmas\u0131yla da devam etmi\u015ftir. T\u00fcrkiye, Kore sava\u015f\u0131na 21 bin 212 asker g\u00f6ndererek 16 \u00fclke aras\u0131nda d\u00f6rd\u00fcnc\u00fc s\u0131rada yer alm\u0131\u015ft\u0131r. Kore\u2019den d\u00f6nen gazilerimizin bir k\u0131sm\u0131 kendilerini Koreli diye adland\u0131rmaya ba\u015flam\u0131\u015ft\u0131r. Hayatlar\u0131n\u0131 kaybettikten sonra mezar ta\u015flar\u0131na Koreli yaz\u0131lmas\u0131n\u0131 vasiyet etmi\u015flerdir. Baz\u0131 gazilerimiz hayatta iken a\u00e7t\u0131klar\u0131 i\u015f yerlerine Koreli diye isimler verdi. \u00dclkemizde Koreli karde\u015flerimize kar\u015f\u0131 olan sempatinin ana mimar\u0131 Kore gazilerimizdir\u201d \u015feklinde konu\u015ftu.<\/p>\n<p>Konu\u015fmalar\u0131n ard\u0131ndan k\u00fcrs\u00fcye \u00e7\u0131kan Kore gazisi \u015eevket G\u00fcnayd\u0131n, yazd\u0131\u011f\u0131 \u015fiiri okudu. Daha sonra Jang, gazilere ba\u011f\u0131\u015flanmas\u0131 \u00fczerine derne\u011fe 3 ak\u00fcl\u00fc tekerlekli araba hediye etti.<\/p>\n","protected":false},"excerpt":{"rendered":"<p>KORE CUMHUR\u0130YET\u0130 \u0130STANBUL BA\u015eKONSOLOSLU\u011eU, BURSA\u2019DA YA\u015eAYAN KORE GAZ\u0130LER\u0130NE TE\u015eEKK\u00dcR ETK\u0130NL\u0130\u011e\u0130 D\u00dcZENLED\u0130. PROGRAMA KORE CUMHUR\u0130YET\u0130 \u0130STANBUL BA\u015eKONSOLOSU JESSY YEUNJU JANG, BURSA VAL\u0130S\u0130 YAKUP CANBOLAT VE GAZ\u0130LER \u0130LE YAKINLARI KATILDI.<\/p>\n","protected":false},"author":1,"featured_media":246743,"comment_status":"closed","ping_status":"open","sticky":false,"template":"","format":"standard","meta":{"jetpack_post_was_ever_published":false,"_jetpack_newsletter_access":"","_jetpack_dont_email_post_to_subs":false,"_jetpack_newsletter_tier_id":0,"_jetpack_memberships_contains_paywalled_content":false,"_jetpack_memberships_contains_paid_content":false,"footnotes":"","jetpack_publicize_message":"","jetpack_publicize_feature_enabled":true,"jetpack_social_post_already_shared":true,"jetpack_social_options":{"image_generator_settings":{"template":"highway","default_image_id":0,"font":"","enabled":false},"version":2}},"categories":[1],"tags":[14506,33531,61349,61348,61347,46541,61350,5213,957],"class_list":["post-246742","post","type-post","status-publish","format-standard","has-post-thumbnail","hentry","category-genel","tag-ozgurluk","tag-askerinin","tag-demokrasisi","tag-fedakarligi","tag-jang","tag-korenin","tag-korundu","tag-sayesinde","tag-turk"],"jetpack_publicize_connections":[],"jetpack_featured_media_url":"https:\/\/i0.wp.com\/www.tvturk.com\/wp-content\/uploads\/2019\/12\/jang-turk-askerinin-fedakrligi-sayesinde-korenin-ozgurluk-ve-demokrasisi-korundu_f1454ca.jpg?fit=1000%2C666","jetpack_sharing_enabled":true,"jetpack_shortlink":"https:\/\/wp.me\/paKIfm-12bI","_links":{"self":[{"href":"http:\/\/www.tvturk.com\/index.php\/wp-json\/wp\/v2\/posts\/246742","targetHints":{"allow":["GET"]}}],"collection":[{"href":"http:\/\/www.tvturk.com\/index.php\/wp-json\/wp\/v2\/posts"}],"about":[{"href":"http:\/\/www.tvturk.com\/index.php\/wp-json\/wp\/v2\/types\/post"}],"author":[{"embeddable":true,"href":"http:\/\/www.tvturk.com\/index.php\/wp-json\/wp\/v2\/users\/1"}],"replies":[{"embeddable":true,"href":"http:\/\/www.tvturk.com\/index.php\/wp-json\/wp\/v2\/comments?post=246742"}],"version-history":[{"count":0,"href":"http:\/\/www.tvturk.com\/index.php\/wp-json\/wp\/v2\/posts\/246742\/revisions"}],"wp:featuredmedia":[{"embeddable":true,"href":"http:\/\/www.tvturk.com\/index.php\/wp-json\/wp\/v2\/media\/246743"}],"wp:attachment":[{"href":"http:\/\/www.tvturk.com\/index.php\/wp-json\/wp\/v2\/media?parent=246742"}],"wp:term":[{"taxonomy":"category","embeddable":true,"href":"http:\/\/www.tvturk.com\/index.php\/wp-json\/wp\/v2\/categories?post=246742"},{"taxonomy":"post_tag","embeddable":true,"href":"http:\/\/www.tvturk.com\/index.php\/wp-json\/wp\/v2\/tags?post=246742"}],"curies":[{"name":"wp","href":"https:\/\/api.w.org\/{rel}","templated":true}]}}