{"id":246766,"date":"2019-12-24T14:32:48","date_gmt":"2019-12-24T11:32:48","guid":{"rendered":"http:\/\/www.tvturk.com\/index.php\/bulent-uygun-icerideki-tum-maclari-kazanmaliyiz\/"},"modified":"2019-12-24T14:32:48","modified_gmt":"2019-12-24T11:32:48","slug":"bulent-uygun-icerideki-tum-maclari-kazanmaliyiz","status":"publish","type":"post","link":"http:\/\/www.tvturk.com\/index.php\/bulent-uygun-icerideki-tum-maclari-kazanmaliyiz\/","title":{"rendered":"B\u00fclent Uygun: &#8220;\u0130\u00e7erideki t\u00fcm ma\u00e7lar\u0131 kazanmal\u0131y\u0131z&#8221;"},"content":{"rendered":"<p>\u0130stikbal Mobilya Kayserispor, S\u00fcper Lig\u2019in 17. haftas\u0131nda oynayaca\u011f\u0131 Trabzonspor ma\u00e7\u0131n\u0131n haz\u0131rl\u0131klar\u0131na ba\u015flad\u0131. Teknik Direkt\u00f6r B\u00fclent Uygun, &#8220;Bizim i\u00e7in \u00f6nemli olan lig. Bu dakikadan sonra k\u00fcmede kalmak i\u00e7in i\u00e7eride oynayaca\u011f\u0131m\u0131z b\u00fct\u00fcn ma\u00e7lar\u0131 kazanmal\u0131y\u0131z&#8221; dedi.<\/p>\n<p>S\u00fcper Lig\u2019in 17. haftas\u0131nda deplasmanda Trabzonspor ile kar\u015f\u0131la\u015facak olan \u0130stikbal Mobilya Kayserispor, haz\u0131rl\u0131klar\u0131na ba\u015flad\u0131. Teknik Direkt\u00f6r B\u00fclent Uygun y\u00f6netiminde, kul\u00fcp tesislerinde toplanan futbolcular, d\u00fcz ko\u015funun ard\u0131ndan topla birlikte \u00e7al\u0131\u015ft\u0131.<\/p>\n<p>&#8220;Talihsizlikler ya\u015famaya devam ediyoruz&#8221;<\/p>\n<p>Kayserispor\u2019un hak etti\u011fi g\u00fcc\u00fcne kavu\u015faca\u011f\u0131na inand\u0131\u011f\u0131n\u0131 s\u00f6yleyen Teknik Direkt\u00f6r Uygun, antrenman\u0131 takip eden gazetecilere yapt\u0131\u011f\u0131 a\u00e7\u0131klamada, &#8220;Talihsizlikler ya\u015famaya devam ediyoruz. Bu k\u0131smetsizliklerimizi ya da ya\u015fad\u0131klar\u0131m\u0131z\u0131 kelimeler tarif etmiyor. Son Ba\u015fak\u015fehir ma\u00e7\u0131nda Kravets\u2019in omuz sakatl\u0131\u011f\u0131 tekrar n\u00fcksetti. Bununla birlikte Ziya\u2019n\u0131n kas\u0131\u011f\u0131 a\u011fr\u0131m\u0131\u015ft\u0131 \u00e7\u0131karm\u0131\u015ft\u0131k, ma\u00e7ta darbe alan Hasan\u2019\u0131n da tedavisi devam ediyor. Eldeki kadro zaten \u00e7ok d\u00fc\u015fm\u00fc\u015ft\u00fc. Elimizdeki baz\u0131 \u015feyleri yapmakta zorlan\u0131yoruz. Altyap\u0131m\u0131zdaki gen\u00e7 karde\u015flerimizi takviye yapt\u0131k. Biraz Kayserispor camias\u0131 da, taraftar\u0131 da hakl\u0131. Onlar da sezon ba\u015f\u0131ndan beri ya\u015fanan sendromun tepkilerini verebiliyor ama \u015fu anki y\u00f6netime bu konuyla ilgili fazla bir \u015fey s\u00f6ylemeye gerek yok. Onlar devre aras\u0131nda gerekli planlamay\u0131, hamleyi, transfer \u00e7al\u0131\u015fmalar\u0131n\u0131 yapacaklard\u0131r. \u00c7al\u0131\u015fmalar\u0131m\u0131z devam ediyor. Yak\u0131n s\u00fcrede b\u00fct\u00fcn bu sorunlar\u0131 hallederek Kayserisporumuzun hak etti\u011fi g\u00fcc\u00fcne kavu\u015faca\u011f\u0131m\u0131z\u0131 tahmin ediyorum&#8221; diye konu\u015ftu.<\/p>\n<p>&#8220;\u0130\u00e7erideki t\u00fcm ma\u00e7lar\u0131 kazanmal\u0131y\u0131z&#8221;<\/p>\n<p>Uygun, ligin ikinci yar\u0131s\u0131nda i\u00e7eride oynayacaklar\u0131 t\u00fcm ma\u00e7lar\u0131 kazanmalar\u0131 gerekti\u011fini vurgulad\u0131. Uygun, &#8220;2 Ocak\u2019ta Antalya\u2019da kamp\u0131m\u0131z ba\u015fl\u0131yor. Ay\u0131n 13\u2019\u00fcne kadar transfer edebildiklerimizin kampa kat\u0131lmalar\u0131 beklentisi i\u00e7indeyim. 13\u2019\u00fcne kadar kamp\u0131m\u0131za orada devam edip daha sonra kupa ma\u00e7\u0131nda elimizdeki kadroyla oynayaca\u011f\u0131z. Bizim i\u00e7in \u00f6nemli olan lig. Bu dakikadan sonra k\u00fcmede kalmak i\u00e7in i\u00e7eride oynayaca\u011f\u0131m\u0131z b\u00fct\u00fcn ma\u00e7lar\u0131 kazanmal\u0131y\u0131z. Genelde avantaj\u0131m\u0131z \u015fu; rakiplerimizle evimizde oynuyoruz. \u015eampiyonlu\u011fa oynayanlarla deplasmanda oynuyoruz. O s\u00fcrecin kayb\u0131n\u0131 deplasmanda ya\u015fay\u0131p i\u00e7eride hi\u00e7bir \u015fekilde kaybetmeden yolumuza devam edelim ki Kayserisporumuzu ligde b\u0131rakabilelim&#8221; ifadelerini kulland\u0131.<\/p>\n<p>Trabzonspor &#8211; \u0130stikbal Mobilya Kayserispor kar\u015f\u0131la\u015fmas\u0131 26 Aral\u0131k Cumartesi g\u00fcn\u00fc saat 17:30\u2019da \u015eenol G\u00fcne\u015f Spor Kompleksi\u2019nde oynanacak. Kar\u015f\u0131la\u015fma \u00f6ncesi Trabzonspor 29 puanla ligde 3. s\u0131rada yer al\u0131rken \u0130stikbal Mobilya Kayserispor ise 10 puanla ligin son s\u0131ras\u0131nda bulunuyor.<\/p>\n","protected":false},"excerpt":{"rendered":"<p>TEKN\u0130K D\u0130REKT\u00d6R B\u00dcLENT UYGUN; &#8220;B\u0130Z\u0130M \u0130\u00c7\u0130N \u00d6NEML\u0130 OLAN L\u0130G, BU DAK\u0130KADAN SONRA K\u00dcMEDE KALMAK \u0130\u00c7\u0130N \u0130\u00c7ER\u0130DE OYNAYACA\u011eIMIZ B\u00dcT\u00dcN MA\u00c7LARI KAZANMALIYIZ&#8221; DED\u0130.<\/p>\n","protected":false},"author":1,"featured_media":246767,"comment_status":"closed","ping_status":"open","sticky":false,"template":"","format":"standard","meta":{"jetpack_post_was_ever_published":false,"_jetpack_newsletter_access":"","_jetpack_dont_email_post_to_subs":false,"_jetpack_newsletter_tier_id":0,"_jetpack_memberships_contains_paywalled_content":false,"_jetpack_memberships_contains_paid_content":false,"footnotes":"","jetpack_publicize_message":"","jetpack_publicize_feature_enabled":true,"jetpack_social_post_already_shared":true,"jetpack_social_options":{"image_generator_settings":{"template":"highway","default_image_id":0,"font":"","enabled":false},"version":2}},"categories":[657],"tags":[13572,2193,61353,8789,1325,13728],"class_list":["post-246766","post","type-post","status-publish","format-standard","has-post-thumbnail","hentry","category-spor","tag-icerideki","tag-bulent","tag-kazanmaliyiz","tag-maclari","tag-tum","tag-uygun"],"jetpack_publicize_connections":[],"jetpack_featured_media_url":"https:\/\/i0.wp.com\/www.tvturk.com\/wp-content\/uploads\/2019\/12\/bulent-uygun-icerideki-tum-maclari-kazanmaliyiz_9ba1151.jpg?fit=1000%2C666","jetpack_sharing_enabled":true,"jetpack_shortlink":"https:\/\/wp.me\/paKIfm-12c6","_links":{"self":[{"href":"http:\/\/www.tvturk.com\/index.php\/wp-json\/wp\/v2\/posts\/246766","targetHints":{"allow":["GET"]}}],"collection":[{"href":"http:\/\/www.tvturk.com\/index.php\/wp-json\/wp\/v2\/posts"}],"about":[{"href":"http:\/\/www.tvturk.com\/index.php\/wp-json\/wp\/v2\/types\/post"}],"author":[{"embeddable":true,"href":"http:\/\/www.tvturk.com\/index.php\/wp-json\/wp\/v2\/users\/1"}],"replies":[{"embeddable":true,"href":"http:\/\/www.tvturk.com\/index.php\/wp-json\/wp\/v2\/comments?post=246766"}],"version-history":[{"count":0,"href":"http:\/\/www.tvturk.com\/index.php\/wp-json\/wp\/v2\/posts\/246766\/revisions"}],"wp:featuredmedia":[{"embeddable":true,"href":"http:\/\/www.tvturk.com\/index.php\/wp-json\/wp\/v2\/media\/246767"}],"wp:attachment":[{"href":"http:\/\/www.tvturk.com\/index.php\/wp-json\/wp\/v2\/media?parent=246766"}],"wp:term":[{"taxonomy":"category","embeddable":true,"href":"http:\/\/www.tvturk.com\/index.php\/wp-json\/wp\/v2\/categories?post=246766"},{"taxonomy":"post_tag","embeddable":true,"href":"http:\/\/www.tvturk.com\/index.php\/wp-json\/wp\/v2\/tags?post=246766"}],"curies":[{"name":"wp","href":"https:\/\/api.w.org\/{rel}","templated":true}]}}