{"id":246816,"date":"2019-12-24T15:33:03","date_gmt":"2019-12-24T12:33:03","guid":{"rendered":"http:\/\/www.tvturk.com\/index.php\/turkiyenin-basketbol-aski-tanitildi\/"},"modified":"2019-12-24T15:33:03","modified_gmt":"2019-12-24T12:33:03","slug":"turkiyenin-basketbol-aski-tanitildi","status":"publish","type":"post","link":"http:\/\/www.tvturk.com\/index.php\/turkiyenin-basketbol-aski-tanitildi\/","title":{"rendered":"\u2018T\u00fcrkiye\u2019nin Basketbol A\u015fk\u0131\u2019 tan\u0131t\u0131ld\u0131"},"content":{"rendered":"<p>T\u00fcrkiye Basketbol Federasyonu\u2019nun kurulu\u015funun 60. Y\u0131l\u0131 m\u00fcnasebetiyle haz\u0131rlanan \u2018T\u00fcrkiye\u2019nin Basketbol A\u015fk\u0131\u2019 kitab\u0131, yap\u0131lan lansmanla tan\u0131t\u0131ld\u0131. T\u00fcrkiye Basketbol Federasyonu Ba\u015fkan\u0131 Hidayet T\u00fcrko\u011flu, bu kitap sayesinde T\u00fcrk basketbolunu herkese anlatacaklar\u0131n\u0131 s\u00f6yledi.<\/p>\n<p>T\u00fcrkiye Basketbol Federasyonu\u2019nun kurulu\u015funun 60. y\u0131l\u0131 m\u00fcnasebetiyle \u2018Basketbola adanm\u0131\u015f hayatlar\u2019 i\u00e7in haz\u0131rlanan \u2018T\u00fcrkiye\u2019nin Basketbol A\u015fk\u0131\u2019 kitab\u0131n\u0131n lansman\u0131, Kanyon AVM\u2019de ger\u00e7ekle\u015fti. Lansmana T\u00fcrkiye Basketbol Federasyonu Ba\u015fkan\u0131 Hidayet T\u00fcrko\u011flu, T\u00fcrkiye Basketbol Federasyonu CEO\u2019su \u00d6mer Onan, A Milli Erkek Basketbol Tak\u0131m\u0131 Menajeri Kerem Tun\u00e7eri, TBF y\u00f6neticileri ve basketbol d\u00fcnyas\u0131ndan \u00e7ok say\u0131da isim kat\u0131ld\u0131.<\/p>\n<p>T\u00fcrko\u011flu: \u201cBu kitapla basketbol, T\u00fcrkiye\u2019de daha \u00e7ok bilinecek\u201d<\/p>\n<p>Lansmanda konu\u015fan T\u00fcrkiye Basketbol Federasyonu Ba\u015fkan\u0131 Hidayet T\u00fcrko\u011flu, kitapta eme\u011fi ge\u00e7enlere te\u015fekk\u00fcr ederek, \u201cBu kitab\u0131n haz\u0131rlanmas\u0131nda eme\u011fi ge\u00e7en ve basketbolun bu noktaya gelmesinde nemli emekleri olan b\u00fcy\u00fcklerimiz var. Basketbol i\u00e7in biz de bir \u015feyler katmaya \u00e7al\u0131\u015ft\u0131k. Sporculuk zaman\u0131nda emek veren ve \u015fimdi y\u00f6netici olarak bir \u015feyler katmaya \u00e7al\u0131\u015fan isimler olarak, bu lansmanda hepinizi g\u00f6rmekten dolay\u0131 mutluyuz. Sporcu olarak sahada emek vermi\u015ftik ve \u015fimdi y\u00f6netici olarak bir \u015feyler yapmaya \u00e7al\u0131\u015f\u0131yoruz. Bu kitap \u00e7al\u0131\u015fmas\u0131nda benim de yeni \u00f6\u011frendi\u011fim \u00e7ok nokta oldu. T\u00fcrk basktebolu, inan\u0131yorum ki bu kitapla beraber T\u00fcrkiye\u2019nin her yerinde daha \u00e7ok konu\u015fulup takip edilecektir. Bu kitap i\u00e7in inan\u0131yorum ki herkesten fikir al\u0131nm\u0131\u015ft\u0131r. Kitab\u0131m\u0131z hepimize hay\u0131rl\u0131 olsun. De\u011ferli b\u00fcy\u00fcklerimizden \u00e7ok \u015fey \u00f6\u011frendik, onlar\u0131 izleyerek basketbolu bir noktaya getirdik. \u0130n\u015fallah gen\u00e7lerimiz de bizi takip eder ve basketbolu daha da yukar\u0131ya \u00e7\u0131kar\u0131rlar. De\u011ferli abilerimize tekrar te\u015fekk\u00fcr ediyorum\u201d diye konu\u015ftu.<\/p>\n<p>T\u00fcrkiye Basketbol Federasyonu Genel Sekreter Yard\u0131mc\u0131s\u0131 ile kitab\u0131n Genel Yay\u0131n Y\u00f6netmeni Emin Balc\u0131 da 50 y\u0131ld\u0131r basketbolun i\u00e7inde olmas\u0131na kar\u015f\u0131n bu kitap sayesinde bilmedi\u011fi bir\u00e7ok konu oldu\u011funu s\u00f6yledi ve lansmana gelenlere te\u015fekk\u00fcr etti. Konu\u015fmalar\u0131n ard\u0131ndan toplu foto\u011fraf \u00e7ekimiyle organizasyon tamamland\u0131.<\/p>\n","protected":false},"excerpt":{"rendered":"<p>T\u00dcRK\u0130YE BASKETBOL FEDERASYONU\u2019NUN KURULU\u015eUNUN 60. YILI M\u00dcNASEBET\u0130YLE HAZIRLANAN \u2018T\u00dcRK\u0130YE\u2019N\u0130N BASKETBOL A\u015eKI\u2019 K\u0130TABI, YAPILAN LANSMANLA TANITILDI.<\/p>\n","protected":false},"author":1,"featured_media":246817,"comment_status":"closed","ping_status":"open","sticky":false,"template":"","format":"standard","meta":{"jetpack_post_was_ever_published":false,"_jetpack_newsletter_access":"","_jetpack_dont_email_post_to_subs":false,"_jetpack_newsletter_tier_id":0,"_jetpack_memberships_contains_paywalled_content":false,"_jetpack_memberships_contains_paid_content":false,"footnotes":"","jetpack_publicize_message":"","jetpack_publicize_feature_enabled":true,"jetpack_social_post_already_shared":true,"jetpack_social_options":{"image_generator_settings":{"template":"highway","default_image_id":0,"font":"","enabled":false},"version":2}},"categories":[657],"tags":[2247,3879,1860,177],"class_list":["post-246816","post","type-post","status-publish","format-standard","has-post-thumbnail","hentry","category-spor","tag-aski","tag-basketbol","tag-tanitildi","tag-turkiyenin"],"jetpack_publicize_connections":[],"jetpack_featured_media_url":"https:\/\/i0.wp.com\/www.tvturk.com\/wp-content\/uploads\/2019\/12\/turkiyenin-basketbol-aski-tanitildi_7a4f017.jpg?fit=1000%2C750","jetpack_sharing_enabled":true,"jetpack_shortlink":"https:\/\/wp.me\/paKIfm-12cU","_links":{"self":[{"href":"http:\/\/www.tvturk.com\/index.php\/wp-json\/wp\/v2\/posts\/246816","targetHints":{"allow":["GET"]}}],"collection":[{"href":"http:\/\/www.tvturk.com\/index.php\/wp-json\/wp\/v2\/posts"}],"about":[{"href":"http:\/\/www.tvturk.com\/index.php\/wp-json\/wp\/v2\/types\/post"}],"author":[{"embeddable":true,"href":"http:\/\/www.tvturk.com\/index.php\/wp-json\/wp\/v2\/users\/1"}],"replies":[{"embeddable":true,"href":"http:\/\/www.tvturk.com\/index.php\/wp-json\/wp\/v2\/comments?post=246816"}],"version-history":[{"count":0,"href":"http:\/\/www.tvturk.com\/index.php\/wp-json\/wp\/v2\/posts\/246816\/revisions"}],"wp:featuredmedia":[{"embeddable":true,"href":"http:\/\/www.tvturk.com\/index.php\/wp-json\/wp\/v2\/media\/246817"}],"wp:attachment":[{"href":"http:\/\/www.tvturk.com\/index.php\/wp-json\/wp\/v2\/media?parent=246816"}],"wp:term":[{"taxonomy":"category","embeddable":true,"href":"http:\/\/www.tvturk.com\/index.php\/wp-json\/wp\/v2\/categories?post=246816"},{"taxonomy":"post_tag","embeddable":true,"href":"http:\/\/www.tvturk.com\/index.php\/wp-json\/wp\/v2\/tags?post=246816"}],"curies":[{"name":"wp","href":"https:\/\/api.w.org\/{rel}","templated":true}]}}