{"id":24689,"date":"2019-02-12T12:36:09","date_gmt":"2019-02-12T09:36:09","guid":{"rendered":"http:\/\/www.tvturk.com\/index.php\/pau-standi-malide-buyuk-ilgi-gordu\/"},"modified":"2019-02-12T12:36:11","modified_gmt":"2019-02-12T09:36:11","slug":"pau-standi-malide-buyuk-ilgi-gordu","status":"publish","type":"post","link":"http:\/\/www.tvturk.com\/index.php\/pau-standi-malide-buyuk-ilgi-gordu\/","title":{"rendered":"PA\u00dc stand\u0131 Mali\u2019de b\u00fcy\u00fck ilgi g\u00f6rd\u00fc"},"content":{"rendered":"<p>T\u00fcrkiye Maarif Vakf\u0131 taraf\u0131ndan bu y\u0131l ikincisi d\u00fczenlenen T\u00fcrkiye E\u011fitim Fuar\u0131, Bat\u0131 Afrika \u00fclkesi olan Mali\u2019de ger\u00e7ekle\u015ftirildi. T\u00fcrkiye\u2019den \u00fcniversitelerin kat\u0131ld\u0131\u011f\u0131 fuarda tek devlet \u00fcniversitesi olarak yerini alan Pamukkale \u00dcniversitesi b\u00fcy\u00fck ilgi g\u00f6rd\u00fc.<\/p>\n<p>Ba\u015fkent Bamako\u2019daki Maarif Okullar\u0131 Kamp\u00fcs\u00fc\u2019nde d\u00fczenlenen fuarda Pamukkale \u00dcniversitesi stand\u0131 b\u00fcy\u00fck ilgi g\u00f6rd\u00fc. T\u00fcrkiye\u2019den tek devlet \u00fcniversitesi olarak fuara kat\u0131lan Pamukkale \u00dcniversitesi ziyaret\u00e7ilerini a\u011f\u0131rlad\u0131. Fuara kat\u0131lan \u00f6\u011frenciler ve velileri, T\u00fcrkiye ve Pamukkale \u00dcniversitesindeki e\u011fitim imkanlar\u0131 hakk\u0131nda bilgilendirildi. Haz\u0131rlanan materyallerle sunulan destekler de ziyaret\u00e7ilere aktar\u0131ld\u0131.<\/p>\n<p>Pamukkale \u00dcniversitesi do\u011fayla i\u00e7 i\u00e7e olan yerle\u015fkesi, \u00f6\u011frenci odakl\u0131 e\u011fitim anlay\u0131\u015f\u0131, teknolojik ara\u015ft\u0131rma merkezleri, k\u00fct\u00fcphane ortam\u0131 ve sosyal imk\u00e2nlar\u0131yla Malili \u00f6\u011frencilerin ilgi oda\u011f\u0131 oldu.<div class=\"tiled-gallery type-rectangular tiled-gallery-unresized\" data-original-width=\"500\" data-carousel-extra='null' itemscope itemtype=\"http:\/\/schema.org\/ImageGallery\" > <div class=\"gallery-row\" style=\"width: 500px; height: 350px;\" data-original-width=\"500\" data-original-height=\"350\" > <div class=\"gallery-group images-1\" style=\"width: 500px; height: 350px;\" data-original-width=\"500\" data-original-height=\"350\" > <div class=\"tiled-gallery-item tiled-gallery-item-large\" itemprop=\"associatedMedia\" itemscope itemtype=\"http:\/\/schema.org\/ImageObject\"> <a href=\"http:\/\/www.tvturk.com\/index.php\/pau-standi-malide-buyuk-ilgi-gordu\/pau-standi-malide-buyuk-ilgi-gordu-3\/\" border=\"0\" itemprop=\"url\"> <meta itemprop=\"width\" content=\"496\"> <meta itemprop=\"height\" content=\"346\"> <img decoding=\"async\" class=\"\" data-attachment-id=\"24691\" data-orig-file=\"http:\/\/www.tvturk.com\/wp-content\/uploads\/2019\/02\/pau-standi-malide-buyuk-ilgi-gordu_2a98918.jpg\" data-orig-size=\"1000,697\" data-comments-opened=\"\" data-image-meta=\"{&quot;aperture&quot;:&quot;0&quot;,&quot;credit&quot;:&quot;IHA&quot;,&quot;camera&quot;:&quot;&quot;,&quot;caption&quot;:&quot;T\\u00dcRK\\u0130YE MAAR\\u0130F VAKFI TARAFINDAN BU YIL \\u0130K\\u0130NC\\u0130S\\u0130 D\\u00dcZENLENEN T\\u00dcRK\\u0130YE E\\u011e\\u0130T\\u0130M FUARI, BATI AFR\\u0130KA \\u00dcLKES\\u0130 OLAN MAL\\u0130\\u2019DE GER\\u00c7EKLE\\u015eT\\u0130R\\u0130LD\\u0130. T\\u00dcRK\\u0130YE\\u2019DEN \\u00dcN\\u0130VERS\\u0130TELER\\u0130N KATILDI\\u011eI FUARDA TEK DEVLET \\u00dcN\\u0130VERS\\u0130TES\\u0130 OLARAK YER\\u0130N\\u0130 ALAN PAMUKKALE \\u00dcN\\u0130VERS\\u0130TES\\u0130 B\\u00dcY\\u00dcK \\u0130LG\\u0130 G\\u00d6RD\\u00dc. (G\\u00d6KTEN CEYLAN\\\/DEN\\u0130ZL\\u0130-\\u0130HA)&quot;,&quot;created_timestamp&quot;:&quot;0&quot;,&quot;copyright&quot;:&quot;\\u0130HLAS HABER AJANSI, www.iha.com.tr&quot;,&quot;focal_length&quot;:&quot;0&quot;,&quot;iso&quot;:&quot;0&quot;,&quot;shutter_speed&quot;:&quot;0&quot;,&quot;title&quot;:&quot;PA\\u00dc STANDI MAL\\u0130\\u2019DE B\\u00dcY\\u00dcK \\u0130LG\\u0130 G\\u00d6RD\\u00dc&quot;,&quot;orientation&quot;:&quot;0&quot;}\" data-image-title=\"PA\u00dc stand\u0131 Mali\u2019de b\u00fcy\u00fck ilgi g\u00f6rd\u00fc\" data-image-description=\"&lt;p&gt;PA\u00dc stand\u0131 Mali\u2019de b\u00fcy\u00fck ilgi g\u00f6rd\u00fc&lt;\/p&gt; \" data-medium-file=\"https:\/\/i0.wp.com\/www.tvturk.com\/wp-content\/uploads\/2019\/02\/pau-standi-malide-buyuk-ilgi-gordu_2a98918.jpg?fit=300%2C209\" data-large-file=\"https:\/\/i0.wp.com\/www.tvturk.com\/wp-content\/uploads\/2019\/02\/pau-standi-malide-buyuk-ilgi-gordu_2a98918.jpg?fit=1000%2C697\" src=\"https:\/\/i0.wp.com\/www.tvturk.com\/wp-content\/uploads\/2019\/02\/pau-standi-malide-buyuk-ilgi-gordu_2a98918.jpg?w=496&#038;h=346\" srcset=\"https:\/\/i0.wp.com\/www.tvturk.com\/wp-content\/uploads\/2019\/02\/pau-standi-malide-buyuk-ilgi-gordu_2a98918.jpg?w=1000 1000w, https:\/\/i0.wp.com\/www.tvturk.com\/wp-content\/uploads\/2019\/02\/pau-standi-malide-buyuk-ilgi-gordu_2a98918.jpg?resize=150%2C105 150w, https:\/\/i0.wp.com\/www.tvturk.com\/wp-content\/uploads\/2019\/02\/pau-standi-malide-buyuk-ilgi-gordu_2a98918.jpg?resize=300%2C209 300w, https:\/\/i0.wp.com\/www.tvturk.com\/wp-content\/uploads\/2019\/02\/pau-standi-malide-buyuk-ilgi-gordu_2a98918.jpg?resize=768%2C535 768w, https:\/\/i0.wp.com\/www.tvturk.com\/wp-content\/uploads\/2019\/02\/pau-standi-malide-buyuk-ilgi-gordu_2a98918.jpg?resize=80%2C55 80w\" width=\"496\" height=\"346\" loading=\"lazy\" data-original-width=\"496\" data-original-height=\"346\" itemprop=\"http:\/\/schema.org\/image\" title=\"PA\u00dc stand\u0131 Mali\u2019de b\u00fcy\u00fck ilgi g\u00f6rd\u00fc\" alt=\"PA\u00dc stand\u0131 Mali\u2019de b\u00fcy\u00fck ilgi g\u00f6rd\u00fc\" style=\"width: 496px; height: 346px;\" \/> <\/a> <\/div> <\/div> <!-- close group --> <\/div> <!-- close row --> <\/div><\/p>\n","protected":false},"excerpt":{"rendered":"<p>T\u00dcRK\u0130YE MAAR\u0130F VAKFI TARAFINDAN BU YIL \u0130K\u0130NC\u0130S\u0130 D\u00dcZENLENEN T\u00dcRK\u0130YE E\u011e\u0130T\u0130M FUARI, BATI AFR\u0130KA \u00dcLKES\u0130 OLAN MAL\u0130\u2019DE GER\u00c7EKLE\u015eT\u0130R\u0130LD\u0130. T\u00dcRK\u0130YE\u2019DEN \u00dcN\u0130VERS\u0130TELER\u0130N KATILDI\u011eI FUARDA TEK DEVLET \u00dcN\u0130VERS\u0130TES\u0130 OLARAK YER\u0130N\u0130 ALAN PAMUKKALE \u00dcN\u0130VERS\u0130TES\u0130 B\u00dcY\u00dcK \u0130LG\u0130 G\u00d6RD\u00dc.<\/p>\n","protected":false},"author":1,"featured_media":24690,"comment_status":"closed","ping_status":"open","sticky":false,"template":"","format":"standard","meta":{"jetpack_post_was_ever_published":false,"_jetpack_newsletter_access":"","_jetpack_dont_email_post_to_subs":false,"_jetpack_newsletter_tier_id":0,"_jetpack_memberships_contains_paywalled_content":false,"_jetpack_memberships_contains_paid_content":false,"footnotes":"","jetpack_publicize_message":"","jetpack_publicize_feature_enabled":true,"jetpack_social_post_already_shared":false,"jetpack_social_options":{"image_generator_settings":{"template":"highway","default_image_id":0,"font":"","enabled":false},"version":2}},"categories":[655],"tags":[545,244,1726,10329,4408,10328],"class_list":["post-24689","post","type-post","status-publish","format-standard","has-post-thumbnail","hentry","category-son-dakika","tag-buyuk","tag-gordu","tag-ilgi","tag-malide","tag-pau","tag-standi"],"jetpack_publicize_connections":[],"jetpack_featured_media_url":"https:\/\/i0.wp.com\/www.tvturk.com\/wp-content\/uploads\/2019\/02\/pau-standi-malide-buyuk-ilgi-gordu_d7db9af.jpg?fit=1000%2C708","jetpack_sharing_enabled":true,"jetpack_shortlink":"https:\/\/wp.me\/paKIfm-6qd","_links":{"self":[{"href":"http:\/\/www.tvturk.com\/index.php\/wp-json\/wp\/v2\/posts\/24689","targetHints":{"allow":["GET"]}}],"collection":[{"href":"http:\/\/www.tvturk.com\/index.php\/wp-json\/wp\/v2\/posts"}],"about":[{"href":"http:\/\/www.tvturk.com\/index.php\/wp-json\/wp\/v2\/types\/post"}],"author":[{"embeddable":true,"href":"http:\/\/www.tvturk.com\/index.php\/wp-json\/wp\/v2\/users\/1"}],"replies":[{"embeddable":true,"href":"http:\/\/www.tvturk.com\/index.php\/wp-json\/wp\/v2\/comments?post=24689"}],"version-history":[{"count":1,"href":"http:\/\/www.tvturk.com\/index.php\/wp-json\/wp\/v2\/posts\/24689\/revisions"}],"predecessor-version":[{"id":24692,"href":"http:\/\/www.tvturk.com\/index.php\/wp-json\/wp\/v2\/posts\/24689\/revisions\/24692"}],"wp:featuredmedia":[{"embeddable":true,"href":"http:\/\/www.tvturk.com\/index.php\/wp-json\/wp\/v2\/media\/24690"}],"wp:attachment":[{"href":"http:\/\/www.tvturk.com\/index.php\/wp-json\/wp\/v2\/media?parent=24689"}],"wp:term":[{"taxonomy":"category","embeddable":true,"href":"http:\/\/www.tvturk.com\/index.php\/wp-json\/wp\/v2\/categories?post=24689"},{"taxonomy":"post_tag","embeddable":true,"href":"http:\/\/www.tvturk.com\/index.php\/wp-json\/wp\/v2\/tags?post=24689"}],"curies":[{"name":"wp","href":"https:\/\/api.w.org\/{rel}","templated":true}]}}