{"id":246938,"date":"2019-12-25T09:32:00","date_gmt":"2019-12-25T06:32:00","guid":{"rendered":"http:\/\/www.tvturk.com\/index.php\/hastanede-yangin-ve-patlama-tatbikati-nefes-kesti\/"},"modified":"2019-12-25T09:32:00","modified_gmt":"2019-12-25T06:32:00","slug":"hastanede-yangin-ve-patlama-tatbikati-nefes-kesti","status":"publish","type":"post","link":"http:\/\/www.tvturk.com\/index.php\/hastanede-yangin-ve-patlama-tatbikati-nefes-kesti\/","title":{"rendered":"Hastanede yang\u0131n ve patlama tatbikat\u0131 nefes kesti"},"content":{"rendered":"<p>D\u00dcZCE(\u0130HA) \u2013 D\u00fczce \u00dcniversitesi Ara\u015ft\u0131rma ve Uygulama Hastanesinde ger\u00e7ekle\u015ftirilen yang\u0131n ve patlama tatbikat\u0131 ger\u00e7e\u011fini aratmad\u0131.<\/p>\n<p>D\u00fczce \u00dcniversitesi Ara\u015ft\u0131rma ve Uygulama Hastanesinde, D\u00fczce Belediyesi \u0130tfaiye M\u00fcd\u00fcrl\u00fc\u011f\u00fc, D\u00fczce \u0130l Sa\u011fl\u0131k M\u00fcd\u00fcrl\u00fc\u011f\u00fc ve UMKE ekiplerinin ortak \u00e7al\u0131\u015fmas\u0131yla, ger\u00e7e\u011fini aratmayan yang\u0131n ve patlama tatbikat\u0131 ger\u00e7ekle\u015ftirildi.<\/p>\n<p>Tatbikatta senaryo gere\u011fi, poliklinik binas\u0131nda yang\u0131n meydana geldi. Yang\u0131n\u0131n fark edilmesiyle \u00f6nce k\u0131rm\u0131z\u0131 kod uyar\u0131s\u0131 verilip, daha sonra yang\u0131n uyar\u0131 sistemi devreye sokularak 112\u2019ye ihbarda bulunuldu. Binada bulunan hastalar ekipler taraf\u0131ndan tahliye edildi. Enkaz alt\u0131nda kalanlar ekipler taraf\u0131ndan tek tek \u00e7\u0131kart\u0131ld\u0131. Tatbikat ile acil durum ile ola\u011fan\u00fcst\u00fc hallerde ilk yard\u0131m, h\u0131zl\u0131 tahliye ve g\u00fcvenli b\u00f6lgeye ula\u015f\u0131m konular\u0131nda \u00e7al\u0131\u015fanlar\u0131n ve ekiplerin haz\u0131rl\u0131klar\u0131 \u00f6l\u00e7\u00fcld\u00fc.<\/p>\n<p>D\u00fczce \u00dcniversitesi Ara\u015ft\u0131rma Uygulama Hastanesi Ba\u015fhekimi Prof. Dr. \u00d6ner Abidin Balbay ger\u00e7ekle\u015ftirilen tatbikatla ilgili olarak \u201cT\u00fcm kamu kurulu\u015flar\u0131nda fark\u0131ndal\u0131\u011f\u0131 art\u0131rmak i\u00e7in b\u00f6yle durumlar ya\u015fand\u0131\u011f\u0131nda neler yapabilece\u011fimizle ilgili bir tatbikat ama ger\u00e7ekten tatbikat\u0131 yaparken sanki ger\u00e7ekten olmu\u015f gibi i\u00e7inde ya\u015fayarak olmu\u015f gibi davran\u0131yoruz. T\u00fcm ekipler bir b\u00fct\u00fcn olarak, 112 Acil Servis, itfaiye ekipleri, UMKE ve kendi kurumumuzdaki t\u00fcm ilgili ekiplerle birlikte b\u00f6yle durumlarda neler yap\u0131labilir, eksikliklerimiz nedir, olmas\u0131 gereken ve olmamas\u0131 gereken durumlar nedir t\u00fcm bunlar\u0131 de\u011ferlendirme \u015fans\u0131m\u0131z oluyor. Bu tatbikatlar bu a\u00e7\u0131dan bizler i\u00e7in \u00f6nemli. Her y\u0131l d\u00fczenli bir \u015fekilde yap\u0131yoruz. Bize destek veren t\u00fcm kamu kurulu\u015flar\u0131na \u00e7ok \u00e7ok te\u015fekk\u00fcr ediyoruz. Umar\u0131m bu t\u00fcr felaketler ya\u015fanmaz. Ama ya\u015fand\u0131\u011f\u0131 zamanda ne yapmam\u0131z gerekti\u011fi konusunda tecr\u00fcbeli olmam\u0131z gerekiyor\u201d diye konu\u015ftu.<\/p>\n","protected":false},"excerpt":{"rendered":"<p>D\u00dcZCE \u00dcN\u0130VERS\u0130TES\u0130 ARA\u015eTIRMA VE UYGULAMA HASTANES\u0130NDE GER\u00c7EKLE\u015eT\u0130R\u0130LEN YANGIN VE PATLAMA TATB\u0130KATI GER\u00c7E\u011e\u0130N\u0130 ARATMADI.<\/p>\n","protected":false},"author":1,"featured_media":246939,"comment_status":"closed","ping_status":"open","sticky":false,"template":"","format":"standard","meta":{"jetpack_post_was_ever_published":false,"_jetpack_newsletter_access":"","_jetpack_dont_email_post_to_subs":false,"_jetpack_newsletter_tier_id":0,"_jetpack_memberships_contains_paywalled_content":false,"_jetpack_memberships_contains_paid_content":false,"footnotes":"","jetpack_publicize_message":"","jetpack_publicize_feature_enabled":true,"jetpack_social_post_already_shared":true,"jetpack_social_options":{"image_generator_settings":{"template":"highway","default_image_id":0,"font":"","enabled":false},"version":2}},"categories":[1],"tags":[7219,224,223,4398,222,1617],"class_list":["post-246938","post","type-post","status-publish","format-standard","has-post-thumbnail","hentry","category-genel","tag-hastanede","tag-kesti","tag-nefes","tag-patlama","tag-tatbikati","tag-yangin"],"jetpack_publicize_connections":[],"jetpack_featured_media_url":"https:\/\/i0.wp.com\/www.tvturk.com\/wp-content\/uploads\/2019\/12\/hastanede-yangin-ve-patlama-tatbikati-nefes-kesti_3016884.jpg?fit=1000%2C750","jetpack_sharing_enabled":true,"jetpack_shortlink":"https:\/\/wp.me\/paKIfm-12eS","_links":{"self":[{"href":"http:\/\/www.tvturk.com\/index.php\/wp-json\/wp\/v2\/posts\/246938","targetHints":{"allow":["GET"]}}],"collection":[{"href":"http:\/\/www.tvturk.com\/index.php\/wp-json\/wp\/v2\/posts"}],"about":[{"href":"http:\/\/www.tvturk.com\/index.php\/wp-json\/wp\/v2\/types\/post"}],"author":[{"embeddable":true,"href":"http:\/\/www.tvturk.com\/index.php\/wp-json\/wp\/v2\/users\/1"}],"replies":[{"embeddable":true,"href":"http:\/\/www.tvturk.com\/index.php\/wp-json\/wp\/v2\/comments?post=246938"}],"version-history":[{"count":0,"href":"http:\/\/www.tvturk.com\/index.php\/wp-json\/wp\/v2\/posts\/246938\/revisions"}],"wp:featuredmedia":[{"embeddable":true,"href":"http:\/\/www.tvturk.com\/index.php\/wp-json\/wp\/v2\/media\/246939"}],"wp:attachment":[{"href":"http:\/\/www.tvturk.com\/index.php\/wp-json\/wp\/v2\/media?parent=246938"}],"wp:term":[{"taxonomy":"category","embeddable":true,"href":"http:\/\/www.tvturk.com\/index.php\/wp-json\/wp\/v2\/categories?post=246938"},{"taxonomy":"post_tag","embeddable":true,"href":"http:\/\/www.tvturk.com\/index.php\/wp-json\/wp\/v2\/tags?post=246938"}],"curies":[{"name":"wp","href":"https:\/\/api.w.org\/{rel}","templated":true}]}}