{"id":246980,"date":"2019-12-25T10:16:42","date_gmt":"2019-12-25T07:16:42","guid":{"rendered":"http:\/\/www.tvturk.com\/index.php\/sehit-annesi-oglunun-isminin-okula-verilmesini-istiyor\/"},"modified":"2019-12-25T10:16:42","modified_gmt":"2019-12-25T07:16:42","slug":"sehit-annesi-oglunun-isminin-okula-verilmesini-istiyor","status":"publish","type":"post","link":"http:\/\/www.tvturk.com\/index.php\/sehit-annesi-oglunun-isminin-okula-verilmesini-istiyor\/","title":{"rendered":"\u015eehit annesi o\u011flunun isminin okula verilmesini istiyor"},"content":{"rendered":"<p>Hakkari\u2019nin \u00c7ukurca il\u00e7esinde ter\u00f6ristlerce yola tuzaklanan patlay\u0131c\u0131n\u0131n z\u0131rhl\u0131 arac\u0131n ge\u00e7i\u015fi s\u0131ras\u0131nda patlamas\u0131 sonucu \u015fehit olan \u00f6zel harekat polisi Bayram \u00c7i\u00e7ek\u2019in annesi \u015eemsi \u00c7i\u00e7ek, o\u011flunun isminin mahallerindeki bir okula verilmesini istiyor.<\/p>\n<p>Kahramanmara\u015f\u2019\u0131n Af\u015fin il\u00e7esine ba\u011fl\u0131 Ar\u0131ta\u015f Mahallesi\u2019nde ya\u015fayan \u015fehit annesi \u015eemsi \u00c7i\u00e7ek, o\u011flunun polisli\u011fi severek yapt\u0131\u011f\u0131n\u0131 ve vatan\u0131 i\u00e7in \u015fehit oldu\u011funu belirterek, \u201cO\u011flum ba\u015far\u0131l\u0131 bir \u00f6\u011frenciydi. Kayseri\u2019de \u00f6\u011fretmenli\u011fi kazand\u0131 ama gitmedi. A\u011fabeyi gibi polis olmay\u0131 istedi. O\u011flumun ismi Kayseri\u2019de bir k\u00fct\u00fcphaneye verildi. Ama ben do\u011fdu\u011fu yer olan Ar\u0131ta\u015f Mahallesi\u2019nde bir okula ya da \u00f6\u011frenci yurduna \u015fehit \u00e7ocu\u011fumun isminin verilmesini istiyorum. H\u00fck\u00fcmetimizden hi\u00e7bir \u015fey istemiyorum. Hepsinden Allah raz\u0131 olsun. Sadece \u00e7ocu\u011fumun ismi bir okula verilirse yeter. Evimize yak\u0131n \u00f6\u011frenci yurdu yap\u0131ld\u0131. Oraya ismini verseler, gelip giderken bakar\u0131m&#8221; dedi.<\/p>\n","protected":false},"excerpt":{"rendered":"<p>HAKKAR\u0130\u2019N\u0130N \u00c7UKURCA B\u00d6LGES\u0130NDE TER\u00d6R\u0130STLERCE YOLA TUZAKLANAN PATLAYICININ ZIRHLI ARACIN GE\u00c7\u0130\u015e\u0130 SIRASINDA PATLAMASI SONUCU \u015eEH\u0130T OLAN \u00d6ZEL HAREKAT POL\u0130S\u0130 BAYRAM \u00c7\u0130\u00c7EK\u2019\u0130N ANNES\u0130 \u015eEMS\u0130 \u00c7\u0130\u00c7EK O\u011eLUNUN \u0130SM\u0130N\u0130 MAHALLER\u0130NDEK\u0130 B\u0130R OKULA VER\u0130LMES\u0130N\u0130 \u0130ST\u0130YOR.<\/p>\n","protected":false},"author":1,"featured_media":246981,"comment_status":"closed","ping_status":"open","sticky":false,"template":"","format":"standard","meta":{"jetpack_post_was_ever_published":false,"_jetpack_newsletter_access":"","_jetpack_dont_email_post_to_subs":false,"_jetpack_newsletter_tier_id":0,"_jetpack_memberships_contains_paywalled_content":false,"_jetpack_memberships_contains_paid_content":false,"footnotes":"","jetpack_publicize_message":"","jetpack_publicize_feature_enabled":true,"jetpack_social_post_already_shared":true,"jetpack_social_options":{"image_generator_settings":{"template":"highway","default_image_id":0,"font":"","enabled":false},"version":2}},"categories":[1],"tags":[5282,25865,99,2117,4317,237,25866],"class_list":["post-246980","post","type-post","status-publish","format-standard","has-post-thumbnail","hentry","category-genel","tag-annesi","tag-isminin","tag-istiyor","tag-oglunun","tag-okula","tag-sehit","tag-verilmesini"],"jetpack_publicize_connections":[],"jetpack_featured_media_url":"https:\/\/i0.wp.com\/www.tvturk.com\/wp-content\/uploads\/2019\/12\/sehit-annesi-oglunun-isminin-okula-verilmesini-istiyor_eceee76.jpg?fit=1000%2C563","jetpack_sharing_enabled":true,"jetpack_shortlink":"https:\/\/wp.me\/paKIfm-12fy","_links":{"self":[{"href":"http:\/\/www.tvturk.com\/index.php\/wp-json\/wp\/v2\/posts\/246980","targetHints":{"allow":["GET"]}}],"collection":[{"href":"http:\/\/www.tvturk.com\/index.php\/wp-json\/wp\/v2\/posts"}],"about":[{"href":"http:\/\/www.tvturk.com\/index.php\/wp-json\/wp\/v2\/types\/post"}],"author":[{"embeddable":true,"href":"http:\/\/www.tvturk.com\/index.php\/wp-json\/wp\/v2\/users\/1"}],"replies":[{"embeddable":true,"href":"http:\/\/www.tvturk.com\/index.php\/wp-json\/wp\/v2\/comments?post=246980"}],"version-history":[{"count":0,"href":"http:\/\/www.tvturk.com\/index.php\/wp-json\/wp\/v2\/posts\/246980\/revisions"}],"wp:featuredmedia":[{"embeddable":true,"href":"http:\/\/www.tvturk.com\/index.php\/wp-json\/wp\/v2\/media\/246981"}],"wp:attachment":[{"href":"http:\/\/www.tvturk.com\/index.php\/wp-json\/wp\/v2\/media?parent=246980"}],"wp:term":[{"taxonomy":"category","embeddable":true,"href":"http:\/\/www.tvturk.com\/index.php\/wp-json\/wp\/v2\/categories?post=246980"},{"taxonomy":"post_tag","embeddable":true,"href":"http:\/\/www.tvturk.com\/index.php\/wp-json\/wp\/v2\/tags?post=246980"}],"curies":[{"name":"wp","href":"https:\/\/api.w.org\/{rel}","templated":true}]}}