{"id":247058,"date":"2019-12-25T11:46:39","date_gmt":"2019-12-25T08:46:39","guid":{"rendered":"http:\/\/www.tvturk.com\/index.php\/adana-yagmura-kuzey-ilceleri-kara-teslim-oldu\/"},"modified":"2019-12-25T11:46:39","modified_gmt":"2019-12-25T08:46:39","slug":"adana-yagmura-kuzey-ilceleri-kara-teslim-oldu","status":"publish","type":"post","link":"http:\/\/www.tvturk.com\/index.php\/adana-yagmura-kuzey-ilceleri-kara-teslim-oldu\/","title":{"rendered":"Adana ya\u011fmura, kuzey il\u00e7eleri kara teslim oldu"},"content":{"rendered":"<p>Adana merkez ya\u011fmura, Tufanbeyli, Saimbeyli ve Feke il\u00e7eleri de kara teslim oldu.<\/p>\n<p>Adana merkezde 2 g\u00fcnd\u00fcr devam eden ya\u011fmur hayat\u0131 olumsuz etkilerken, Tufanbeyli, Feke ve Saimbeyli il\u00e7elerinde ise kar ya\u011f\u0131\u015f\u0131 etkili oluyor.  \u00d6zellikle Adana\u2019n\u0131n en kuzey il\u00e7esi olan Tufanbeyli kara teslim oldu. \u0130ki g\u00fcnd\u00fcr devam eden kar ya\u011f\u0131\u015f\u0131 nedeniyle kaymakaml\u0131k okullar\u0131 bug\u00fcn tatil etti. Kar ya\u011f\u0131\u015f\u0131n\u0131n k\u00f6ylerde daha etkili oldu\u011fu, kapanan yollar\u0131n yeniden a\u00e7\u0131ld\u0131\u011f\u0131 \u00f6\u011frenildi.<\/p>\n<p>Bu arada, Tufanbeyli-Kayseri aras\u0131ndaki yolun da a\u015f\u0131r\u0131 kar ya\u011f\u0131\u015f\u0131 nedeniyle kapand\u0131\u011f\u0131, yap\u0131lan \u00e7al\u0131\u015fma sonunda yeniden a\u00e7\u0131ld\u0131\u011f\u0131 ancak ula\u015f\u0131m\u0131n g\u00fc\u00e7l\u00fckle sa\u011fland\u0131\u011f\u0131 bildirildi.<\/p>\n","protected":false},"excerpt":{"rendered":"<p>ADANA MERKEZ YA\u011eMURA TESL\u0130M OLURKEN, TUFANBEYL\u0130 BA\u015eTA OLMAK \u00dcZERE SA\u0130MBEYL\u0130 VE FEKE \u0130L\u00c7ELER\u0130 DE KARA TESL\u0130M OLDU<\/p>\n","protected":false},"author":1,"featured_media":247059,"comment_status":"closed","ping_status":"open","sticky":false,"template":"","format":"standard","meta":{"jetpack_post_was_ever_published":false,"_jetpack_newsletter_access":"","_jetpack_dont_email_post_to_subs":false,"_jetpack_newsletter_tier_id":0,"_jetpack_memberships_contains_paywalled_content":false,"_jetpack_memberships_contains_paid_content":false,"footnotes":"","jetpack_publicize_message":"","jetpack_publicize_feature_enabled":true,"jetpack_social_post_already_shared":true,"jetpack_social_options":{"image_generator_settings":{"template":"highway","default_image_id":0,"font":"","enabled":false},"version":2}},"categories":[1],"tags":[2080,427,2053,9741,77,169,5374],"class_list":["post-247058","post","type-post","status-publish","format-standard","has-post-thumbnail","hentry","category-genel","tag-adana","tag-ilceleri","tag-kara","tag-kuzey","tag-oldu","tag-teslim","tag-yagmura"],"jetpack_publicize_connections":[],"jetpack_featured_media_url":"https:\/\/i0.wp.com\/www.tvturk.com\/wp-content\/uploads\/2019\/12\/adana-yagmura-kuzey-ilceleri-kara-teslim-oldu_a75f4ce.jpg?fit=1000%2C562","jetpack_sharing_enabled":true,"jetpack_shortlink":"https:\/\/wp.me\/paKIfm-12gO","_links":{"self":[{"href":"http:\/\/www.tvturk.com\/index.php\/wp-json\/wp\/v2\/posts\/247058","targetHints":{"allow":["GET"]}}],"collection":[{"href":"http:\/\/www.tvturk.com\/index.php\/wp-json\/wp\/v2\/posts"}],"about":[{"href":"http:\/\/www.tvturk.com\/index.php\/wp-json\/wp\/v2\/types\/post"}],"author":[{"embeddable":true,"href":"http:\/\/www.tvturk.com\/index.php\/wp-json\/wp\/v2\/users\/1"}],"replies":[{"embeddable":true,"href":"http:\/\/www.tvturk.com\/index.php\/wp-json\/wp\/v2\/comments?post=247058"}],"version-history":[{"count":0,"href":"http:\/\/www.tvturk.com\/index.php\/wp-json\/wp\/v2\/posts\/247058\/revisions"}],"wp:featuredmedia":[{"embeddable":true,"href":"http:\/\/www.tvturk.com\/index.php\/wp-json\/wp\/v2\/media\/247059"}],"wp:attachment":[{"href":"http:\/\/www.tvturk.com\/index.php\/wp-json\/wp\/v2\/media?parent=247058"}],"wp:term":[{"taxonomy":"category","embeddable":true,"href":"http:\/\/www.tvturk.com\/index.php\/wp-json\/wp\/v2\/categories?post=247058"},{"taxonomy":"post_tag","embeddable":true,"href":"http:\/\/www.tvturk.com\/index.php\/wp-json\/wp\/v2\/tags?post=247058"}],"curies":[{"name":"wp","href":"https:\/\/api.w.org\/{rel}","templated":true}]}}