{"id":247106,"date":"2019-12-25T12:46:40","date_gmt":"2019-12-25T09:46:40","guid":{"rendered":"http:\/\/www.tvturk.com\/index.php\/cadirda-mahsur-kalan-multeciler-kurtarildi\/"},"modified":"2019-12-25T12:46:40","modified_gmt":"2019-12-25T09:46:40","slug":"cadirda-mahsur-kalan-multeciler-kurtarildi","status":"publish","type":"post","link":"http:\/\/www.tvturk.com\/index.php\/cadirda-mahsur-kalan-multeciler-kurtarildi\/","title":{"rendered":"\u00c7ad\u0131rda mahsur kalan m\u00fclteciler kurtar\u0131ld\u0131"},"content":{"rendered":"<p>Adana\u2019da Seyhan Belediyesi ekipleri, \u015fiddetli ya\u011f\u0131\u015flar nedeniyle \u00e7ad\u0131rlarda mahsur kalan yakla\u015f\u0131k 100 m\u00fclteciyi kurtararak taziye evine yerle\u015ftirdi.<\/p>\n<p>\u015eiddetli ya\u011f\u0131\u015flar sonucu olu\u015fan su bask\u0131n\u0131 \u00fczerine Seyhan Belediyesi personeli ile birlikte harekete ge\u00e7en Ba\u015fkan Akif Kemal Akay, \u00c7aput\u00e7u Mahallesi\u2019nde tarlalarda \u00e7al\u0131\u015fan ve \u00e7ad\u0131rda kalan yakla\u015f\u0131k 100 m\u00fcltecinin mahsur kald\u0131\u011f\u0131 bilgisi \u00fczerine saat 02.00\u2019de ekipleri b\u00f6lgeye y\u00f6nlendirdi. \u00c7ad\u0131rda suyun i\u00e7inde mahsur kalan m\u00fclteciler, Seyhan Belediyesi ekipleri taraf\u0131ndan kurtar\u0131larak sabaha kar\u015f\u0131 saat 05.00\u2019te e\u015fyalar\u0131yla birlikte Ova Taziye Evi\u2019ne getirildi.<\/p>\n<p>T\u00fcm gece il\u00e7edeki ma\u011fdur vatanda\u015flar\u0131n evlerini ziyaret eden Seyhan Belediye Ba\u015fkan\u0131 Akif Kemal Akay, m\u00fcltecilerin taziye evine yerle\u015ftirilmesini de denetledi. M\u00fcltecilere \u201cge\u00e7mi\u015f olsun\u201d dileklerini ileten Akay, s\u0131cak yemek gibi m\u00fcltecilerin zorunlu ihtiya\u00e7lar\u0131n\u0131n tam ve zaman\u0131nda sa\u011flanmas\u0131 talimat\u0131n\u0131 yeniledi. Ba\u015fkan Akay, Seyhan Belediyesi \u0130\u015fletme, Fen \u0130\u015fleri, Temizlik, Park Bah\u00e7eler ve Sosyal \u0130\u015fler m\u00fcd\u00fcrl\u00fcklerinden olu\u015fturulan ekiplerle birlikte su bask\u0131nlar\u0131ndan etkilenen halk\u0131n yan\u0131nda olmaya devam edeceklerini s\u00f6yledi.<\/p>\n<p>A\u00e7\u0131klamada evlerini su basan ve evi olmayan t\u00fcm vatanda\u015flar\u0131n konaklama ve yiyecek ihtiyac\u0131n\u0131 kar\u015f\u0131lamak \u00fczere k\u00fclt\u00fcr ve taziye evlerinin kap\u0131lar\u0131n\u0131n 3 g\u00fcn boyunca a\u00e7\u0131k tutulaca\u011f\u0131 belirtildi.<\/p>\n","protected":false},"excerpt":{"rendered":"<p>SEYHAN BELED\u0130YES\u0130 EK\u0130PLER\u0130, YA\u011eI\u015eLARDA \u00c7ADIRLARDA MAHSUR KALAN YAKLA\u015eIK 100 M\u00dcLTEC\u0130Y\u0130 OVA TAZ\u0130YE EV\u0130NE YERLE\u015eT\u0130RD\u0130.<\/p>\n","protected":false},"author":1,"featured_media":247107,"comment_status":"closed","ping_status":"open","sticky":false,"template":"","format":"standard","meta":{"jetpack_post_was_ever_published":false,"_jetpack_newsletter_access":"","_jetpack_dont_email_post_to_subs":false,"_jetpack_newsletter_tier_id":0,"_jetpack_memberships_contains_paywalled_content":false,"_jetpack_memberships_contains_paid_content":false,"footnotes":"","jetpack_publicize_message":"","jetpack_publicize_feature_enabled":true,"jetpack_social_post_already_shared":true,"jetpack_social_options":{"image_generator_settings":{"template":"highway","default_image_id":0,"font":"","enabled":false},"version":2}},"categories":[1],"tags":[23523,1274,766,2381,3737],"class_list":["post-247106","post","type-post","status-publish","format-standard","has-post-thumbnail","hentry","category-genel","tag-cadirda","tag-kalan","tag-kurtarildi","tag-mahsur","tag-multeciler"],"jetpack_publicize_connections":[],"jetpack_featured_media_url":"https:\/\/i0.wp.com\/www.tvturk.com\/wp-content\/uploads\/2019\/12\/cadirda-mahsur-kalan-multeciler-kurtarildi_d7b4576.jpg?fit=1000%2C666","jetpack_sharing_enabled":true,"jetpack_shortlink":"https:\/\/wp.me\/paKIfm-12hA","_links":{"self":[{"href":"http:\/\/www.tvturk.com\/index.php\/wp-json\/wp\/v2\/posts\/247106","targetHints":{"allow":["GET"]}}],"collection":[{"href":"http:\/\/www.tvturk.com\/index.php\/wp-json\/wp\/v2\/posts"}],"about":[{"href":"http:\/\/www.tvturk.com\/index.php\/wp-json\/wp\/v2\/types\/post"}],"author":[{"embeddable":true,"href":"http:\/\/www.tvturk.com\/index.php\/wp-json\/wp\/v2\/users\/1"}],"replies":[{"embeddable":true,"href":"http:\/\/www.tvturk.com\/index.php\/wp-json\/wp\/v2\/comments?post=247106"}],"version-history":[{"count":0,"href":"http:\/\/www.tvturk.com\/index.php\/wp-json\/wp\/v2\/posts\/247106\/revisions"}],"wp:featuredmedia":[{"embeddable":true,"href":"http:\/\/www.tvturk.com\/index.php\/wp-json\/wp\/v2\/media\/247107"}],"wp:attachment":[{"href":"http:\/\/www.tvturk.com\/index.php\/wp-json\/wp\/v2\/media?parent=247106"}],"wp:term":[{"taxonomy":"category","embeddable":true,"href":"http:\/\/www.tvturk.com\/index.php\/wp-json\/wp\/v2\/categories?post=247106"},{"taxonomy":"post_tag","embeddable":true,"href":"http:\/\/www.tvturk.com\/index.php\/wp-json\/wp\/v2\/tags?post=247106"}],"curies":[{"name":"wp","href":"https:\/\/api.w.org\/{rel}","templated":true}]}}