{"id":24714,"date":"2019-02-12T12:36:34","date_gmt":"2019-02-12T09:36:34","guid":{"rendered":"http:\/\/www.tvturk.com\/index.php\/erzincan-belediyesi-genclik-korosu-ilk-konserini-verdi\/"},"modified":"2019-02-12T12:36:37","modified_gmt":"2019-02-12T09:36:37","slug":"erzincan-belediyesi-genclik-korosu-ilk-konserini-verdi","status":"publish","type":"post","link":"http:\/\/www.tvturk.com\/index.php\/erzincan-belediyesi-genclik-korosu-ilk-konserini-verdi\/","title":{"rendered":"Erzincan Belediyesi Gen\u00e7lik Korosu ilk konserini verdi"},"content":{"rendered":"<p>Erzincan Belediyesi taraf\u0131ndan olu\u015fturulan Gen\u00e7lik Korosu ilk konserini verdi. \u0130lk defa halk\u0131n kar\u015f\u0131na \u00e7\u0131kan gen\u00e7lerin heyecan\u0131 g\u00f6r\u00fclmeye de\u011ferdi.<\/p>\n<p>Erzincan Belediyesi K\u00fclt\u00fcr Sanat Merkezi \u015eehir Tiyatrosu sahnesinde d\u00fczenlenen Gen\u00e7lik Korosu Konseri vatanda\u015flardan b\u00fcy\u00fck ilgi g\u00f6rd\u00fc.<\/p>\n<p>Konsere Erzincan Valisi Ali Arslanta\u015f, Erzincan Milletvekilleri S\u00fcleyman Karaman ve Burhan \u00c7ak\u0131r, Erzincan Belediye Ba\u015fkan\u0131 Cemalettin Ba\u015fsoy ve Ak Parti \u0130l Ba\u015fkan\u0131 Mehmet Cavit \u015eireci\u2019de kat\u0131l\u0131m g\u00f6sterdi.<\/p>\n<p>Erzincan Belediyesi K\u00fclt\u00fcr Sosyal \u0130\u015fler M\u00fcd\u00fcrl\u00fc\u011f\u00fc Tiyatro Salonunda d\u00fczenlenen konserde Erzincan t\u00fcrk\u00fcleri seslendirildi.  17 korist, 7 m\u00fczisyenden olu\u015fan gen\u00e7 koro solo ve koro halinde 12 par\u00e7a seslendirdi.<\/p>\n<p>Programda bir konu\u015fma yapan Erzincan Belediye Ba\u015fkan\u0131 Cemalettin Ba\u015fsoy, \u201cBuraya nas\u0131l gelindi k\u0131saca bilgi vermek istiyorum bu bina 92 depremi sonras\u0131 yap\u0131ld\u0131 \u015fuana kadar 3 kere tadilat g\u00f6rd\u00fc ve son 3 y\u0131la kadar 25 y\u0131ld\u0131r hi\u00e7bir i\u015flem yap\u0131lmad\u0131. Arkada\u015flar\u0131m\u0131za talimat verdik \u00e7ok k\u0131sa bir s\u00fcre i\u00e7erisinde bir k\u00fclt\u00fcr merkezine \u00e7evrilmesini istedik. Allaha hamdolsun 3 y\u0131ld\u0131r burada k\u00fclt\u00fcr sosyal i\u015fler m\u00fcd\u00fcrl\u00fc\u011f\u00fcm\u00fcz, et\u00fct proje m\u00fcd\u00fcrl\u00fc\u011f\u00fcm\u00fcz, nikah memurlu\u011fumuz, aile dan\u0131\u015fmal\u0131k merkezi ve meslek edindirme kurslar\u0131m\u0131z gibi \u015fehir tiyatrosu gibi bir \u00e7ok aktiviteler burada ger\u00e7ekle\u015ftiriliyor. Burada K\u00fclt\u00fcr Sosyal \u0130\u015fler M\u00fcd\u00fcr\u00fcm\u00fcze ve ekibine te\u015fekk\u00fcr ediyorum. Erzincan Belediyesi \u015fehir tiyatrosunu kurduk ve o g\u00fcnden bu g\u00fcne kadar \u00e7e\u015fitli oyunlar sergilendi. Bu salon yakla\u015f\u0131k 1 ay \u00f6nce a\u00e7\u0131ld\u0131 bu salon yoktu \u015fehrimize bu salonu kazand\u0131rd\u0131k. 3 y\u0131ld\u0131r devam eden meslek edindirme kurslar\u0131m\u0131z, T\u00fcrk sanat m\u00fczi\u011fi kurslar\u0131m\u0131z, enstr\u00fcman kurslar\u0131m\u0131z, gen\u00e7lerimize y\u00f6nelik kurslar h\u0131zla devam etti ve en sonunda bunlar\u0131n semerelerini g\u00f6rmeye ba\u015flad\u0131k. \u0130\u015fte buradaki karde\u015flerimiz belediyemizin kurslar\u0131nda e\u011fitim alm\u0131\u015f ve bug\u00fcn Erzincan\u2019\u0131m\u0131za gen\u00e7lik korosu olarak \u00e7\u0131kt\u0131lar. Tand\u0131rba\u015f\u0131 ekibimizi kurduk, yerel sanat\u00e7\u0131lar\u0131m\u0131z\u0131 muhafaza alt\u0131na ald\u0131k. Huzurlar\u0131n\u0131zda bu arkada\u015flar\u0131m\u0131z\u0131 yeti\u015ftiren hocalar\u0131m\u0131za, ekibimize ve Tiyatro ekibini kurup bu seviyelere getiren O\u011fuz Alpaslan karde\u015fimize huzurlar\u0131n\u0131zda te\u015fekk\u00fcr ediyorum. Biz belediye olarak k\u00fclt\u00fcr ve sosyal faaliyetlere s\u0131n\u0131rs\u0131z destek verdik bundan sonra da vermeye devam edece\u011fiz \u00e7\u00fcnk\u00fc biz ge\u00e7mi\u015fle gelecek aras\u0131nda bir k\u00f6pr\u00fcy\u00fcz ge\u00e7mi\u015fteki k\u00fclt\u00fcr\u00fcm\u00fcz\u00fc, medeniyetimizi gelecek nesillerimize aktarmak i\u00e7in ve bunlar\u0131n yok olmamas\u0131 i\u00e7in ekip olarak elimizden ne geliyorsa bunu yapaca\u011f\u0131z. Ba\u015fard\u0131k bundan sonra daha iyisini yapaca\u011f\u0131z. Tekrar programa te\u015friflerinizden dolay\u0131 te\u015fekk\u00fcr ediyorum\u201d dedi.<div class=\"tiled-gallery type-rectangular tiled-gallery-unresized\" data-original-width=\"500\" data-carousel-extra='null' itemscope itemtype=\"http:\/\/schema.org\/ImageGallery\" > <div class=\"gallery-row\" style=\"width: 500px; height: 224px;\" data-original-width=\"500\" data-original-height=\"224\" > <div class=\"gallery-group images-1\" style=\"width: 334px; height: 224px;\" data-original-width=\"334\" data-original-height=\"224\" > <div class=\"tiled-gallery-item tiled-gallery-item-large\" itemprop=\"associatedMedia\" itemscope itemtype=\"http:\/\/schema.org\/ImageObject\"> <a href=\"http:\/\/www.tvturk.com\/index.php\/erzincan-belediyesi-genclik-korosu-ilk-konserini-verdi\/erzincan-belediyesi-genclik-korosu-ilk-konserini-verdi-3\/\" border=\"0\" itemprop=\"url\"> <meta itemprop=\"width\" content=\"330\"> <meta itemprop=\"height\" content=\"220\"> <img decoding=\"async\" class=\"\" data-attachment-id=\"24716\" data-orig-file=\"http:\/\/www.tvturk.com\/wp-content\/uploads\/2019\/02\/erzincan-belediyesi-genclik-korosu-ilk-konserini-verdi_e3d38a8.jpg\" data-orig-size=\"1000,667\" data-comments-opened=\"\" data-image-meta=\"{&quot;aperture&quot;:&quot;0&quot;,&quot;credit&quot;:&quot;IHA&quot;,&quot;camera&quot;:&quot;&quot;,&quot;caption&quot;:&quot;ERZ\\u0130NCAN BELED\\u0130YES\\u0130 GEN\\u00c7L\\u0130K KOROSU \\u0130LK KONSER\\u0130N\\u0130 VERD\\u0130 (FAT\\u0130H G\\u00dcLNAHAR\\\/ERZ\\u0130NCAN-\\u0130HA)&quot;,&quot;created_timestamp&quot;:&quot;0&quot;,&quot;copyright&quot;:&quot;\\u0130HLAS HABER AJANSI, www.iha.com.tr&quot;,&quot;focal_length&quot;:&quot;0&quot;,&quot;iso&quot;:&quot;0&quot;,&quot;shutter_speed&quot;:&quot;0&quot;,&quot;title&quot;:&quot;ERZ\\u0130NCAN BELED\\u0130YES\\u0130 GEN\\u00c7L\\u0130K KOROSU \\u0130LK KONSER\\u0130N\\u0130 VERD\\u0130&quot;,&quot;orientation&quot;:&quot;0&quot;}\" data-image-title=\"Erzincan Belediyesi Gen\u00e7lik Korosu ilk konserini verdi\" data-image-description=\"&lt;p&gt;Erzincan Belediyesi Gen\u00e7lik Korosu ilk konserini verdi&lt;\/p&gt; \" data-medium-file=\"https:\/\/i0.wp.com\/www.tvturk.com\/wp-content\/uploads\/2019\/02\/erzincan-belediyesi-genclik-korosu-ilk-konserini-verdi_e3d38a8.jpg?fit=300%2C200\" data-large-file=\"https:\/\/i0.wp.com\/www.tvturk.com\/wp-content\/uploads\/2019\/02\/erzincan-belediyesi-genclik-korosu-ilk-konserini-verdi_e3d38a8.jpg?fit=1000%2C667\" src=\"https:\/\/i0.wp.com\/www.tvturk.com\/wp-content\/uploads\/2019\/02\/erzincan-belediyesi-genclik-korosu-ilk-konserini-verdi_e3d38a8.jpg?w=330&#038;h=220\" srcset=\"https:\/\/i0.wp.com\/www.tvturk.com\/wp-content\/uploads\/2019\/02\/erzincan-belediyesi-genclik-korosu-ilk-konserini-verdi_e3d38a8.jpg?w=1000 1000w, https:\/\/i0.wp.com\/www.tvturk.com\/wp-content\/uploads\/2019\/02\/erzincan-belediyesi-genclik-korosu-ilk-konserini-verdi_e3d38a8.jpg?resize=150%2C100 150w, https:\/\/i0.wp.com\/www.tvturk.com\/wp-content\/uploads\/2019\/02\/erzincan-belediyesi-genclik-korosu-ilk-konserini-verdi_e3d38a8.jpg?resize=300%2C200 300w, https:\/\/i0.wp.com\/www.tvturk.com\/wp-content\/uploads\/2019\/02\/erzincan-belediyesi-genclik-korosu-ilk-konserini-verdi_e3d38a8.jpg?resize=768%2C512 768w, https:\/\/i0.wp.com\/www.tvturk.com\/wp-content\/uploads\/2019\/02\/erzincan-belediyesi-genclik-korosu-ilk-konserini-verdi_e3d38a8.jpg?resize=170%2C113 170w, https:\/\/i0.wp.com\/www.tvturk.com\/wp-content\/uploads\/2019\/02\/erzincan-belediyesi-genclik-korosu-ilk-konserini-verdi_e3d38a8.jpg?resize=120%2C80 120w\" width=\"330\" height=\"220\" loading=\"lazy\" data-original-width=\"330\" data-original-height=\"220\" itemprop=\"http:\/\/schema.org\/image\" title=\"Erzincan Belediyesi Gen\u00e7lik Korosu ilk konserini verdi\" alt=\"Erzincan Belediyesi Gen\u00e7lik Korosu ilk konserini verdi\" style=\"width: 330px; height: 220px;\" \/> <\/a> <\/div> <\/div> <!-- close group --> <div class=\"gallery-group images-2\" style=\"width: 166px; height: 224px;\" data-original-width=\"166\" data-original-height=\"224\" > <div class=\"tiled-gallery-item tiled-gallery-item-small\" itemprop=\"associatedMedia\" itemscope itemtype=\"http:\/\/schema.org\/ImageObject\"> <a href=\"http:\/\/www.tvturk.com\/index.php\/erzincan-belediyesi-genclik-korosu-ilk-konserini-verdi\/erzincan-belediyesi-genclik-korosu-ilk-konserini-verdi-4\/\" border=\"0\" itemprop=\"url\"> <meta itemprop=\"width\" content=\"162\"> <meta itemprop=\"height\" content=\"108\"> <img decoding=\"async\" class=\"\" data-attachment-id=\"24717\" data-orig-file=\"http:\/\/www.tvturk.com\/wp-content\/uploads\/2019\/02\/erzincan-belediyesi-genclik-korosu-ilk-konserini-verdi_e31dac8.jpg\" data-orig-size=\"1000,667\" data-comments-opened=\"\" data-image-meta=\"{&quot;aperture&quot;:&quot;0&quot;,&quot;credit&quot;:&quot;IHA&quot;,&quot;camera&quot;:&quot;&quot;,&quot;caption&quot;:&quot;ERZ\\u0130NCAN BELED\\u0130YES\\u0130 GEN\\u00c7L\\u0130K KOROSU \\u0130LK KONSER\\u0130N\\u0130 VERD\\u0130 (FAT\\u0130H G\\u00dcLNAHAR\\\/ERZ\\u0130NCAN-\\u0130HA)&quot;,&quot;created_timestamp&quot;:&quot;0&quot;,&quot;copyright&quot;:&quot;\\u0130HLAS HABER AJANSI, www.iha.com.tr&quot;,&quot;focal_length&quot;:&quot;0&quot;,&quot;iso&quot;:&quot;0&quot;,&quot;shutter_speed&quot;:&quot;0&quot;,&quot;title&quot;:&quot;ERZ\\u0130NCAN BELED\\u0130YES\\u0130 GEN\\u00c7L\\u0130K KOROSU \\u0130LK KONSER\\u0130N\\u0130 VERD\\u0130&quot;,&quot;orientation&quot;:&quot;0&quot;}\" data-image-title=\"Erzincan Belediyesi Gen\u00e7lik Korosu ilk konserini verdi\" data-image-description=\"&lt;p&gt;Erzincan Belediyesi Gen\u00e7lik Korosu ilk konserini verdi&lt;\/p&gt; \" data-medium-file=\"https:\/\/i0.wp.com\/www.tvturk.com\/wp-content\/uploads\/2019\/02\/erzincan-belediyesi-genclik-korosu-ilk-konserini-verdi_e31dac8.jpg?fit=300%2C200\" data-large-file=\"https:\/\/i0.wp.com\/www.tvturk.com\/wp-content\/uploads\/2019\/02\/erzincan-belediyesi-genclik-korosu-ilk-konserini-verdi_e31dac8.jpg?fit=1000%2C667\" src=\"https:\/\/i0.wp.com\/www.tvturk.com\/wp-content\/uploads\/2019\/02\/erzincan-belediyesi-genclik-korosu-ilk-konserini-verdi_e31dac8.jpg?w=162&#038;h=108\" srcset=\"https:\/\/i0.wp.com\/www.tvturk.com\/wp-content\/uploads\/2019\/02\/erzincan-belediyesi-genclik-korosu-ilk-konserini-verdi_e31dac8.jpg?w=1000 1000w, https:\/\/i0.wp.com\/www.tvturk.com\/wp-content\/uploads\/2019\/02\/erzincan-belediyesi-genclik-korosu-ilk-konserini-verdi_e31dac8.jpg?resize=150%2C100 150w, https:\/\/i0.wp.com\/www.tvturk.com\/wp-content\/uploads\/2019\/02\/erzincan-belediyesi-genclik-korosu-ilk-konserini-verdi_e31dac8.jpg?resize=300%2C200 300w, https:\/\/i0.wp.com\/www.tvturk.com\/wp-content\/uploads\/2019\/02\/erzincan-belediyesi-genclik-korosu-ilk-konserini-verdi_e31dac8.jpg?resize=768%2C512 768w, https:\/\/i0.wp.com\/www.tvturk.com\/wp-content\/uploads\/2019\/02\/erzincan-belediyesi-genclik-korosu-ilk-konserini-verdi_e31dac8.jpg?resize=170%2C113 170w, https:\/\/i0.wp.com\/www.tvturk.com\/wp-content\/uploads\/2019\/02\/erzincan-belediyesi-genclik-korosu-ilk-konserini-verdi_e31dac8.jpg?resize=120%2C80 120w\" width=\"162\" height=\"108\" loading=\"lazy\" data-original-width=\"162\" data-original-height=\"108\" itemprop=\"http:\/\/schema.org\/image\" title=\"Erzincan Belediyesi Gen\u00e7lik Korosu ilk konserini verdi\" alt=\"Erzincan Belediyesi Gen\u00e7lik Korosu ilk konserini verdi\" style=\"width: 162px; height: 108px;\" \/> <\/a> <\/div> <div class=\"tiled-gallery-item tiled-gallery-item-small\" itemprop=\"associatedMedia\" itemscope itemtype=\"http:\/\/schema.org\/ImageObject\"> <a href=\"http:\/\/www.tvturk.com\/index.php\/erzincan-belediyesi-genclik-korosu-ilk-konserini-verdi\/erzincan-belediyesi-genclik-korosu-ilk-konserini-verdi-5\/\" border=\"0\" itemprop=\"url\"> <meta itemprop=\"width\" content=\"162\"> <meta itemprop=\"height\" content=\"108\"> <img decoding=\"async\" class=\"\" data-attachment-id=\"24718\" data-orig-file=\"http:\/\/www.tvturk.com\/wp-content\/uploads\/2019\/02\/erzincan-belediyesi-genclik-korosu-ilk-konserini-verdi_8103a39.jpg\" data-orig-size=\"1000,667\" data-comments-opened=\"\" data-image-meta=\"{&quot;aperture&quot;:&quot;0&quot;,&quot;credit&quot;:&quot;IHA&quot;,&quot;camera&quot;:&quot;&quot;,&quot;caption&quot;:&quot;ERZ\\u0130NCAN BELED\\u0130YES\\u0130 GEN\\u00c7L\\u0130K KOROSU \\u0130LK KONSER\\u0130N\\u0130 VERD\\u0130 (FAT\\u0130H G\\u00dcLNAHAR\\\/ERZ\\u0130NCAN-\\u0130HA)&quot;,&quot;created_timestamp&quot;:&quot;0&quot;,&quot;copyright&quot;:&quot;\\u0130HLAS HABER AJANSI, www.iha.com.tr&quot;,&quot;focal_length&quot;:&quot;0&quot;,&quot;iso&quot;:&quot;0&quot;,&quot;shutter_speed&quot;:&quot;0&quot;,&quot;title&quot;:&quot;ERZ\\u0130NCAN BELED\\u0130YES\\u0130 GEN\\u00c7L\\u0130K KOROSU \\u0130LK KONSER\\u0130N\\u0130 VERD\\u0130&quot;,&quot;orientation&quot;:&quot;0&quot;}\" data-image-title=\"Erzincan Belediyesi Gen\u00e7lik Korosu ilk konserini verdi\" data-image-description=\"&lt;p&gt;Erzincan Belediyesi Gen\u00e7lik Korosu ilk konserini verdi&lt;\/p&gt; \" data-medium-file=\"https:\/\/i0.wp.com\/www.tvturk.com\/wp-content\/uploads\/2019\/02\/erzincan-belediyesi-genclik-korosu-ilk-konserini-verdi_8103a39.jpg?fit=300%2C200\" data-large-file=\"https:\/\/i0.wp.com\/www.tvturk.com\/wp-content\/uploads\/2019\/02\/erzincan-belediyesi-genclik-korosu-ilk-konserini-verdi_8103a39.jpg?fit=1000%2C667\" src=\"https:\/\/i0.wp.com\/www.tvturk.com\/wp-content\/uploads\/2019\/02\/erzincan-belediyesi-genclik-korosu-ilk-konserini-verdi_8103a39.jpg?w=162&#038;h=108\" srcset=\"https:\/\/i0.wp.com\/www.tvturk.com\/wp-content\/uploads\/2019\/02\/erzincan-belediyesi-genclik-korosu-ilk-konserini-verdi_8103a39.jpg?w=1000 1000w, https:\/\/i0.wp.com\/www.tvturk.com\/wp-content\/uploads\/2019\/02\/erzincan-belediyesi-genclik-korosu-ilk-konserini-verdi_8103a39.jpg?resize=150%2C100 150w, https:\/\/i0.wp.com\/www.tvturk.com\/wp-content\/uploads\/2019\/02\/erzincan-belediyesi-genclik-korosu-ilk-konserini-verdi_8103a39.jpg?resize=300%2C200 300w, https:\/\/i0.wp.com\/www.tvturk.com\/wp-content\/uploads\/2019\/02\/erzincan-belediyesi-genclik-korosu-ilk-konserini-verdi_8103a39.jpg?resize=768%2C512 768w, https:\/\/i0.wp.com\/www.tvturk.com\/wp-content\/uploads\/2019\/02\/erzincan-belediyesi-genclik-korosu-ilk-konserini-verdi_8103a39.jpg?resize=170%2C113 170w, https:\/\/i0.wp.com\/www.tvturk.com\/wp-content\/uploads\/2019\/02\/erzincan-belediyesi-genclik-korosu-ilk-konserini-verdi_8103a39.jpg?resize=120%2C80 120w\" width=\"162\" height=\"108\" loading=\"lazy\" data-original-width=\"162\" data-original-height=\"108\" itemprop=\"http:\/\/schema.org\/image\" title=\"Erzincan Belediyesi Gen\u00e7lik Korosu ilk konserini verdi\" alt=\"Erzincan Belediyesi Gen\u00e7lik Korosu ilk konserini verdi\" style=\"width: 162px; height: 108px;\" \/> <\/a> <\/div> <\/div> <!-- close group --> <\/div> <!-- close row --> <\/div><\/p>\n","protected":false},"excerpt":{"rendered":"<p>ERZ\u0130NCAN BELED\u0130YES\u0130 GEN\u00c7L\u0130K KOROSU \u0130LK KONSER\u0130N\u0130 VERD\u0130<\/p>\n","protected":false},"author":1,"featured_media":24715,"comment_status":"closed","ping_status":"open","sticky":false,"template":"","format":"standard","meta":{"jetpack_post_was_ever_published":false,"_jetpack_newsletter_access":"","_jetpack_dont_email_post_to_subs":false,"_jetpack_newsletter_tier_id":0,"_jetpack_memberships_contains_paywalled_content":false,"_jetpack_memberships_contains_paid_content":false,"footnotes":"","jetpack_publicize_message":"","jetpack_publicize_feature_enabled":true,"jetpack_social_post_already_shared":false,"jetpack_social_options":{"image_generator_settings":{"template":"highway","default_image_id":0,"font":"","enabled":false},"version":2}},"categories":[656],"tags":[383,10327,512,37,10341,10266,386],"class_list":["post-24714","post","type-post","status-publish","format-standard","has-post-thumbnail","hentry","category-kultur-sanat","tag-belediyesi","tag-erzincan","tag-genclik","tag-ilk","tag-konserini","tag-korosu","tag-verdi"],"jetpack_publicize_connections":[],"jetpack_featured_media_url":"https:\/\/i0.wp.com\/www.tvturk.com\/wp-content\/uploads\/2019\/02\/erzincan-belediyesi-genclik-korosu-ilk-konserini-verdi_8103a39.jpg?fit=1000%2C667","jetpack_sharing_enabled":true,"jetpack_shortlink":"https:\/\/wp.me\/paKIfm-6qC","_links":{"self":[{"href":"http:\/\/www.tvturk.com\/index.php\/wp-json\/wp\/v2\/posts\/24714","targetHints":{"allow":["GET"]}}],"collection":[{"href":"http:\/\/www.tvturk.com\/index.php\/wp-json\/wp\/v2\/posts"}],"about":[{"href":"http:\/\/www.tvturk.com\/index.php\/wp-json\/wp\/v2\/types\/post"}],"author":[{"embeddable":true,"href":"http:\/\/www.tvturk.com\/index.php\/wp-json\/wp\/v2\/users\/1"}],"replies":[{"embeddable":true,"href":"http:\/\/www.tvturk.com\/index.php\/wp-json\/wp\/v2\/comments?post=24714"}],"version-history":[{"count":1,"href":"http:\/\/www.tvturk.com\/index.php\/wp-json\/wp\/v2\/posts\/24714\/revisions"}],"predecessor-version":[{"id":24719,"href":"http:\/\/www.tvturk.com\/index.php\/wp-json\/wp\/v2\/posts\/24714\/revisions\/24719"}],"wp:featuredmedia":[{"embeddable":true,"href":"http:\/\/www.tvturk.com\/index.php\/wp-json\/wp\/v2\/media\/24715"}],"wp:attachment":[{"href":"http:\/\/www.tvturk.com\/index.php\/wp-json\/wp\/v2\/media?parent=24714"}],"wp:term":[{"taxonomy":"category","embeddable":true,"href":"http:\/\/www.tvturk.com\/index.php\/wp-json\/wp\/v2\/categories?post=24714"},{"taxonomy":"post_tag","embeddable":true,"href":"http:\/\/www.tvturk.com\/index.php\/wp-json\/wp\/v2\/tags?post=24714"}],"curies":[{"name":"wp","href":"https:\/\/api.w.org\/{rel}","templated":true}]}}