{"id":247170,"date":"2019-12-25T13:48:41","date_gmt":"2019-12-25T10:48:41","guid":{"rendered":"http:\/\/www.tvturk.com\/index.php\/tiyatro-oyunuyla-sifir-atiki-ogrenecekler\/"},"modified":"2019-12-25T13:48:41","modified_gmt":"2019-12-25T10:48:41","slug":"tiyatro-oyunuyla-sifir-atiki-ogrenecekler","status":"publish","type":"post","link":"http:\/\/www.tvturk.com\/index.php\/tiyatro-oyunuyla-sifir-atiki-ogrenecekler\/","title":{"rendered":"Tiyatro oyunuyla \u2018S\u0131f\u0131r At\u0131k\u2019\u0131 \u00f6\u011frenecekler"},"content":{"rendered":"<p>Cumhurba\u015fkan\u0131 Recep Tayyip Erdo\u011fan\u2019\u0131n e\u015fi Emine Erdo\u011fan taraf\u0131ndan ba\u015flat\u0131lan \u2018S\u0131f\u0131r At\u0131k Projesi\u2019 kapsam\u0131nda Dar\u0131ca\u2019da 14 bin \u00f6\u011frenciye tiyatro ile e\u011fitim verilecek.<\/p>\n<p>Cumhurba\u015fkan\u0131 Recep Tayyip Erdo\u011fan\u2019\u0131n e\u015fi Emine Erdo\u011fan taraf\u0131ndan ba\u015flat\u0131lan \u2018S\u0131f\u0131r At\u0131k Projesi\u2019ne katk\u0131 sunmak isteyen Dar\u0131ca Belediyesi ve Dar\u0131ca \u0130l\u00e7e Milli E\u011fitim M\u00fcd\u00fcrl\u00fc\u011f\u00fc, il\u00e7ede e\u011fitim g\u00f6ren 14 bin ilkokul \u00f6\u011frencisine s\u0131f\u0131r at\u0131\u011f\u0131n \u00f6nemini anlatacak. \u201cDo\u011fa Kahramanlar\u0131\u201d adl\u0131 \u00e7ocuk tiyatrosu ile \u00f6\u011frencilere geri d\u00f6n\u00fc\u015f\u00fcm bilincini a\u015f\u0131lamak ve do\u011fay\u0131 koruman\u0131n \u00f6nemini anlatmak i\u00e7in ba\u015flat\u0131lan projenin tan\u0131t\u0131m toplant\u0131s\u0131 ger\u00e7ekle\u015ftirildi. Dar\u0131ca Belediyesi Adnan Menderes K\u00fclt\u00fcr Merkezi\u2019nde d\u00fczenlenen tan\u0131t\u0131m toplant\u0131s\u0131nda Dar\u0131ca Belediye Ba\u015fkan\u0131 Muzaffer B\u0131y\u0131k, \u0130l\u00e7e Milli E\u011fitim M\u00fcd\u00fcr\u00fc \u0130smail O\u011fuz ve davetliler kat\u0131ld\u0131.<\/p>\n<p>\u201cE\u011flenceli hale getirerek \u00e7ocuklara \u00f6\u011fretmeyi planl\u0131yoruz\u201d<\/p>\n<p>Tiyatro g\u00f6steriminden \u00f6nce projeyle ilgili a\u00e7\u0131klamalarda bulunan Dar\u0131ca Belediye Ba\u015fkan\u0131 Muzaffer B\u0131y\u0131k, \u201cMilli E\u011fitim M\u00fcd\u00fcrl\u00fc\u011f\u00fcm\u00fczle birlikte bir kampanya ba\u015flatt\u0131k. Say\u0131n Cumhurba\u015fkan\u0131m\u0131z\u0131n k\u0131ymetli e\u015fi Emine Erdo\u011fan\u2019\u0131n himayesinde ba\u015flat\u0131lan S\u0131f\u0131r At\u0131k projesine katk\u0131 sunmak amac\u0131yla do\u011fa kahramanlar\u0131 adl\u0131 bir \u00e7ocuk tiyatrosu organize ettik. Do\u011fay\u0131 sev, do\u011fay\u0131 koru projesi kapsam\u0131nda ilk\u00f6\u011fretim \u00f6\u011frencilerine y\u00f6nelik d\u00fczenlenen etkinlik ile 14 bin \u00f6\u011frenciye s\u0131f\u0131r at\u0131k bilincini a\u015f\u0131lamak ve do\u011fay\u0131 koruman\u0131n \u00f6nemini anlatmay\u0131 arzu ediyoruz. \u0130sraf\u0131n \u00f6nlenmesi, kaynaklar\u0131n daha verimli kullan\u0131lmas\u0131, at\u0131k olu\u015fumunun engellenmesi, at\u0131\u011f\u0131n ayr\u0131 toplanmas\u0131 ve geri kazan\u0131m\u0131n\u0131n sa\u011flanmas\u0131 hepimizin \u00f6nceliklerinden biri olmal\u0131d\u0131r. Bu projeyle tiyatro oyunu ile e\u011flenceli hale getirerek \u00e7ocuklara \u00f6\u011fretmeyi planl\u0131yoruz\u201d dedi.<\/p>\n<p>\u00d6\u011frencilerle birlikte izlediler<\/p>\n<p>Projenin tan\u0131t\u0131m toplant\u0131s\u0131n\u0131n ard\u0131ndan protokol \u00fcyeleri, \u00f6\u011frencilerle birlikte Do\u011fa Kahramanlar\u0131 isimli tiyatro oyununu birlikte izledi.<\/p>\n","protected":false},"excerpt":{"rendered":"<p>CUMHURBA\u015eKANI RECEP TAYY\u0130P ERDO\u011eAN\u2019IN E\u015e\u0130 EM\u0130NE ERDO\u011eAN TARAFINDAN BA\u015eLATILAN \u2018SIFIR ATIK PROJES\u0130\u2019 KAPSAMINDA DARICA\u2019DA 14 B\u0130N \u00d6\u011eRENC\u0130YE T\u0130YATRO \u0130LE E\u011e\u0130T\u0130M VER\u0130LECEK.<\/p>\n","protected":false},"author":1,"featured_media":247171,"comment_status":"closed","ping_status":"open","sticky":false,"template":"","format":"standard","meta":{"jetpack_post_was_ever_published":false,"_jetpack_newsletter_access":"","_jetpack_dont_email_post_to_subs":false,"_jetpack_newsletter_tier_id":0,"_jetpack_memberships_contains_paywalled_content":false,"_jetpack_memberships_contains_paid_content":false,"footnotes":"","jetpack_publicize_message":"","jetpack_publicize_feature_enabled":true,"jetpack_social_post_already_shared":true,"jetpack_social_options":{"image_generator_settings":{"template":"highway","default_image_id":0,"font":"","enabled":false},"version":2}},"categories":[1],"tags":[4511,4796,55436,7639,784],"class_list":["post-247170","post","type-post","status-publish","format-standard","has-post-thumbnail","hentry","category-genel","tag-sifir","tag-atiki","tag-ogrenecekler","tag-oyunuyla","tag-tiyatro"],"jetpack_publicize_connections":[],"jetpack_featured_media_url":"https:\/\/i0.wp.com\/www.tvturk.com\/wp-content\/uploads\/2019\/12\/tiyatro-oyunuyla-sifir-atiki-ogrenecekler_2f557b0.jpg?fit=1000%2C666","jetpack_sharing_enabled":true,"jetpack_shortlink":"https:\/\/wp.me\/paKIfm-12iC","_links":{"self":[{"href":"http:\/\/www.tvturk.com\/index.php\/wp-json\/wp\/v2\/posts\/247170","targetHints":{"allow":["GET"]}}],"collection":[{"href":"http:\/\/www.tvturk.com\/index.php\/wp-json\/wp\/v2\/posts"}],"about":[{"href":"http:\/\/www.tvturk.com\/index.php\/wp-json\/wp\/v2\/types\/post"}],"author":[{"embeddable":true,"href":"http:\/\/www.tvturk.com\/index.php\/wp-json\/wp\/v2\/users\/1"}],"replies":[{"embeddable":true,"href":"http:\/\/www.tvturk.com\/index.php\/wp-json\/wp\/v2\/comments?post=247170"}],"version-history":[{"count":0,"href":"http:\/\/www.tvturk.com\/index.php\/wp-json\/wp\/v2\/posts\/247170\/revisions"}],"wp:featuredmedia":[{"embeddable":true,"href":"http:\/\/www.tvturk.com\/index.php\/wp-json\/wp\/v2\/media\/247171"}],"wp:attachment":[{"href":"http:\/\/www.tvturk.com\/index.php\/wp-json\/wp\/v2\/media?parent=247170"}],"wp:term":[{"taxonomy":"category","embeddable":true,"href":"http:\/\/www.tvturk.com\/index.php\/wp-json\/wp\/v2\/categories?post=247170"},{"taxonomy":"post_tag","embeddable":true,"href":"http:\/\/www.tvturk.com\/index.php\/wp-json\/wp\/v2\/tags?post=247170"}],"curies":[{"name":"wp","href":"https:\/\/api.w.org\/{rel}","templated":true}]}}