{"id":247186,"date":"2019-12-25T14:31:59","date_gmt":"2019-12-25T11:31:59","guid":{"rendered":"http:\/\/www.tvturk.com\/index.php\/hint-okyanusunda-oldurulen-kaptan-bora-eksi-son-yolculuguna-ugurlandi\/"},"modified":"2019-12-25T14:31:59","modified_gmt":"2019-12-25T11:31:59","slug":"hint-okyanusunda-oldurulen-kaptan-bora-eksi-son-yolculuguna-ugurlandi","status":"publish","type":"post","link":"http:\/\/www.tvturk.com\/index.php\/hint-okyanusunda-oldurulen-kaptan-bora-eksi-son-yolculuguna-ugurlandi\/","title":{"rendered":"Hint Okyanusu\u2019nda \u00f6ld\u00fcr\u00fclen kaptan Bora Ek\u015fi son yolculu\u011funa u\u011furland\u0131"},"content":{"rendered":"<p>Hint Okyanusu\u2019nda kaptan\u0131 oldu\u011fu gemide u\u011frad\u0131\u011f\u0131 b\u0131\u00e7akl\u0131 sald\u0131r\u0131da sonucu hayat\u0131n\u0131 kaybeden Bora Ek\u015fi son yolculu\u011funa u\u011furland\u0131. Kaptan Ek\u015fi\u2019ni k\u0131z karde\u015fi \u0130rem Ek\u015fi abisinin tabutuna sar\u0131larak g\u00f6zya\u015f\u0131 d\u00f6kt\u00fc.<\/p>\n<p>Hint Okyanusu\u2019nda \u0130nce Karadeniz adl\u0131 y\u00fck gemisinde makine ya\u011fc\u0131s\u0131 Ergin A. taraf\u0131ndan u\u011frad\u0131\u011f\u0131 b\u0131\u00e7akl\u0131 sald\u0131r\u0131s\u0131 sonucu ya\u015fam\u0131n\u0131 yitiren kaptan Bora Ek\u015fi son yolculu\u011funa u\u011furland\u0131. Marmara \u00dcniversitesi \u0130lahiyat Fak\u00fcltesi Camiinde d\u00fczenlenen cenazeye Ek\u015fi\u2019nin babas\u0131 Vahdettin Ek\u015fi, k\u0131z karde\u015fi \u0130rem Ek\u015fi, ailesi ve yak\u0131nlar\u0131, arkada\u015flar\u0131 ile \u00e7ok say\u0131da vatanda\u015f kat\u0131ld\u0131. Ek\u015fi\u2019nin ac\u0131l\u0131 ailesi cenazede ayakta durmakta g\u00fc\u00e7l\u00fck \u00e7ekti. K\u0131z karde\u015f \u0130rem Ek\u015fi, abisinin tabutuna sar\u0131larak g\u00f6zya\u015f\u0131 d\u00f6kt\u00fc.<\/p>\n<p>Kaptan Ek\u015fi\u2019nin arkada\u015f\u0131 Barbaros Aybar, \u201cS\u0131n\u0131f arkada\u015f\u0131m\u0131z\u0131 kaybettik. D\u00fcnya iyisi bir insand\u0131. \u00c7ok h\u00fcmanistti. Mutluluk sa\u00e7ard\u0131, y\u00fcz\u00fcnden g\u00fcl\u00fcc\u00fck eksik olmazd\u0131. \u00c7ok derin \u00fcz\u00fcnt\u00fc i\u00e7indeyiz. Bizim i\u00e7in yeri doldurulamaz bir kay\u0131p\u201d diye konu\u015ftu.<\/p>\n<p>Bora Ek\u015fi\u2019nin ba\u015fka bir arkada\u015f\u0131 Hikmet Uyar, \u201cCan\u0131m\u0131z ci\u011ferimiz bir arkada\u015f\u0131m\u0131z katledildi. Bu olay olmayabilirdi bunun \u00f6n\u00fcne ge\u00e7ilebilirdi. \u0130\u015f al\u0131mlar\u0131nda daha dikkatli olunabilir\u201d dedi.<\/p>\n<p>Kaptan Bora Ek\u015fi\u2019nin Fenerbah\u00e7e bayra\u011f\u0131na sar\u0131l\u0131 tabutu, \u00f6\u011fle namaz\u0131na m\u00fcteakiben k\u0131l\u0131nan cenaze namaz\u0131n\u0131n ard\u0131ndan, Valide Sultan Mezarl\u0131\u011f\u0131na defnedilmek \u00fczere cenaze arac\u0131na koyuldu.<\/p>\n","protected":false},"excerpt":{"rendered":"<p>H\u0130NT OKYANUSU\u2019NDA KAPTANI OLDU\u011eU GEM\u0130DE U\u011eRADI\u011eI BI\u00c7AKLI SALDIRIDA SONUCU HAYATINI KAYBEDEN BORA EK\u015e\u0130 SON YOLCULU\u011eUNA U\u011eURLANDI. KAPTAN EK\u015e\u0130\u2019N\u0130 KIZ KARDE\u015e\u0130 \u0130REM EK\u015e\u0130 AB\u0130S\u0130N\u0130N TABUTUNA SARILARAK G\u00d6ZYA\u015eI D\u00d6KT\u00dc.<\/p>\n","protected":false},"author":1,"featured_media":247187,"comment_status":"closed","ping_status":"open","sticky":false,"template":"","format":"standard","meta":{"jetpack_post_was_ever_published":false,"_jetpack_newsletter_access":"","_jetpack_dont_email_post_to_subs":false,"_jetpack_newsletter_tier_id":0,"_jetpack_memberships_contains_paywalled_content":false,"_jetpack_memberships_contains_paid_content":false,"footnotes":"","jetpack_publicize_message":"","jetpack_publicize_feature_enabled":true,"jetpack_social_post_already_shared":true,"jetpack_social_options":{"image_generator_settings":{"template":"highway","default_image_id":0,"font":"","enabled":false},"version":2}},"categories":[1],"tags":[8535,3625,7937,11697,59551,6246,1240,2516,2515],"class_list":["post-247186","post","type-post","status-publish","format-standard","has-post-thumbnail","hentry","category-genel","tag-bora","tag-eksi","tag-hint","tag-kaptan","tag-okyanusunda","tag-oldurulen","tag-son","tag-ugurlandi","tag-yolculuguna"],"jetpack_publicize_connections":[],"jetpack_featured_media_url":"https:\/\/i0.wp.com\/www.tvturk.com\/wp-content\/uploads\/2019\/12\/hint-okyanusunda-oldurulen-kaptan-bora-eksi-son-yolculuguna-ugurlandi_60ea004.jpg?fit=1000%2C750","jetpack_sharing_enabled":true,"jetpack_shortlink":"https:\/\/wp.me\/paKIfm-12iS","_links":{"self":[{"href":"http:\/\/www.tvturk.com\/index.php\/wp-json\/wp\/v2\/posts\/247186","targetHints":{"allow":["GET"]}}],"collection":[{"href":"http:\/\/www.tvturk.com\/index.php\/wp-json\/wp\/v2\/posts"}],"about":[{"href":"http:\/\/www.tvturk.com\/index.php\/wp-json\/wp\/v2\/types\/post"}],"author":[{"embeddable":true,"href":"http:\/\/www.tvturk.com\/index.php\/wp-json\/wp\/v2\/users\/1"}],"replies":[{"embeddable":true,"href":"http:\/\/www.tvturk.com\/index.php\/wp-json\/wp\/v2\/comments?post=247186"}],"version-history":[{"count":0,"href":"http:\/\/www.tvturk.com\/index.php\/wp-json\/wp\/v2\/posts\/247186\/revisions"}],"wp:featuredmedia":[{"embeddable":true,"href":"http:\/\/www.tvturk.com\/index.php\/wp-json\/wp\/v2\/media\/247187"}],"wp:attachment":[{"href":"http:\/\/www.tvturk.com\/index.php\/wp-json\/wp\/v2\/media?parent=247186"}],"wp:term":[{"taxonomy":"category","embeddable":true,"href":"http:\/\/www.tvturk.com\/index.php\/wp-json\/wp\/v2\/categories?post=247186"},{"taxonomy":"post_tag","embeddable":true,"href":"http:\/\/www.tvturk.com\/index.php\/wp-json\/wp\/v2\/tags?post=247186"}],"curies":[{"name":"wp","href":"https:\/\/api.w.org\/{rel}","templated":true}]}}