{"id":247192,"date":"2019-12-25T14:32:18","date_gmt":"2019-12-25T11:32:18","guid":{"rendered":"http:\/\/www.tvturk.com\/index.php\/yunanistan-disisleri-bakani-dendias-fener-rum-patrikhanesinde-noel-ayinine-katildi\/"},"modified":"2019-12-25T14:32:18","modified_gmt":"2019-12-25T11:32:18","slug":"yunanistan-disisleri-bakani-dendias-fener-rum-patrikhanesinde-noel-ayinine-katildi","status":"publish","type":"post","link":"http:\/\/www.tvturk.com\/index.php\/yunanistan-disisleri-bakani-dendias-fener-rum-patrikhanesinde-noel-ayinine-katildi\/","title":{"rendered":"Yunanistan D\u0131\u015fi\u015fleri Bakan\u0131 Dendias, Fener Rum Patrikhanesi\u2019nde Noel ayinine kat\u0131ld\u0131"},"content":{"rendered":"<p>Yunanistan D\u0131\u015fi\u015fleri Bakan\u0131 Nikos Dendias Fener Rum Patrikhanesi\u2019nde d\u00fczenlenen Noel ayinine kat\u0131ld\u0131. Dendias, &#8220;Herkese mutlu y\u0131llar ve sa\u011fl\u0131k diliyorum&#8221; dedi.<\/p>\n<p>Fener Rum Patrikhanesi\u2019nde bulunan Aya Yorgi kilisesinde Noel ayini d\u00fczenlendi. Ayine Yunanistan D\u0131\u015fi\u015fleri Bakan\u0131 Nikos Dendias da kat\u0131ld\u0131. Ayinin ard\u0131ndan gazetecilere k\u0131sa bir a\u00e7\u0131klama yapan Dendias, &#8220;Herkese mutlu noeller ve mutlu y\u0131llar diliyorum. Ayn\u0131 zamanda d\u00fcnyadaki inan\u00e7 ayr\u0131m\u0131 g\u00f6zetmeksizin d\u00fcnyadaki b\u00fct\u00fcn insanlar i\u00e7in sa\u011fl\u0131k diliyorum&#8221; ifadelerini kulland\u0131. Dendias, gazetecileri sorular\u0131n\u0131 ise yan\u0131tlamad\u0131.<\/p>\n<p>A\u00e7\u0131klamalar\u0131n ard\u0131nda Fener Rum Patri\u011fi Bartholomeos patrikhanede Dendias\u2019\u0131 kabul etti. Ziyarete \u0130BB Ba\u015fkan\u0131 Ekrem \u0130mamo\u011flu da kat\u0131ld\u0131. Burada konuklar\u0131n\u0131 selamlayan Bartholomeos, &#8220;Say\u0131n Bakan ve Say\u0131n belediye ba\u015fkan\u0131 aileleri hakk\u0131nda konu\u015fuyorlar. \u0130kisi de \u00e7ocuklar\u0131yla iftihar ediyorlar. Hakl\u0131lar. Hepinize te\u015fekk\u00fcrlerimi arz ediyorum. Bu g\u00fczel g\u00fcn\u00fcm\u00fczde bizi yaln\u0131z b\u0131rakmad\u0131\u011f\u0131n\u0131z i\u00e7in \u00e7ok te\u015fekk\u00fcrler. Yakla\u015fmakta olan yeni y\u0131l\u0131n hepinize, ailelerinize, memleketimize ve b\u00fct\u00fcn d\u00fcnyaya hay\u0131rl\u0131 olmas\u0131n\u0131 diliyorum. Yunanistan say\u0131n Bakan\u2019\u0131n \u00f6zel ziyareti bizi sevindiriyor. Bu sabah ailesi ile birlikte ayinimize kat\u0131ld\u0131lar&#8221; ifadelerini kulland\u0131.<\/p>\n<p>Bartholomeos, daha sonra Ukrayna Cumhurba\u015fkan\u0131 Pyotr Poro\u015fenko taraf\u0131ndan g\u00f6nderilen \u00e7ikolatalar\u0131 konuklar\u0131na ikram etti.<\/p>\n","protected":false},"excerpt":{"rendered":"<p>YUNAN\u0130STAN DI\u015e\u0130\u015eLER\u0130 BAKANI N\u0130KOS DEND\u0130AS FENER RUM PATR\u0130KHANES\u0130&#8217;NDE D\u00dcZENLENEN NOEL AY\u0130N\u0130NE KATILDI.<\/p>\n","protected":false},"author":1,"featured_media":247193,"comment_status":"closed","ping_status":"open","sticky":false,"template":"","format":"standard","meta":{"jetpack_post_was_ever_published":false,"_jetpack_newsletter_access":"","_jetpack_dont_email_post_to_subs":false,"_jetpack_newsletter_tier_id":0,"_jetpack_memberships_contains_paywalled_content":false,"_jetpack_memberships_contains_paid_content":false,"footnotes":"","jetpack_publicize_message":"","jetpack_publicize_feature_enabled":true,"jetpack_social_post_already_shared":true,"jetpack_social_options":{"image_generator_settings":{"template":"highway","default_image_id":0,"font":"","enabled":false},"version":2}},"categories":[1],"tags":[61466,933,61464,1498,8603,1757,39911,61465,8604,650],"class_list":["post-247192","post","type-post","status-publish","format-standard","has-post-thumbnail","hentry","category-genel","tag-ayinine","tag-bakani","tag-dendias","tag-disisleri","tag-fener","tag-katildi","tag-noel","tag-patrikhanesinde","tag-rum","tag-yunanistan"],"jetpack_publicize_connections":[],"jetpack_featured_media_url":"https:\/\/i0.wp.com\/www.tvturk.com\/wp-content\/uploads\/2019\/12\/yunanistan-disisleri-bakani-dendias-fener-rum-patrikhanesinde-noel-ayinine-katildi_dcbab05.jpg?fit=1000%2C666","jetpack_sharing_enabled":true,"jetpack_shortlink":"https:\/\/wp.me\/paKIfm-12iY","_links":{"self":[{"href":"http:\/\/www.tvturk.com\/index.php\/wp-json\/wp\/v2\/posts\/247192","targetHints":{"allow":["GET"]}}],"collection":[{"href":"http:\/\/www.tvturk.com\/index.php\/wp-json\/wp\/v2\/posts"}],"about":[{"href":"http:\/\/www.tvturk.com\/index.php\/wp-json\/wp\/v2\/types\/post"}],"author":[{"embeddable":true,"href":"http:\/\/www.tvturk.com\/index.php\/wp-json\/wp\/v2\/users\/1"}],"replies":[{"embeddable":true,"href":"http:\/\/www.tvturk.com\/index.php\/wp-json\/wp\/v2\/comments?post=247192"}],"version-history":[{"count":0,"href":"http:\/\/www.tvturk.com\/index.php\/wp-json\/wp\/v2\/posts\/247192\/revisions"}],"wp:featuredmedia":[{"embeddable":true,"href":"http:\/\/www.tvturk.com\/index.php\/wp-json\/wp\/v2\/media\/247193"}],"wp:attachment":[{"href":"http:\/\/www.tvturk.com\/index.php\/wp-json\/wp\/v2\/media?parent=247192"}],"wp:term":[{"taxonomy":"category","embeddable":true,"href":"http:\/\/www.tvturk.com\/index.php\/wp-json\/wp\/v2\/categories?post=247192"},{"taxonomy":"post_tag","embeddable":true,"href":"http:\/\/www.tvturk.com\/index.php\/wp-json\/wp\/v2\/tags?post=247192"}],"curies":[{"name":"wp","href":"https:\/\/api.w.org\/{rel}","templated":true}]}}