{"id":247198,"date":"2019-12-25T14:46:24","date_gmt":"2019-12-25T11:46:24","guid":{"rendered":"http:\/\/www.tvturk.com\/index.php\/turk-telekom-fiberde-75-milyon-kilometreye-ulasti\/"},"modified":"2019-12-25T14:46:24","modified_gmt":"2019-12-25T11:46:24","slug":"turk-telekom-fiberde-75-milyon-kilometreye-ulasti","status":"publish","type":"post","link":"http:\/\/www.tvturk.com\/index.php\/turk-telekom-fiberde-75-milyon-kilometreye-ulasti\/","title":{"rendered":"T\u00fcrk Telekom fiberde 7,5 milyon kilometreye ula\u015ft\u0131"},"content":{"rendered":"<p>T\u00fcrk Telekom CEO\u2019su \u00dcmit \u00d6nal \u2018A\u011fustos b\u00f6ce\u011fi gibi y\u00fcksek ses \u00e7\u0131kartmak yerine kar\u0131nca gibi\u2019 \u00e7al\u0131\u015ft\u0131klar\u0131n\u0131 s\u00f6yleyerek, T\u00fcrkiye\u2019nin bir ucundan di\u011fer ucuna en yak\u0131n rakibinin 7 kat\u0131 altyap\u0131 yat\u0131r\u0131m\u0131 yapt\u0131klar\u0131n\u0131 belirtti. \u00d6nal, toplam 7,5 milyon kilometrelik fiber a\u011f yat\u0131r\u0131m\u0131 ger\u00e7ekle\u015ftirdiklerini anlatarak, 2020 y\u0131l\u0131nda \u0130stanbul\u2019da altyap\u0131s\u0131 olmay\u0131p, altyap\u0131 talep eden her m\u00fc\u015fteriye \u201cEn ge\u00e7 1 hafta i\u00e7erisinde fiber hizmeti ula\u015ft\u0131rma s\u00f6z\u00fc\u201d verdi.<\/p>\n<p>T\u00fcrkiye\u2019nin \u00f6nde gelen ileti\u015fim ve teknoloji \u015firketlerinden T\u00fcrk Telekom, m\u00fc\u015fterilerine s\u00fcrekli ve kesintisiz hizmet ula\u015ft\u0131rmak i\u00e7in ger\u00e7ekle\u015ftirdi\u011fi altyap\u0131 yat\u0131r\u0131mlar\u0131yla \u00fclkemizin teknolojik d\u00f6n\u00fc\u015f\u00fcm\u00fcne katk\u0131 sa\u011fl\u0131yor. T\u00fcrkiye\u2019deki fiber altyap\u0131n\u0131n y\u00fczde 80\u2019inde imzas\u0131 bulunan T\u00fcrk Telekom, yat\u0131r\u0131mlar\u0131yla 2019 Aral\u0131k itibariyle toplamda 303 bin km fiber hat ile 7,5 milyon kilometre fiber a\u011f uzunlu\u011funa ula\u015ft\u0131. T\u00fcrkiye\u2019nin dijital varl\u0131klar\u0131n\u0131n kurucusu ve geli\u015ftiricisi T\u00fcrk Telekom\u2019un CEO\u2019su \u00dcmit \u00d6nal, \u015firketin fiber yat\u0131r\u0131mlar\u0131nda geldi\u011fi son noktay\u0131 ve gelecek d\u00f6nem hedeflerini payla\u015fmak \u00fczere bas\u0131n mensuplar\u0131yla \u0130stanbul\u2019da bir araya geldi.<\/p>\n<p>\u201cY\u0131l\u0131n ilk 9 ay\u0131nda 1,9 milyar TL net k\u00e2r elde ettik\u201d<\/p>\n<p>2019 y\u0131l\u0131n\u0131n T\u00fcrk Telekom i\u00e7in olduk\u00e7a ba\u015far\u0131l\u0131 ge\u00e7ti\u011fini kaydeden \u00d6nal, y\u0131l\u0131n ilk 9 ay\u0131nda y\u00fczde 15,6\u2019l\u0131k b\u00fcy\u00fcme ve 1,9 milyar TL net k\u00e2r ile son 11 y\u0131l\u0131n gelir art\u0131\u015f\u0131nda rekor k\u0131rd\u0131klar\u0131n\u0131 s\u00f6yledi. T\u00fcrk Telekom\u2019un bu topraklar\u0131n milli bir de\u011feri oldu\u011funun alt\u0131n\u0131 \u00e7izen \u00dcmit \u00d6nal, T\u00fcrkiye\u2019nin 2023 hedeflerine ula\u015fabilmesi i\u00e7in \u00e7al\u0131\u015fmalar\u0131n\u0131 h\u0131zland\u0131rd\u0131klar\u0131n\u0131 kaydetti. \u00dcmit \u00d6nal, \u00fclkenin dijital d\u00f6n\u00fc\u015f\u00fcm\u00fcne son 14 y\u0131lda 16,2 milyar dolar yat\u0131r\u0131m yapt\u0131klar\u0131n\u0131, dijitalle\u015fmenin olmazsa olmaz\u0131 fiber altyap\u0131lar\u0131n\u0131 ise son 10 y\u0131lda 10 kattan fazla art\u0131rd\u0131klar\u0131n\u0131 belirtti.<\/p>\n<p>\u201cFiber a\u011f\u0131m\u0131z 7,5 milyon kilometre\u201d<\/p>\n<p>\u00dcmit \u00d6nal, \u201cT\u00fcrk Telekom olarak T\u00fcrkiye\u2019yi adeta fiber a\u011flarla \u00f6rd\u00fck. T\u00fcrkiye\u2019nin 81 ilini k\u00f6\u015fe bucak sararak, yat\u0131r\u0131m yapmad\u0131k yer b\u0131rakmad\u0131k. Fiber \u015febekemiz ile ula\u015ft\u0131\u011f\u0131m\u0131z hane say\u0131s\u0131n\u0131 son 2 y\u0131lda rekor d\u00fczeye eri\u015ftirerek, 5 milyonun \u00fczerinde art\u0131rmay\u0131 ba\u015fard\u0131k. Gururla s\u00f6ylemek isterim ki;  T\u00fcrk Telekom\u2019un fiber hane kapsamas\u0131n\u0131 2019 Aral\u0131k ay\u0131 itibariyle 21,7 milyon haneye y\u00fckselttik. Bug\u00fcn altyap\u0131m\u0131z 303 bin kilometre fiber hat ile 7,5 milyon kilometre fiber a\u011fa ula\u015ft\u0131\u201d dedi. Fiberdeki \u00e7arp\u0131c\u0131 7,5 milyon kilometre ifadesine de a\u00e7\u0131kl\u0131k getiren \u00d6nal, \u201cUluslararas\u0131 kurulu\u015flar, \u00fclkelerdeki mevcut fiber altyap\u0131y\u0131; fiberle eri\u015filen hane say\u0131s\u0131, hane fiber penetrasyonu ve abone fiberle\u015fme oran\u0131 gibi, daha do\u011fru ve tutarl\u0131 sonu\u00e7lar veren metriklerle kar\u015f\u0131la\u015ft\u0131rmay\u0131 tercih ediyor. Fiber altyap\u0131lar\u0131yla ilgili OECD \u00fclkeleriyle T\u00fcrkiye aras\u0131nda bir k\u0131yaslama yap\u0131lacaksa uluslararas\u0131 ge\u00e7erlili\u011fi olan kriterler baz al\u0131nmal\u0131d\u0131r. T\u00fcrkiye\u2019de \u00e7e\u015fitli kaynaklar taraf\u0131ndan g\u00fcndeme getirilen yurt d\u0131\u015f\u0131ndaki fiber uzunluk verileri, fiber kablolar\u0131n i\u00e7lerinde bulunan tekil kablo uzunluklar\u0131n\u0131n ayr\u0131 ayr\u0131 hesaplanmas\u0131yla elde ediliyor. Bu \u015fekilde bir hesaplama yap\u0131ld\u0131\u011f\u0131nda T\u00fcrk Telekom\u2019un \u00fclke genelindeki fiber uzunlu\u011fu da 7,5 milyon kilometreye ula\u015f\u0131yor\u201d diye konu\u015ftu. \u00d6nal, \u201c\u00dclkemizin d\u00f6rt bir yan\u0131n\u0131, y\u00fcksek kapasiteli ve h\u0131zl\u0131 internet altyap\u0131s\u0131yla ilmek ilmek \u00f6r\u00fcyoruz. En b\u00fcy\u00fck metropol\u00fcm\u00fcz \u0130stanbul\u2019u ele al\u0131rsak; \u0130stanbul\u2019da abone fiberle\u015fme oran\u0131m\u0131z y\u00fczde 76. T\u00fcrkiye \u015fu anda sahip oldu\u011fu fiber altyap\u0131yla \u00e7ok say\u0131da OECD \u00fclkesini geride b\u0131rakarak, 5G \u00f6ncesi b\u00fcy\u00fck bir at\u0131l\u0131m ger\u00e7ekle\u015ftirmi\u015f oldu. OECD \u00fclkelerinin ortalamalar\u0131 dikkate al\u0131nd\u0131\u011f\u0131nda; y\u00fczde 20\u2019lik abone fiberle\u015fme oran\u0131yla T\u00fcrkiye, bu kategoride \u0130svi\u00e7re, Hollanda, Fransa, Kanada, ABD, \u0130talya, Almanya, \u0130ngiltere, Bel\u00e7ika gibi geli\u015fmi\u015f \u00fclkeleri geride b\u0131rak\u0131yor\u201d dedi.<\/p>\n<p>\u201cHer g\u00fcn altyap\u0131m\u0131za ortalama 2 bin kilometre fiber ekliyoruz\u201d<\/p>\n<p>T\u00fcm zorlu co\u011frafi ko\u015fullarda, sadece k\u00e2rl\u0131 yerlerde de\u011fil T\u00fcrkiye\u2019nin her kar\u0131\u015f\u0131nda, b\u00fcy\u00fck bir \u00f6zveriyle \u00e7al\u0131\u015ft\u0131klar\u0131n\u0131 ifade eden \u00dcmit \u00d6nal, \u201cHer g\u00fcn altyap\u0131m\u0131za ortalama 2 bin kilometre fiber ekliyoruz. Bu rakam T\u00fcrkiye\u2019nin en bat\u0131s\u0131ndan en do\u011fusuna kadar her g\u00fcn en az bir kez gitmek anlam\u0131na geliyor. \u00dclkemizdeki fiber altyap\u0131n\u0131n y\u00fczde 80\u2019inde T\u00fcrk Telekom imzas\u0131 bulunuyor. Altyap\u0131 yat\u0131r\u0131m\u0131 s\u00f6z konusu oldu\u011funda, en yak\u0131n rakibimizin her 1 birimlik yat\u0131r\u0131m\u0131na kar\u015f\u0131 biz, 100 birimlik altyap\u0131 eri\u015fim yat\u0131r\u0131m\u0131 yap\u0131yoruz. Sadece haneye fiber olarak de\u011ferlendirdi\u011fimizde, en yak\u0131n rakibimizin ayda 5 bin yeni haneye eri\u015fim sa\u011flamas\u0131na kar\u015f\u0131l\u0131k, biz her g\u00fcn 10 bin yeni haneye eri\u015fim sa\u011fl\u0131yoruz. A\u011fustos b\u00f6ce\u011fi gibi y\u00fcksek ses \u00e7\u0131kartmak yerine kar\u0131nca gibi \u00e7al\u0131\u015farak, T\u00fcrkiye\u2019nin bir ucundan di\u011fer ucuna en yak\u0131n rakibimizin 7 kat\u0131 altyap\u0131 yat\u0131r\u0131m\u0131 yap\u0131yoruz. Bu altyap\u0131, T\u00fcrkiye\u2019nin altyap\u0131s\u0131d\u0131r. Talep eden her operat\u00f6r bu altyap\u0131y\u0131 kullanabilir. 2018 y\u0131l\u0131nda sekt\u00f6r\u00fcn t\u00fcm oyuncular\u0131n\u0131n mutabakat\u0131yla imzalanm\u0131\u015f olan \u2018Sabit Elektronik \u0130leti\u015fim Altyap\u0131s\u0131n\u0131 Kiralama \u0130\u015f Birli\u011fi Protokol\u00fc\u2019 \u00e7er\u00e7evesinde biz \u00fczerimize d\u00fc\u015feni yap\u0131yoruz. E\u011fer ger\u00e7ekten T\u00fcrkiye\u2019nin teknolojik refah\u0131 \u00f6nceliklendiriliyorsa, bu ancak 3 \u015fey ile m\u00fcmk\u00fcnd\u00fcr. Birincisi ortaya konulan taleplerin hukuki olmas\u0131, ikincisi gelen taleplerin ticari bir mant\u0131\u011fa dayanmas\u0131 ve \u00fc\u00e7\u00fcnc\u00fcs\u00fc de bu taleplerin rasyonel olmas\u0131d\u0131r. T\u00fcrkiye\u2019nin dijitalle\u015fme s\u00fcrecinin ivme kazanmas\u0131 ve altyap\u0131s\u0131n\u0131n maksimum seviyeye ula\u015fmas\u0131 ancak; mevcut kurallar \u00e7er\u00e7evesinde, t\u00fcm oyuncular taraf\u0131ndan kabul edilmi\u015f ve imzalanm\u0131\u015f ortak altyap\u0131 protokol\u00fcn\u00fcn etkin \u015fekilde uygulanmas\u0131yla m\u00fcmk\u00fcn olabilir\u201d diye konu\u015ftu.<\/p>\n<p>2 y\u0131lda 2,2 milyon yeni haneye internet<\/p>\n<p>Sadece son 2 y\u0131lda fiber hizmet verilebilecek hane say\u0131s\u0131n\u0131 ikiye katlad\u0131klar\u0131n\u0131 s\u00f6yleyen \u00dcmit \u00d6nal, yap\u0131lan bu yat\u0131r\u0131mlarla 2 y\u0131lda yakla\u015f\u0131k 2,2 milyon yeni haneye internet eri\u015fimi sa\u011flad\u0131klar\u0131n\u0131 s\u00f6yledi. T\u00fcrkiye\u2019nin geni\u015fbant hane penetrasyonunu son 2 y\u0131lda y\u00fczde 47\u2019den y\u00fczde 57\u2019ye y\u00fckselttiklerine dikkat \u00e7eken \u00d6nal, di\u011fer yandan da, internet okuryazarl\u0131\u011f\u0131n\u0131 art\u0131rmaya y\u00f6nelik Birle\u015fmi\u015f Milletler taraf\u0131ndan \u00f6rnek g\u00f6sterilen \u2018\u0130nternetle Hayat Kolay\u2019 gibi sosyal sorumluluk projeleri ve \u2018\u0130nternet Bizden\u2019 ba\u015fta olmak \u00fczere hesapl\u0131 tarifelerle internet penetrasyonunun artmas\u0131na katk\u0131 sa\u011flad\u0131klar\u0131n\u0131 a\u00e7\u0131klad\u0131. T\u00fcrk Telekom sabit geni\u015fbant abonelerinin ki\u015fi ba\u015f\u0131 ayl\u0131k ortalama data kullan\u0131m\u0131n\u0131n 2014\u2019ten bug\u00fcne y\u00fczde 208\u2019lik bir rekor art\u0131\u015fla 37 GB\u2019dan 114 GB\u2019a y\u00fckseldi\u011fini kaydetti.<\/p>\n<p>\u201c\u0130stanbul\u2019da fiber hizmet taleplerini \u20181 haftada\u2019 kar\u015f\u0131layaca\u011f\u0131z\u201d<\/p>\n<p>T\u00fcrk Telekom CEO\u2019su \u00dcmit \u00d6nal, 2020\u2019de de T\u00fcrkiye\u2019nin her mahallesine fiber g\u00f6t\u00fcrme hedefiyle \u00e7al\u0131\u015fmalar\u0131n\u0131n s\u00fcrece\u011fini ifade ederek, \u201cT\u00fcrkiye geni\u015fbant internet penetrasyonunu y\u00fczde 70 seviyelerine ta\u015f\u0131ma konusunda var g\u00fcc\u00fcm\u00fczle \u00e7al\u0131\u015fmaya devam edece\u011fiz. \u00d6n\u00fcm\u00fczdeki y\u0131l \u0130stanbul\u2019da altyap\u0131s\u0131 olmay\u0131p altyap\u0131 talep eden m\u00fc\u015fteriye, bir hafta i\u00e7erisinde fiberi ya\u015fad\u0131klar\u0131 soka\u011fa getirme s\u00f6z\u00fc veriyoruz. \u0130nan\u0131yorum ki bu vaadimiz; T\u00fcrk Telekom\u2019un m\u00fc\u015fteri memnuniyetine verdi\u011fi \u00f6nem a\u00e7\u0131s\u0131ndan da, 2020\u2019nin nas\u0131l bir y\u0131l olaca\u011f\u0131na dair ipu\u00e7lar\u0131 veriyordur\u201d dedi. \u00d6nal, \u201cT\u00fcrk Telekom olarak altyap\u0131 yat\u0131r\u0131mlar\u0131m\u0131z\u0131n h\u0131z\u0131n\u0131 kesmeden milli teknoloji d\u00f6n\u00fc\u015f\u00fcm\u00fcn\u00fcn her ad\u0131m\u0131nda var olmay\u0131 s\u00fcrd\u00fcrece\u011fiz. T\u00fcrkiye i\u00e7in de\u011fer yaratarak T\u00fcrkiye\u2019yi gelece\u011fe ba\u011flamaya devam edece\u011fiz\u201d diyerek s\u00f6zlerini noktalad\u0131.<\/p>\n","protected":false},"excerpt":{"rendered":"<p>\u00dcM\u0130T \u00d6NAL<\/p>\n","protected":false},"author":1,"featured_media":247199,"comment_status":"closed","ping_status":"open","sticky":false,"template":"","format":"standard","meta":{"jetpack_post_was_ever_published":false,"_jetpack_newsletter_access":"","_jetpack_dont_email_post_to_subs":false,"_jetpack_newsletter_tier_id":0,"_jetpack_memberships_contains_paywalled_content":false,"_jetpack_memberships_contains_paid_content":false,"footnotes":"","jetpack_publicize_message":"","jetpack_publicize_feature_enabled":true,"jetpack_social_post_already_shared":true,"jetpack_social_options":{"image_generator_settings":{"template":"highway","default_image_id":0,"font":"","enabled":false},"version":2}},"categories":[19],"tags":[1801,1800,61468,39770,468,3522,957,2574],"class_list":["post-247198","post","type-post","status-publish","format-standard","has-post-thumbnail","hentry","category-ekonomi","tag-1801","tag-1800","tag-fiberde","tag-kilometreye","tag-milyon","tag-telekom","tag-turk","tag-ulasti"],"jetpack_publicize_connections":[],"jetpack_featured_media_url":"https:\/\/i0.wp.com\/www.tvturk.com\/wp-content\/uploads\/2019\/12\/turk-telekom-fiberde-75-milyon-kilometreye-ulasti_ce5ac66.jpg?fit=1000%2C682","jetpack_sharing_enabled":true,"jetpack_shortlink":"https:\/\/wp.me\/paKIfm-12j4","_links":{"self":[{"href":"http:\/\/www.tvturk.com\/index.php\/wp-json\/wp\/v2\/posts\/247198","targetHints":{"allow":["GET"]}}],"collection":[{"href":"http:\/\/www.tvturk.com\/index.php\/wp-json\/wp\/v2\/posts"}],"about":[{"href":"http:\/\/www.tvturk.com\/index.php\/wp-json\/wp\/v2\/types\/post"}],"author":[{"embeddable":true,"href":"http:\/\/www.tvturk.com\/index.php\/wp-json\/wp\/v2\/users\/1"}],"replies":[{"embeddable":true,"href":"http:\/\/www.tvturk.com\/index.php\/wp-json\/wp\/v2\/comments?post=247198"}],"version-history":[{"count":0,"href":"http:\/\/www.tvturk.com\/index.php\/wp-json\/wp\/v2\/posts\/247198\/revisions"}],"wp:featuredmedia":[{"embeddable":true,"href":"http:\/\/www.tvturk.com\/index.php\/wp-json\/wp\/v2\/media\/247199"}],"wp:attachment":[{"href":"http:\/\/www.tvturk.com\/index.php\/wp-json\/wp\/v2\/media?parent=247198"}],"wp:term":[{"taxonomy":"category","embeddable":true,"href":"http:\/\/www.tvturk.com\/index.php\/wp-json\/wp\/v2\/categories?post=247198"},{"taxonomy":"post_tag","embeddable":true,"href":"http:\/\/www.tvturk.com\/index.php\/wp-json\/wp\/v2\/tags?post=247198"}],"curies":[{"name":"wp","href":"https:\/\/api.w.org\/{rel}","templated":true}]}}