{"id":24722,"date":"2019-02-12T12:40:55","date_gmt":"2019-02-12T09:40:55","guid":{"rendered":"http:\/\/www.tvturk.com\/index.php\/is-adami-ugradigi-silahli-saldiri-sonucunda-hayatini-kaybetti\/"},"modified":"2019-02-12T12:41:01","modified_gmt":"2019-02-12T09:41:01","slug":"is-adami-ugradigi-silahli-saldiri-sonucunda-hayatini-kaybetti","status":"publish","type":"post","link":"http:\/\/www.tvturk.com\/index.php\/is-adami-ugradigi-silahli-saldiri-sonucunda-hayatini-kaybetti\/","title":{"rendered":"\u0130\u015f adam\u0131 u\u011frad\u0131\u011f\u0131 silahl\u0131 sald\u0131r\u0131 sonucunda hayat\u0131n\u0131 kaybetti"},"content":{"rendered":"<p>Kayseri\u2019de bir i\u015f adam\u0131 u\u011frad\u0131\u011f\u0131 silahl\u0131 sald\u0131r\u0131 sonucu hayat\u0131n\u0131 kaybetti.<\/p>\n<p>Melikgazi il\u00e7esine ba\u011fl\u0131 \u0130ldem semtinde i\u015f adam\u0131 Mehmet \u00d6zet silahl\u0131 sald\u0131r\u0131ya u\u011frad\u0131. Av t\u00fcfe\u011fi ile vurulan Mehmet \u00d6zet, olay yerine \u00e7a\u011fr\u0131lan ambulansla Erciyes \u00dcniversitesi T\u0131p Fak\u00fcltesi Hastanesi\u2019ne kald\u0131r\u0131ld\u0131.<\/p>\n<p>\u00d6zet burada yap\u0131lan t\u00fcm m\u00fcdahalelere ra\u011fmen hayat\u0131n\u0131 kaybetti.<\/p>\n<p>Polis ekipleri zanl\u0131y\u0131 g\u00f6zalt\u0131na al\u0131rken, olayla ilgili olarak i\u015flem ba\u015flatt\u0131.<div class=\"tiled-gallery type-rectangular tiled-gallery-unresized\" data-original-width=\"500\" data-carousel-extra='null' itemscope itemtype=\"http:\/\/schema.org\/ImageGallery\" > <div class=\"gallery-row\" style=\"width: 500px; height: 279px;\" data-original-width=\"500\" data-original-height=\"279\" > <div class=\"gallery-group images-2\" style=\"width: 245px; height: 279px;\" data-original-width=\"245\" data-original-height=\"279\" > <div class=\"tiled-gallery-item tiled-gallery-item-small\" itemprop=\"associatedMedia\" itemscope itemtype=\"http:\/\/schema.org\/ImageObject\"> <a href=\"http:\/\/www.tvturk.com\/index.php\/is-adami-ugradigi-silahli-saldiri-sonucunda-hayatini-kaybetti\/is-adami-ugradigi-silahli-saldiri-sonucunda-hayatini-kaybetti-3\/\" border=\"0\" itemprop=\"url\"> <meta itemprop=\"width\" content=\"241\"> <meta itemprop=\"height\" content=\"136\"> <img decoding=\"async\" class=\"\" data-attachment-id=\"24724\" data-orig-file=\"http:\/\/www.tvturk.com\/wp-content\/uploads\/2019\/02\/is-adami-ugradigi-silahli-saldiri-sonucunda-hayatini-kaybetti_ec3e9a4.jpg\" data-orig-size=\"1000,562\" data-comments-opened=\"\" data-image-meta=\"{&quot;aperture&quot;:&quot;0&quot;,&quot;credit&quot;:&quot;IHA&quot;,&quot;camera&quot;:&quot;&quot;,&quot;caption&quot;:&quot;KAYSER\\u0130\\u0027DE \\u0130\\u015e ADAMI U\\u011eRADI\\u011eI S\\u0130LAHLI SALDIRI SONCUNDA HAYATINI KAYBETT\\u0130. (TURAN BULUT\\\/KAYSER\\u0130-\\u0130HA)&quot;,&quot;created_timestamp&quot;:&quot;0&quot;,&quot;copyright&quot;:&quot;\\u0130HLAS HABER AJANSI, www.iha.com.tr&quot;,&quot;focal_length&quot;:&quot;0&quot;,&quot;iso&quot;:&quot;0&quot;,&quot;shutter_speed&quot;:&quot;0&quot;,&quot;title&quot;:&quot;\\u0130\\u015e ADAMI U\\u011eRADI\\u011eI S\\u0130LAHLI SALDIRI SONUCUNDA HAYATINI KAYBETT\\u0130&quot;,&quot;orientation&quot;:&quot;0&quot;}\" data-image-title=\"\u0130\u015f adam\u0131 u\u011frad\u0131\u011f\u0131 silahl\u0131 sald\u0131r\u0131 sonucunda hayat\u0131n\u0131 kaybetti\" data-image-description=\"&lt;p&gt;\u0130\u015f adam\u0131 u\u011frad\u0131\u011f\u0131 silahl\u0131 sald\u0131r\u0131 sonucunda hayat\u0131n\u0131 kaybetti&lt;\/p&gt; \" data-medium-file=\"https:\/\/i0.wp.com\/www.tvturk.com\/wp-content\/uploads\/2019\/02\/is-adami-ugradigi-silahli-saldiri-sonucunda-hayatini-kaybetti_ec3e9a4.jpg?fit=300%2C169\" data-large-file=\"https:\/\/i0.wp.com\/www.tvturk.com\/wp-content\/uploads\/2019\/02\/is-adami-ugradigi-silahli-saldiri-sonucunda-hayatini-kaybetti_ec3e9a4.jpg?fit=1000%2C562\" src=\"https:\/\/i0.wp.com\/www.tvturk.com\/wp-content\/uploads\/2019\/02\/is-adami-ugradigi-silahli-saldiri-sonucunda-hayatini-kaybetti_ec3e9a4.jpg?w=241&#038;h=136\" srcset=\"https:\/\/i0.wp.com\/www.tvturk.com\/wp-content\/uploads\/2019\/02\/is-adami-ugradigi-silahli-saldiri-sonucunda-hayatini-kaybetti_ec3e9a4.jpg?w=1000 1000w, https:\/\/i0.wp.com\/www.tvturk.com\/wp-content\/uploads\/2019\/02\/is-adami-ugradigi-silahli-saldiri-sonucunda-hayatini-kaybetti_ec3e9a4.jpg?resize=150%2C84 150w, https:\/\/i0.wp.com\/www.tvturk.com\/wp-content\/uploads\/2019\/02\/is-adami-ugradigi-silahli-saldiri-sonucunda-hayatini-kaybetti_ec3e9a4.jpg?resize=300%2C169 300w, https:\/\/i0.wp.com\/www.tvturk.com\/wp-content\/uploads\/2019\/02\/is-adami-ugradigi-silahli-saldiri-sonucunda-hayatini-kaybetti_ec3e9a4.jpg?resize=768%2C432 768w, https:\/\/i0.wp.com\/www.tvturk.com\/wp-content\/uploads\/2019\/02\/is-adami-ugradigi-silahli-saldiri-sonucunda-hayatini-kaybetti_ec3e9a4.jpg?resize=200%2C113 200w\" width=\"241\" height=\"136\" loading=\"lazy\" data-original-width=\"241\" data-original-height=\"136\" itemprop=\"http:\/\/schema.org\/image\" title=\"\u0130\u015f adam\u0131 u\u011frad\u0131\u011f\u0131 silahl\u0131 sald\u0131r\u0131 sonucunda hayat\u0131n\u0131 kaybetti\" alt=\"\u0130\u015f adam\u0131 u\u011frad\u0131\u011f\u0131 silahl\u0131 sald\u0131r\u0131 sonucunda hayat\u0131n\u0131 kaybetti\" style=\"width: 241px; height: 136px;\" \/> <\/a> <\/div> <div class=\"tiled-gallery-item tiled-gallery-item-small\" itemprop=\"associatedMedia\" itemscope itemtype=\"http:\/\/schema.org\/ImageObject\"> <a href=\"http:\/\/www.tvturk.com\/index.php\/is-adami-ugradigi-silahli-saldiri-sonucunda-hayatini-kaybetti\/is-adami-ugradigi-silahli-saldiri-sonucunda-hayatini-kaybetti-4\/\" border=\"0\" itemprop=\"url\"> <meta itemprop=\"width\" content=\"241\"> <meta itemprop=\"height\" content=\"135\"> <img decoding=\"async\" class=\"\" data-attachment-id=\"24725\" data-orig-file=\"http:\/\/www.tvturk.com\/wp-content\/uploads\/2019\/02\/is-adami-ugradigi-silahli-saldiri-sonucunda-hayatini-kaybetti_5f89a81.jpg\" data-orig-size=\"1000,562\" data-comments-opened=\"\" data-image-meta=\"{&quot;aperture&quot;:&quot;0&quot;,&quot;credit&quot;:&quot;IHA&quot;,&quot;camera&quot;:&quot;&quot;,&quot;caption&quot;:&quot;KAYSER\\u0130\\u0027DE \\u0130\\u015e ADAMI U\\u011eRADI\\u011eI S\\u0130LAHLI SALDIRI SONCUNDA HAYATINI KAYBETT\\u0130. (TURAN BULUT\\\/KAYSER\\u0130-\\u0130HA)&quot;,&quot;created_timestamp&quot;:&quot;0&quot;,&quot;copyright&quot;:&quot;\\u0130HLAS HABER AJANSI, www.iha.com.tr&quot;,&quot;focal_length&quot;:&quot;0&quot;,&quot;iso&quot;:&quot;0&quot;,&quot;shutter_speed&quot;:&quot;0&quot;,&quot;title&quot;:&quot;\\u0130\\u015e ADAMI U\\u011eRADI\\u011eI S\\u0130LAHLI SALDIRI SONUCUNDA HAYATINI KAYBETT\\u0130&quot;,&quot;orientation&quot;:&quot;0&quot;}\" data-image-title=\"\u0130\u015f adam\u0131 u\u011frad\u0131\u011f\u0131 silahl\u0131 sald\u0131r\u0131 sonucunda hayat\u0131n\u0131 kaybetti\" data-image-description=\"&lt;p&gt;\u0130\u015f adam\u0131 u\u011frad\u0131\u011f\u0131 silahl\u0131 sald\u0131r\u0131 sonucunda hayat\u0131n\u0131 kaybetti&lt;\/p&gt; \" data-medium-file=\"https:\/\/i0.wp.com\/www.tvturk.com\/wp-content\/uploads\/2019\/02\/is-adami-ugradigi-silahli-saldiri-sonucunda-hayatini-kaybetti_5f89a81.jpg?fit=300%2C169\" data-large-file=\"https:\/\/i0.wp.com\/www.tvturk.com\/wp-content\/uploads\/2019\/02\/is-adami-ugradigi-silahli-saldiri-sonucunda-hayatini-kaybetti_5f89a81.jpg?fit=1000%2C562\" src=\"https:\/\/i0.wp.com\/www.tvturk.com\/wp-content\/uploads\/2019\/02\/is-adami-ugradigi-silahli-saldiri-sonucunda-hayatini-kaybetti_5f89a81.jpg?w=241&#038;h=135\" srcset=\"https:\/\/i0.wp.com\/www.tvturk.com\/wp-content\/uploads\/2019\/02\/is-adami-ugradigi-silahli-saldiri-sonucunda-hayatini-kaybetti_5f89a81.jpg?w=1000 1000w, https:\/\/i0.wp.com\/www.tvturk.com\/wp-content\/uploads\/2019\/02\/is-adami-ugradigi-silahli-saldiri-sonucunda-hayatini-kaybetti_5f89a81.jpg?resize=150%2C84 150w, https:\/\/i0.wp.com\/www.tvturk.com\/wp-content\/uploads\/2019\/02\/is-adami-ugradigi-silahli-saldiri-sonucunda-hayatini-kaybetti_5f89a81.jpg?resize=300%2C169 300w, https:\/\/i0.wp.com\/www.tvturk.com\/wp-content\/uploads\/2019\/02\/is-adami-ugradigi-silahli-saldiri-sonucunda-hayatini-kaybetti_5f89a81.jpg?resize=768%2C432 768w, https:\/\/i0.wp.com\/www.tvturk.com\/wp-content\/uploads\/2019\/02\/is-adami-ugradigi-silahli-saldiri-sonucunda-hayatini-kaybetti_5f89a81.jpg?resize=200%2C113 200w\" width=\"241\" height=\"135\" loading=\"lazy\" data-original-width=\"241\" data-original-height=\"135\" itemprop=\"http:\/\/schema.org\/image\" title=\"\u0130\u015f adam\u0131 u\u011frad\u0131\u011f\u0131 silahl\u0131 sald\u0131r\u0131 sonucunda hayat\u0131n\u0131 kaybetti\" alt=\"\u0130\u015f adam\u0131 u\u011frad\u0131\u011f\u0131 silahl\u0131 sald\u0131r\u0131 sonucunda hayat\u0131n\u0131 kaybetti\" style=\"width: 241px; height: 135px;\" \/> <\/a> <\/div> <\/div> <!-- close group --> <div class=\"gallery-group images-1\" style=\"width: 255px; height: 279px;\" data-original-width=\"255\" data-original-height=\"279\" > <div class=\"tiled-gallery-item tiled-gallery-item-large\" itemprop=\"associatedMedia\" itemscope itemtype=\"http:\/\/schema.org\/ImageObject\"> <a href=\"http:\/\/www.tvturk.com\/index.php\/is-adami-ugradigi-silahli-saldiri-sonucunda-hayatini-kaybetti\/is-adami-ugradigi-silahli-saldiri-sonucunda-hayatini-kaybetti-5\/\" border=\"0\" itemprop=\"url\"> <meta itemprop=\"width\" content=\"251\"> <meta itemprop=\"height\" content=\"275\"> <img decoding=\"async\" class=\"\" data-attachment-id=\"24726\" data-orig-file=\"http:\/\/www.tvturk.com\/wp-content\/uploads\/2019\/02\/is-adami-ugradigi-silahli-saldiri-sonucunda-hayatini-kaybetti_02fc328.jpg\" data-orig-size=\"652,715\" data-comments-opened=\"\" data-image-meta=\"{&quot;aperture&quot;:&quot;0&quot;,&quot;credit&quot;:&quot;IHA&quot;,&quot;camera&quot;:&quot;&quot;,&quot;caption&quot;:&quot;KAYSER\\u0130\\u0027DE \\u0130\\u015e ADAMI U\\u011eRADI\\u011eI S\\u0130LAHLI SALDIRI SONCUNDA HAYATINI KAYBETT\\u0130. (TURAN BULUT\\\/KAYSER\\u0130-\\u0130HA)&quot;,&quot;created_timestamp&quot;:&quot;0&quot;,&quot;copyright&quot;:&quot;\\u0130HLAS HABER AJANSI, www.iha.com.tr&quot;,&quot;focal_length&quot;:&quot;0&quot;,&quot;iso&quot;:&quot;0&quot;,&quot;shutter_speed&quot;:&quot;0&quot;,&quot;title&quot;:&quot;\\u0130\\u015e ADAMI U\\u011eRADI\\u011eI S\\u0130LAHLI SALDIRI SONUCUNDA HAYATINI KAYBETT\\u0130&quot;,&quot;orientation&quot;:&quot;1&quot;}\" data-image-title=\"\u0130\u015f adam\u0131 u\u011frad\u0131\u011f\u0131 silahl\u0131 sald\u0131r\u0131 sonucunda hayat\u0131n\u0131 kaybetti\" data-image-description=\"&lt;p&gt;\u0130\u015f adam\u0131 u\u011frad\u0131\u011f\u0131 silahl\u0131 sald\u0131r\u0131 sonucunda hayat\u0131n\u0131 kaybetti&lt;\/p&gt; \" data-medium-file=\"https:\/\/i0.wp.com\/www.tvturk.com\/wp-content\/uploads\/2019\/02\/is-adami-ugradigi-silahli-saldiri-sonucunda-hayatini-kaybetti_02fc328.jpg?fit=274%2C300\" data-large-file=\"https:\/\/i0.wp.com\/www.tvturk.com\/wp-content\/uploads\/2019\/02\/is-adami-ugradigi-silahli-saldiri-sonucunda-hayatini-kaybetti_02fc328.jpg?fit=652%2C715\" src=\"https:\/\/i0.wp.com\/www.tvturk.com\/wp-content\/uploads\/2019\/02\/is-adami-ugradigi-silahli-saldiri-sonucunda-hayatini-kaybetti_02fc328.jpg?w=251&#038;h=275\" srcset=\"https:\/\/i0.wp.com\/www.tvturk.com\/wp-content\/uploads\/2019\/02\/is-adami-ugradigi-silahli-saldiri-sonucunda-hayatini-kaybetti_02fc328.jpg?w=652 652w, https:\/\/i0.wp.com\/www.tvturk.com\/wp-content\/uploads\/2019\/02\/is-adami-ugradigi-silahli-saldiri-sonucunda-hayatini-kaybetti_02fc328.jpg?resize=137%2C150 137w, https:\/\/i0.wp.com\/www.tvturk.com\/wp-content\/uploads\/2019\/02\/is-adami-ugradigi-silahli-saldiri-sonucunda-hayatini-kaybetti_02fc328.jpg?resize=274%2C300 274w\" width=\"251\" height=\"275\" loading=\"lazy\" data-original-width=\"251\" data-original-height=\"275\" itemprop=\"http:\/\/schema.org\/image\" title=\"\u0130\u015f adam\u0131 u\u011frad\u0131\u011f\u0131 silahl\u0131 sald\u0131r\u0131 sonucunda hayat\u0131n\u0131 kaybetti\" alt=\"\u0130\u015f adam\u0131 u\u011frad\u0131\u011f\u0131 silahl\u0131 sald\u0131r\u0131 sonucunda hayat\u0131n\u0131 kaybetti\" style=\"width: 251px; height: 275px;\" \/> <\/a> <\/div> <\/div> <!-- close group --> <\/div> <!-- close row --> <\/div><\/p>\n","protected":false},"excerpt":{"rendered":"<p>KAYSER\u0130&#8217;DE \u0130\u015e ADAMI U\u011eRADI\u011eI S\u0130LAHLI SALDIRI SONCUNDA HAYATINI KAYBETT\u0130.<\/p>\n","protected":false},"author":1,"featured_media":24723,"comment_status":"closed","ping_status":"open","sticky":false,"template":"","format":"standard","meta":{"jetpack_post_was_ever_published":false,"_jetpack_newsletter_access":"","_jetpack_dont_email_post_to_subs":false,"_jetpack_newsletter_tier_id":0,"_jetpack_memberships_contains_paywalled_content":false,"_jetpack_memberships_contains_paid_content":false,"footnotes":"","jetpack_publicize_message":"","jetpack_publicize_feature_enabled":true,"jetpack_social_post_already_shared":false,"jetpack_social_options":{"image_generator_settings":{"template":"highway","default_image_id":0,"font":"","enabled":false},"version":2}},"categories":[655],"tags":[433,848,432,849,999,998,10344,10343],"class_list":["post-24722","post","type-post","status-publish","format-standard","has-post-thumbnail","hentry","category-son-dakika","tag-adami","tag-hayatini","tag-is","tag-kaybetti","tag-saldiri","tag-silahli","tag-sonucunda","tag-ugradigi"],"jetpack_publicize_connections":[],"jetpack_featured_media_url":"https:\/\/i0.wp.com\/www.tvturk.com\/wp-content\/uploads\/2019\/02\/is-adami-ugradigi-silahli-saldiri-sonucunda-hayatini-kaybetti_c76acbf.jpg?fit=960%2C720","jetpack_sharing_enabled":true,"jetpack_shortlink":"https:\/\/wp.me\/paKIfm-6qK","_links":{"self":[{"href":"http:\/\/www.tvturk.com\/index.php\/wp-json\/wp\/v2\/posts\/24722","targetHints":{"allow":["GET"]}}],"collection":[{"href":"http:\/\/www.tvturk.com\/index.php\/wp-json\/wp\/v2\/posts"}],"about":[{"href":"http:\/\/www.tvturk.com\/index.php\/wp-json\/wp\/v2\/types\/post"}],"author":[{"embeddable":true,"href":"http:\/\/www.tvturk.com\/index.php\/wp-json\/wp\/v2\/users\/1"}],"replies":[{"embeddable":true,"href":"http:\/\/www.tvturk.com\/index.php\/wp-json\/wp\/v2\/comments?post=24722"}],"version-history":[{"count":1,"href":"http:\/\/www.tvturk.com\/index.php\/wp-json\/wp\/v2\/posts\/24722\/revisions"}],"predecessor-version":[{"id":24727,"href":"http:\/\/www.tvturk.com\/index.php\/wp-json\/wp\/v2\/posts\/24722\/revisions\/24727"}],"wp:featuredmedia":[{"embeddable":true,"href":"http:\/\/www.tvturk.com\/index.php\/wp-json\/wp\/v2\/media\/24723"}],"wp:attachment":[{"href":"http:\/\/www.tvturk.com\/index.php\/wp-json\/wp\/v2\/media?parent=24722"}],"wp:term":[{"taxonomy":"category","embeddable":true,"href":"http:\/\/www.tvturk.com\/index.php\/wp-json\/wp\/v2\/categories?post=24722"},{"taxonomy":"post_tag","embeddable":true,"href":"http:\/\/www.tvturk.com\/index.php\/wp-json\/wp\/v2\/tags?post=24722"}],"curies":[{"name":"wp","href":"https:\/\/api.w.org\/{rel}","templated":true}]}}