{"id":247282,"date":"2019-12-25T17:03:03","date_gmt":"2019-12-25T14:03:03","guid":{"rendered":"http:\/\/www.tvturk.com\/index.php\/riza-calimbay-robinho-ile-ilgili-net-bir-sey-yok\/"},"modified":"2019-12-25T17:03:03","modified_gmt":"2019-12-25T14:03:03","slug":"riza-calimbay-robinho-ile-ilgili-net-bir-sey-yok","status":"publish","type":"post","link":"http:\/\/www.tvturk.com\/index.php\/riza-calimbay-robinho-ile-ilgili-net-bir-sey-yok\/","title":{"rendered":"R\u0131za \u00c7al\u0131mbay: \u201cRobinho ile ilgili net bir \u015fey yok\u201d"},"content":{"rendered":"<p>S\u00fcper Lig\u2019in ilk devresinin son haftas\u0131nda sahas\u0131nda G\u00f6ztepe\u2019yi a\u011f\u0131rlayacak olan lider Sivasspor, bu ma\u00e7\u0131n haz\u0131rl\u0131klar\u0131na ba\u015flad\u0131. \u0130dman \u00f6ncesi a\u00e7\u0131klamada bulunan Sivasspor Teknik Direkt\u00f6r\u00fc R\u0131za \u00c7al\u0131mbay, son g\u00fcnlerde ad\u0131 k\u0131rm\u0131z\u0131-beyazl\u0131 kul\u00fcple an\u0131lan Robinho ile ilgili, &#8220;Net olan bir \u015fey yok. Bizim kesinlikle takviye yapmam\u0131z laz\u0131m. Bu iki tane ma\u00e7 bize bunu g\u00f6sterdi. \u00c7ok b\u00fcy\u00fck paralar verip oyuncu alamay\u0131z&#8221; dedi.<\/p>\n<p>S\u00fcper Lig\u2019de lider Sivasspor\u2019da, G\u00f6ztepe haz\u0131rl\u0131klar\u0131 ba\u015flad\u0131. Vali L\u00fctfullah Bilgin Sivasspor Tesisleri\u2019nde Teknik Direkt\u00f6r R\u0131za \u00c7al\u0131mbay ve yard\u0131mc\u0131lar\u0131 y\u00f6netiminde ger\u00e7ekle\u015ftirilen antrenman yakla\u015f\u0131k bir bu\u00e7uk saat s\u00fcrd\u00fc. Ko\u015fu ile ba\u015flayan antrenman \u0131s\u0131nma \u00e7al\u0131\u015fmalar\u0131 ile devam etti. Daha sonra 5\u2019e 2 top kapma \u00e7al\u0131\u015fmas\u0131 yapan k\u0131rm\u0131z\u0131-beyazl\u0131lar, yar\u0131m sahada \u00e7ift kale ma\u00e7la idman\u0131n\u0131 tamamlad\u0131. \u0130dmana sakatl\u0131\u011f\u0131 devam eden Serhiy Rybalka ve Hugo Vieira kat\u0131lmad\u0131.<\/p>\n<p>\u201c1 puan bana g\u00f6re \u00e7ok \u00e7ok \u00f6nemli\u201d<\/p>\n<p>Antrenman \u00f6ncesi bas\u0131n mensuplar\u0131n\u0131n sorular\u0131n\u0131 yan\u0131tlayan Teknik Direkt\u00f6r R\u0131za \u00c7al\u0131mbay, ligde Gen\u00e7lerbirli\u011fi ile 2-2 berabere kald\u0131klar\u0131 ma\u00e7\u0131 ve G\u00f6ztepe ile oynayacaklar\u0131 ma\u00e7\u0131 de\u011ferlendirdi. \u00c7al\u0131mbay, Gen\u00e7lerbirli\u011fi kar\u015f\u0131s\u0131nda son saniyede al\u0131nan 1 puan\u0131n kendileri i\u00e7in b\u00fcy\u00fck \u00f6nem arz etti\u011fini ifade ederek, \u201cGen\u00e7lerbirli\u011fi ma\u00e7\u0131na biz haz\u0131r gitmi\u015ftik. \u00c7ok iyi de \u00e7al\u0131\u015ft\u0131k ama art\u0131k ligin devre aras\u0131 yakla\u015ft\u0131k\u00e7a eksik oyuncular da \u00e7o\u011fal\u0131yor. Sar\u0131 kartl\u0131lardan, cezal\u0131lardan, sakatlardan dolay\u0131. Biz oraya gitti\u011fimizde yine de \u00e7ok iyi bir kadro \u00e7\u0131kard\u0131k fakat son anda tam ma\u00e7a \u00e7\u0131kacakken Fernando\u2019nun bir sakatl\u0131\u011f\u0131 oldu. O arkada\u015flar\u0131m\u0131z oynamay\u0131nca bizim m\u00fcdahale \u015fans\u0131m\u0131z kalm\u0131yor. \u00c7ok az kal\u0131yor, elimizdeki oyunculardan dolay\u0131. O y\u00f6nden biraz s\u0131k\u0131nt\u0131l\u0131 kald\u0131k. Buradaki kupa ma\u00e7\u0131nda da ayn\u0131 \u015fekilde s\u0131k\u0131nt\u0131 ya\u015fad\u0131k ve Gen\u00e7lerbirli\u011fi\u2019nde de ayn\u0131 \u015fekilde ya\u015fad\u0131k. Herkesin yerlerini de\u011fi\u015ftirdik mecburen ama yine de ma\u00e7\u0131n ba\u015f\u0131nda gol\u00fcm\u00fcz\u00fc bulduk. M\u00fccadelemizi de \u00e7ok \u00e7ok iyi yapt\u0131k. U\u011fur\u2019un sakatlan\u0131p kenarda olmas\u0131, 10 ki\u015fi kalmam\u0131z sonunda o anda bo\u015fluktan gol yedik. Onun tela\u015f\u0131n\u0131 biran \u00f6nce atmam\u0131z gerekiyordu atamad\u0131k ve ikinci gol\u00fc yedik. Daha sonra toparland\u0131k ve her t\u00fcrl\u00fc riske girdik, gol\u00fc bulduk. Bir kere teslim olmad\u0131k. Mutlaka gol bulaca\u011f\u0131m\u0131za inan\u0131yorduk. Zaten bak\u0131l\u0131nca T\u00fcrkiye liginde her ma\u00e7ta gol atan tak\u0131m \u015fuana kadar yok. Biz var\u0131z. Arkada\u015flar\u0131m\u0131z inan\u0131lmaz m\u00fccadele ettiler. Galibiyet kadar \u00f6nemli bir ma\u00e7tan \u00e7\u0131kt\u0131k. Yenseydik daha iyiydi ama son saniyede al\u0131nm\u0131\u015f 1 puan bana g\u00f6re \u00e7ok \u00e7ok \u00f6nemli\u201d dedi.<\/p>\n<p>\u201cDaha 1 tane penalt\u0131m\u0131z yok\u201d<\/p>\n<p>\u00c7al\u0131mbay, ligde hen\u00fcz penalt\u0131 kullanmad\u0131klar\u0131ndan dolay\u0131 yak\u0131narak; \u201c\u00d6zetlersek ligin ilk yar\u0131s\u0131 da bitiyor. Sezon ba\u015f\u0131ndan \u015fu ana kadar \u00e7ok \u00e7al\u0131\u015farak, \u00e7ok m\u00fccadele ederek, arkada\u015fl\u0131\u011f\u0131m\u0131z\u0131 sahaya d\u00f6kerek \u00e7ok g\u00fczel \u015feyler yapt\u0131k. Biz buraya \u015fansa gelmedik. \u00c7al\u0131\u015farak geldik buralara. Onun i\u00e7in de \u00e7ok mutluyum. Herkes konu\u015fuyor ma\u00e7lar\u0131 ama bizimkine hi\u00e7 de\u011finen olmuyor. En \u00fcz\u00fcc\u00fc olay da bu. Sivasspor gol yedi ama ikinci gol\u00fc nas\u0131l yedi? Bir bakmak gerekiyor. Bizim de \u00e7\u0131k\u0131p, ba\u011f\u0131r\u0131p bir \u015feyler mi yapmam\u0131z gerekiyor?  Onu da yapam\u0131yoruz. \u015eu anda T\u00fcrkiye\u2019de ceza sahas\u0131na en \u00e7ok giren tak\u0131m biziz. Daha 1 tane penalt\u0131m\u0131z yok. 1 tane penalt\u0131 atmad\u0131k. Bizim yedi\u011fimiz gol\u00fc hi\u00e7 konu\u015fan yok. \u00c7ekilen \u00e7izgiyi, televizyonda g\u00f6sterilenleri. Bize de yaz\u0131k. Gen\u00e7lerbirli\u011fi\u2019nin 2. gol\u00fc gol de\u011fildi, ofsaytt\u0131. Vermeleri gerekiyordu ama \u00f6yle ge\u00e7ti\u201d ifadesini kulland\u0131.<\/p>\n<p>\u201cG\u00f6ztepe ma\u00e7\u0131n\u0131 kazanmal\u0131y\u0131z\u201d<\/p>\n<p>Tecr\u00fcbeli \u00e7al\u0131\u015ft\u0131r\u0131c\u0131 hafta sonu G\u00f6ztepe ile oynayacaklar\u0131 ma\u00e7a taraftarlar\u0131 davet ederek, ma\u00e7\u0131 kazanmalar\u0131 gerekti\u011fini s\u00f6yledi. \u00c7al\u0131mbay; \u201cBizim yapaca\u011f\u0131m\u0131z tek \u015fey kalan ma\u00e7\u0131m\u0131z\u0131 kazanmam\u0131z gerekiyor.  Biz, Gen\u00e7lerbirli\u011fi ve G\u00f6ztepe\u2019ye final niteli\u011finde bak\u0131yorduk. Tek hedefimiz G\u00f6ztepe ma\u00e7\u0131. Bu ma\u00e7\u0131 mutlaka ve mutlaka taraftar\u0131m\u0131z\u0131n da deste\u011fiyle iyi bir \u015fekilde bitirmemiz gerekiyor. Bizim taraftara ihtiyac\u0131m\u0131z var. Bu ma\u00e7ta taraftara daha da \u00e7ok ihtiyac\u0131m\u0131z var. Nas\u0131l Fenerbah\u00e7e ma\u00e7\u0131n\u0131 doldurdular 27 bin ki\u015fi, in\u015fallah bu ma\u00e7\u0131 da doldurmalar\u0131 gerekiyor. Bu hem bizim a\u00e7\u0131m\u0131zdan hem de Sivasspor camias\u0131 a\u00e7\u0131s\u0131ndan \u00e7ok \u00e7ok \u00f6nemli. Art\u0131k ligin ilk devresinin sonuna geldik arkada\u015flar\u0131m\u0131zda biraz d\u00fc\u015f\u00fc\u015f olabilir. O y\u00fczden bu t\u00fcr ma\u00e7larda iyi bir \u015fekilde kenetlenmek gerekiyor. Taraftara ihtiyac\u0131m\u0131z var. Mutlaka taraftar\u0131n bu ma\u00e7a gelmesi gerekiyor. \u00d6nemli olan bizim buradaki G\u00f6ztepe ma\u00e7\u0131n\u0131 kazanmam\u0131z\u201d diye konu\u015ftu.<\/p>\n<p>\u201cVAR\u2019dan herkes ma\u011fdur\u201d<\/p>\n<p>Be\u015fikta\u015f Kul\u00fcb\u00fc Ba\u015fkan\u0131 Ahmet Nur \u00c7ebi\u2019nin VAR kay\u0131tlar\u0131yla ilgili a\u00e7\u0131klamas\u0131 sorusu \u00fczerine \u00c7al\u0131mbay \u015fu cevab\u0131 verdi:<\/p>\n<p>\u201cBa\u015fkan Ahmet Bey kolay kolay a\u00e7\u0131klama yapmaz. Kolay kolay da bas\u0131n\u0131n kar\u015f\u0131s\u0131na \u00e7\u0131k\u0131p bir \u015feyler s\u00f6ylemez. Oraya \u00e7\u0131kt\u0131ysa mutlaka bir \u015feyler vard\u0131r. Ama VAR\u2019dan herkes ma\u011fdur. En \u00e7ok ma\u011fdur olanlardan biri de biziz. Gen\u00e7lerbirli\u011fi ma\u00e7\u0131nda biz oldu\u011fumuz i\u00e7in Sivasspor oldu\u011fu i\u00e7in hemen es ge\u00e7tiler arada kaynad\u0131 gitti. Kimse konu\u015fmuyor. Onun i\u00e7in ba\u015fkan konu\u015ftuysa bir \u015feyler vard\u0131r. Bo\u015fa konu\u015fan bir insan de\u011fildir. Onun i\u00e7in yapacak bir \u015fey yok. Benim her zaman s\u00f6yledi\u011fim gibi faal hakemlik yapanlar VAR\u2019\u0131n ba\u015f\u0131na ge\u00e7mesinler. Faal ma\u00e7 y\u00f6neten hakemler VAR\u2019\u0131n ba\u015f\u0131na ge\u00e7tikleri zaman mutlaka sorun oluyor. Art\u0131k \u00f6\u011freniliyor da VAR\u2019da kimin oldu\u011funu onun i\u00e7in arkada\u015flar\u0131 y\u0131prat\u0131yorlar. VAR\u2019\u0131n ba\u015f\u0131na bence ba\u015fka bir grubun iyi e\u011fitim alm\u0131\u015f ba\u015fka bir grup arkada\u015flar\u0131n gelmesi gerekiyor. VAR\u2019daki konu\u015fmalar\u0131 ne konu\u015fuldu\u011fu, nas\u0131l oldu\u011funu da a\u00e7\u0131klarlarsa muhte\u015fem olur. Bizde Almanya ve Hollanda gibi bir g\u00fcn a\u00e7\u0131klar\u0131z, oralara geliriz. Yoksa VAR sistemi muhte\u015fem bir sistem, hakem arkada\u015flar\u0131m\u0131z\u0131n i\u015fini kolayla\u015ft\u0131ran bir sistem onun i\u00e7in bunu \u00e7ok iyi \u015fekilde kullanmam\u0131z gerekiyor. Ama en \u00e7ok ma\u011fdur olanlardan bir tanesi de biziz.\u201d<\/p>\n<p>\u201cTransfer listemizde haz\u0131r\u201d<\/p>\n<p>Bir d\u00f6nem Sivasspor formas\u0131 giyen Robinho\u2019nun yeniden Sivasspor ile ad\u0131n\u0131n an\u0131lmas\u0131 sorusuna ise \u00c7al\u0131mbay, \u201cRobinho ile ilgili net olan bir \u015fey yok. Bizim kesinlikle takviye yapmam\u0131z laz\u0131m. Bu iki tane ma\u00e7 bize g\u00f6sterdi. Biz \u00e7ok b\u00fcy\u00fck paralar verip oyuncu alamay\u0131z.  Tak\u0131m\u0131z\u0131 bozacak kimseyi de almay\u0131z. Belki 3-4 tane takviye yapaca\u011f\u0131z, yapmaya \u00e7al\u0131\u015faca\u011f\u0131z. Y\u00f6netim ile konu\u015ftuk, yine konu\u015faca\u011f\u0131z. Listemizi de verece\u011fiz. Onlar\u0131 yaparsak biz ikinci yar\u0131 daha farkl\u0131 alternatifli bir kadro oluruz. \u00c7\u00fcnk\u00fc biz kupada da gitmek istiyoruz. Kupada da zor tak\u0131ma \u00e7\u0131kt\u0131k. Kupay\u0131 oynayan arkada\u015flar\u0131m\u0131zda kadroda olmas\u0131 gerekiyor. Gerekirse hem lig hem kupa ayn\u0131 kadro oynamay\u0131 d\u00fc\u015f\u00fcn\u00fcyoruz. Onun i\u00e7in biran \u00f6nce 3-4 tane takviye yapmam\u0131z gerekiyor. Transfer listemizde haz\u0131r olan isimler var. Ama maddiyat\u0131 \u00e7ok \u00e7ok \u00f6nemli m\u00fctevazi bir tak\u0131m\u0131m\u0131z var. Zaman zaman aksilikler ya\u015fayabiliriz. Ayn\u0131 amat\u00f6r ruhla \u00e7al\u0131\u015f\u0131p bizim ikinci yar\u0131ya ba\u015flamam\u0131z gerekiyor\u201d cevab\u0131n\u0131 verdi.<\/p>\n<p>\u201cBo\u015f i\u015flerle u\u011fra\u015fmamam\u0131z gerekiyor\u201d<\/p>\n<p>Ma\u00e7larda zaman zaman futbolcular\u0131n gerilmesi hakk\u0131nda sorulan soruya ise \u00c7al\u0131mbay, &#8220;Ben hi\u00e7bir zaman biz \u015fampiyonuz, \u015fampiyonlu\u011fa gidiyoruz gibi bir \u015fey s\u00f6ylemedim. Arkada\u015flar\u0131m\u0131z tabi ki b\u00f6yle ma\u00e7lar\u0131 da kaybetmek istemiyor. Onun gerginli\u011finden dolay\u0131 birbirlerine konu\u015fmalar\u0131 olabilir, her kul\u00fcpte olabiliyor. Ama bizim bunu yapmamam\u0131z gerekiyor. Toplant\u0131 yapt\u0131m ayn\u0131 \u015feyi s\u00f6yledim. Bize yak\u0131\u015fanlar\u0131 yapmam\u0131z gerekiyor. \u00d6yle bo\u015f i\u015flerle u\u011fra\u015fmamam\u0131z gerekiyor. \u0130\u015fimize bakmam\u0131z gerekiyor. Ma\u00e7 oynarken bizde kenarda duram\u0131yoruz bazen sinirleniyoruz, agresif olabiliyoruz. Onlarda bazen istedikleri \u015feyler olmay\u0131nca ister istemez baz\u0131 \u015feyleri konu\u015fuyorlar ama o orada sahada kal\u0131r. D\u0131\u015far\u0131ya yans\u0131maz\u201d yan\u0131t\u0131n\u0131 verdi.<\/p>\n<p>\u201c\u0130ki tane penalt\u0131m\u0131z var\u201d<\/p>\n<p>\u00c7al\u0131mbay son olarak teniste yap\u0131lan VAR kay\u0131tlar\u0131n\u0131n incelenmesinin futbola da gelmesi sorusu \u00fczerine, \u201cO olay\u0131 \u00e7ok uzat\u0131r. Seyirci gider \u00e7ay-kahve i\u00e7er gelir. O yap\u0131lsa bile \u00e7ok \u00e7abuk olmas\u0131 gereken bir \u015fey ama biz hep s\u00f6yl\u00fcyoruz zaten hocam gidin diyoruz. Bizim Rize\u2019de iki tane penalt\u0131m\u0131z var. Gitmedi. Bir git VAR\u2019a bak ne olur yani ben her zaman diyorum. VAR,  iyi bir sistem \u015fimdi eski futbolcular\u0131n hakem olmas\u0131 i\u00e7in \u00e7al\u0131\u015fma ba\u015flat\u0131yorlar. En g\u00fczel \u015feyi yap\u0131yorlar. \u0130n\u015fallah \u00e7ok ba\u015far\u0131l\u0131 olurlar\u201d ifadesini kulland\u0131.<\/p>\n","protected":false},"excerpt":{"rendered":"<p>RIZA \u00c7ALIMBAY, \u201cROB\u0130NHO \u0130LE \u0130LG\u0130L\u0130 NET OLAN B\u0130R \u015eEY YOK. B\u0130Z\u0130M KES\u0130NL\u0130KLE TAKV\u0130YE YAPMAMIZ LAZIM. BU \u0130K\u0130 TANE MA\u00c7 B\u0130ZE G\u00d6STERD\u0130\u201d DED\u0130.<\/p>\n","protected":false},"author":1,"featured_media":247283,"comment_status":"closed","ping_status":"open","sticky":false,"template":"","format":"standard","meta":{"jetpack_post_was_ever_published":false,"_jetpack_newsletter_access":"","_jetpack_dont_email_post_to_subs":false,"_jetpack_newsletter_tier_id":0,"_jetpack_memberships_contains_paywalled_content":false,"_jetpack_memberships_contains_paid_content":false,"footnotes":"","jetpack_publicize_message":"","jetpack_publicize_feature_enabled":true,"jetpack_social_post_already_shared":true,"jetpack_social_options":{"image_generator_settings":{"template":"highway","default_image_id":0,"font":"","enabled":false},"version":2}},"categories":[657],"tags":[125,17058,192,3012,7655,714,31061,2550,664],"class_list":["post-247282","post","type-post","status-publish","format-standard","has-post-thumbnail","hentry","category-spor","tag-bir","tag-calimbay","tag-ile","tag-ilgili","tag-net","tag-riza","tag-robinho","tag-sey","tag-yok"],"jetpack_publicize_connections":[],"jetpack_featured_media_url":"https:\/\/i0.wp.com\/www.tvturk.com\/wp-content\/uploads\/2019\/12\/riza-calimbay-robinho-ile-ilgili-net-bir-sey-yok_42cf4fd.jpg?fit=1000%2C658","jetpack_sharing_enabled":true,"jetpack_shortlink":"https:\/\/wp.me\/paKIfm-12kq","_links":{"self":[{"href":"http:\/\/www.tvturk.com\/index.php\/wp-json\/wp\/v2\/posts\/247282","targetHints":{"allow":["GET"]}}],"collection":[{"href":"http:\/\/www.tvturk.com\/index.php\/wp-json\/wp\/v2\/posts"}],"about":[{"href":"http:\/\/www.tvturk.com\/index.php\/wp-json\/wp\/v2\/types\/post"}],"author":[{"embeddable":true,"href":"http:\/\/www.tvturk.com\/index.php\/wp-json\/wp\/v2\/users\/1"}],"replies":[{"embeddable":true,"href":"http:\/\/www.tvturk.com\/index.php\/wp-json\/wp\/v2\/comments?post=247282"}],"version-history":[{"count":0,"href":"http:\/\/www.tvturk.com\/index.php\/wp-json\/wp\/v2\/posts\/247282\/revisions"}],"wp:featuredmedia":[{"embeddable":true,"href":"http:\/\/www.tvturk.com\/index.php\/wp-json\/wp\/v2\/media\/247283"}],"wp:attachment":[{"href":"http:\/\/www.tvturk.com\/index.php\/wp-json\/wp\/v2\/media?parent=247282"}],"wp:term":[{"taxonomy":"category","embeddable":true,"href":"http:\/\/www.tvturk.com\/index.php\/wp-json\/wp\/v2\/categories?post=247282"},{"taxonomy":"post_tag","embeddable":true,"href":"http:\/\/www.tvturk.com\/index.php\/wp-json\/wp\/v2\/tags?post=247282"}],"curies":[{"name":"wp","href":"https:\/\/api.w.org\/{rel}","templated":true}]}}