{"id":247296,"date":"2019-12-25T17:17:02","date_gmt":"2019-12-25T14:17:02","guid":{"rendered":"http:\/\/www.tvturk.com\/index.php\/eski-bakan-tufenkci-uluslararasi-sulara-acilmamizi-engelleyecek-oyunlari-bosa-cikarttik\/"},"modified":"2019-12-25T17:17:02","modified_gmt":"2019-12-25T14:17:02","slug":"eski-bakan-tufenkci-uluslararasi-sulara-acilmamizi-engelleyecek-oyunlari-bosa-cikarttik","status":"publish","type":"post","link":"http:\/\/www.tvturk.com\/index.php\/eski-bakan-tufenkci-uluslararasi-sulara-acilmamizi-engelleyecek-oyunlari-bosa-cikarttik\/","title":{"rendered":"Eski Bakan T\u00fcfenkci: &#8220;Uluslararas\u0131 sulara a\u00e7\u0131lmam\u0131z\u0131 engelleyecek oyunlar\u0131 bo\u015fa \u00e7\u0131kartt\u0131k&#8221;"},"content":{"rendered":"<p>AK Parti MKYK \u00fcyesi ve eski G\u00fcmr\u00fck ve Ticaret Bakan\u0131 B\u00fclent T\u00fcfenkci, T\u00fcrkiye\u2019nin Libya H\u00fck\u00fcmeti ile yapt\u0131\u011f\u0131 mutabakat ile ilgili, \u201cUluslararas\u0131 sulara a\u00e7\u0131lmam\u0131z\u0131 engelleyecek oyunlar\u0131 bo\u015fa \u00e7\u0131kartt\u0131k\u201d dedi.<\/p>\n<p>Milletvekili B\u00fclent T\u00fcfenkci, Muhtarlar Derne\u011fi Ba\u015fkan\u0131 Mustafa Eren ve y\u00f6netimini ziyaret ederek bir s\u00fcre g\u00f6r\u00fc\u015ft\u00fc. Burada muhtarlar\u0131n sorun ve s\u0131k\u0131nt\u0131lar\u0131 hakk\u0131nda bilgi alan Milletvekili T\u00fcfenkci, T\u00fcrkiye\u2019nin geli\u015fmesi, daha ya\u015fanabilir bir noktada olmas\u0131 ad\u0131na hizmet politikalar\u0131na devam ettiklerini s\u00f6yledi.<\/p>\n<p>Cumhurba\u015fkan\u0131 Recep Tayyip Erdo\u011fan\u2019\u0131n liderli\u011finde AK Parti iktidarlar\u0131nda T\u00fcrkiye\u2019nin en az 4 kat b\u00fcy\u00fcd\u00fc\u011f\u00fcn\u00fc belirten T\u00fcfenkci, &#8220;T\u00fcrkiye\u2019yi daha ileri g\u00f6t\u00fcrme noktas\u0131nda yeni Cumhurba\u015fkanl\u0131\u011f\u0131 H\u00fck\u00fcmet Sistemi\u2019ne ge\u00e7tik. Cumhurba\u015fkanl\u0131\u011f\u0131 H\u00fck\u00fcmet Sistemi\u2019nin ilk b\u00fct\u00e7esini de ge\u00e7ti\u011fimiz hafta Meclis\u2019ten ge\u00e7irdi\u201d dedi.<\/p>\n<p>T\u00fcrkiye\u2019nin bir yandan \u00fclkenin kalk\u0131nmas\u0131 noktas\u0131nda gayret g\u00f6sterdi\u011fini bir yandan ise ter\u00f6rle m\u00fccadele etti\u011fini dile getiren AK Parti Milletvekili B\u00fclent T\u00fcfenkci, \u201cTer\u00f6rle m\u00fccadele ederken uluslararas\u0131 g\u00fc\u00e7lerin T\u00fcrkiye \u00fczerindeki oyunlar\u0131n\u0131 bozma noktas\u0131nda gayret g\u00f6steriyoruz. T\u00fcrkiye\u2019yi Akdeniz\u2019e hapsetme anlay\u0131\u015f\u0131n\u0131 Cumhurba\u015fkan\u0131m\u0131z\u0131n feraseti ile Libya mutabakat\u0131 ile bozduk. T\u00fcrkiye\u2019nin Antakya k\u00f6rfezinden \u00e7\u0131kmamas\u0131, K\u0131br\u0131s\u2019ta egemenlik haklar\u0131n\u0131n yerle bir edilmesinden tutunda uluslararas\u0131 sulara a\u00e7\u0131lmam\u0131z\u0131 engelleyecek oyunlar\u0131n\u0131 bo\u015fa \u00e7\u0131kartt\u0131k\u201d ifadelerine yer verdi.<\/p>\n<p>Suriye\u2019de oynanan oyunlar\u0131 da \u00e7ok iyi bildiklerini belirten T\u00fcfenkci, \u201cBar\u0131\u015f P\u0131nar\u0131 Harekat\u0131 ile Zeytin Dal\u0131 Harekat\u0131 ile biz bu oyunlar\u0131 da bozduk. T\u00fcrkiye\u2019nin g\u00fcneyindeki ter\u00f6r koridorlar\u0131n\u0131 yerle bir ettik. Kimileri bunu ba\u015fka mecralara \u00e7ekse de ba\u015fka anlamlar ifade etse de T\u00fcrkiye tam ba\u011f\u0131ms\u0131z olmak istiyorsa ekonomik olarak b\u00f6lgesinde g\u00fc\u00e7l\u00fc olmas\u0131 gerekiyor\u201d \u015feklinde konu\u015ftu.<\/p>\n<p>Kanal \u0130stanbul tart\u0131\u015fmalar\u0131n\u0131 da de\u011ferlendiren Milletvekili T\u00fcfenkci, \u201cBirileri diyor ki Kanal \u0130stanbul\u2019a ne gerek var. Bunlar Marmaray\u2019a da, Avrasya T\u00fcneli\u2019ne de, k\u00f6pr\u00fclere de ne gerek var diyorlard\u0131. Esas\u0131nda bakt\u0131\u011f\u0131m\u0131zda ileriyi g\u00f6rememenin, T\u00fcrkiye\u2019nin vizyonunu anlayamaman\u0131n bir \u00fcr\u00fcn\u00fc olarak yans\u0131yor. Biz bunu sadece bir kanal olarak g\u00f6rm\u00fcyoruz. T\u00fcrkiye\u2019nin g\u00fcvenli\u011fi ile \u00e7ok yak\u0131ndan ilgili bir konu bu. Oraya alternatif bir kanal ile hem ekonomik olarak hem de trafi\u011fi rahatlatma anlam\u0131nda ve en \u00f6nemlisi orada olu\u015facak g\u00fcvenlik zaaf\u0131n\u0131 ortadan kald\u0131rma ad\u0131na \u00e7ok \u00f6nemli bir proje\u201d diye konu\u015ftu.<\/p>\n<p>Malatya\u2019ya yap\u0131lan yat\u0131r\u0131mlar noktas\u0131nda da bilgi veren T\u00fcfenkci, \u201cMalatya\u2019ya yeni bir havaalan\u0131 terminali projesi tamamland\u0131, ihaleye 2020 y\u0131l\u0131nda \u00e7\u0131kaca\u011f\u0131z. Malatya\u2019ya yak\u0131\u015f\u0131r bir terminali kazand\u0131raca\u011f\u0131z\u201d dedi. Malatya\u2019n\u0131n her y\u00f6n\u00fcyle b\u00f6lgesinin g\u00fc\u00e7l\u00fc ve geli\u015fmi\u015flik bak\u0131m\u0131ndan \u00f6nemli bir ili oldu\u011funu ifade eden T\u00fcfenkci, \u201cMalatya sa\u011fl\u0131k alan\u0131nda da \u00f6nemli bir yere sahip. Gerek Turgut \u00d6zal T\u0131p Merkezi gerek Malatya E\u011fitim ve Ara\u015ft\u0131rma Hastanesi, yeni yap\u0131lan Battalgazi Devlet Hastanesi, Onkoloji Hastanesi ve Karaci\u011fer Nakil Merkezi ile Malatyam\u0131z b\u00f6lgesinde \u00f6nemli bir il\u201d diye konu\u015ftu.<\/p>\n","protected":false},"excerpt":{"rendered":"<p>AK PART\u0130 MALATYA M\u0130LLETVEK\u0130L\u0130 VE MKYK \u00dcYES\u0130 B\u00dcLENT T\u00dcFENKC\u0130, T\u00dcRK\u0130YE\u2019N\u0130N L\u0130BYA H\u00dcK\u00dcMET\u0130 \u0130LE YAPTI\u011eI MUTABAKAT \u0130LE \u0130LG\u0130L\u0130, \u201cULUSLARARASI SULARA A\u00c7ILMAMIZI ENGELLEYECEK OYUNLARI BO\u015eA \u00c7IKARTTIK\u201d DED\u0130.<\/p>\n","protected":false},"author":1,"featured_media":247297,"comment_status":"closed","ping_status":"open","sticky":false,"template":"","format":"standard","meta":{"jetpack_post_was_ever_published":false,"_jetpack_newsletter_access":"","_jetpack_dont_email_post_to_subs":false,"_jetpack_newsletter_tier_id":0,"_jetpack_memberships_contains_paywalled_content":false,"_jetpack_memberships_contains_paid_content":false,"footnotes":"","jetpack_publicize_message":"","jetpack_publicize_feature_enabled":true,"jetpack_social_post_already_shared":true,"jetpack_social_options":{"image_generator_settings":{"template":"highway","default_image_id":0,"font":"","enabled":false},"version":2}},"categories":[1],"tags":[4839,61491,742,38636,38041,61492,1123,5915,31662,37064],"class_list":["post-247296","post","type-post","status-publish","format-standard","has-post-thumbnail","hentry","category-genel","tag-uluslararasi","tag-acilmamizi","tag-bakan","tag-bosa","tag-cikarttik","tag-engelleyecek","tag-eski","tag-oyunlari","tag-sulara","tag-tufenkci"],"jetpack_publicize_connections":[],"jetpack_featured_media_url":"https:\/\/i0.wp.com\/www.tvturk.com\/wp-content\/uploads\/2019\/12\/eski-bakan-tufenkci-uluslararasi-sulara-acilmamizi-engelleyecek-oyunlari-bosa-cikarttik_2513d5f.jpg?fit=1000%2C750","jetpack_sharing_enabled":true,"jetpack_shortlink":"https:\/\/wp.me\/paKIfm-12kE","_links":{"self":[{"href":"http:\/\/www.tvturk.com\/index.php\/wp-json\/wp\/v2\/posts\/247296","targetHints":{"allow":["GET"]}}],"collection":[{"href":"http:\/\/www.tvturk.com\/index.php\/wp-json\/wp\/v2\/posts"}],"about":[{"href":"http:\/\/www.tvturk.com\/index.php\/wp-json\/wp\/v2\/types\/post"}],"author":[{"embeddable":true,"href":"http:\/\/www.tvturk.com\/index.php\/wp-json\/wp\/v2\/users\/1"}],"replies":[{"embeddable":true,"href":"http:\/\/www.tvturk.com\/index.php\/wp-json\/wp\/v2\/comments?post=247296"}],"version-history":[{"count":0,"href":"http:\/\/www.tvturk.com\/index.php\/wp-json\/wp\/v2\/posts\/247296\/revisions"}],"wp:featuredmedia":[{"embeddable":true,"href":"http:\/\/www.tvturk.com\/index.php\/wp-json\/wp\/v2\/media\/247297"}],"wp:attachment":[{"href":"http:\/\/www.tvturk.com\/index.php\/wp-json\/wp\/v2\/media?parent=247296"}],"wp:term":[{"taxonomy":"category","embeddable":true,"href":"http:\/\/www.tvturk.com\/index.php\/wp-json\/wp\/v2\/categories?post=247296"},{"taxonomy":"post_tag","embeddable":true,"href":"http:\/\/www.tvturk.com\/index.php\/wp-json\/wp\/v2\/tags?post=247296"}],"curies":[{"name":"wp","href":"https:\/\/api.w.org\/{rel}","templated":true}]}}