{"id":247298,"date":"2019-12-25T17:17:54","date_gmt":"2019-12-25T14:17:54","guid":{"rendered":"http:\/\/www.tvturk.com\/index.php\/ozan-kabak-galatasaray-antrenmanini-ziyaret-etti\/"},"modified":"2019-12-25T17:17:54","modified_gmt":"2019-12-25T14:17:54","slug":"ozan-kabak-galatasaray-antrenmanini-ziyaret-etti","status":"publish","type":"post","link":"http:\/\/www.tvturk.com\/index.php\/ozan-kabak-galatasaray-antrenmanini-ziyaret-etti\/","title":{"rendered":"Ozan Kabak, Galatasaray antrenman\u0131n\u0131 ziyaret etti"},"content":{"rendered":"<p>Galatasaray, S\u00fcper Lig\u2019in 17. haftas\u0131nda Antalyaspor ile oynayaca\u011f\u0131 ma\u00e7\u0131n haz\u0131rl\u0131klar\u0131na yapt\u0131\u011f\u0131 antrenmanla devam etti.<\/p>\n<p>Florya Metin Oktay Tesisleri\u2019nde, Teknik Direkt\u00f6r Fatih Terim y\u00f6netiminde yap\u0131lan antrenmana \u0131s\u0131nma hareketleriyle ba\u015fland\u0131. Daha sonra gruplar halinde dar alanda be\u015fe iki pas oyunu oynand\u0131. Ana b\u00f6l\u00fcmde ise s\u0131n\u0131rl\u0131 alanda taktik \u00e7al\u0131\u015fma yap\u0131ld\u0131. Antrenman, yenilenme ko\u015fusu ve so\u011fuma hareketlerinin ard\u0131ndan sona erdi.<\/p>\n<p>Antrenmanda \u015eener \u00d6zbayrakl\u0131, Marcos Teixeira ve Mario Lemina tak\u0131mdan ayr\u0131 \u00f6zel program dahilinde sahada adaptasyon \u00e7al\u0131\u015fmalar\u0131n\u0131 s\u00fcrd\u00fcrd\u00fc.<\/p>\n<p>\u00d6te yandan sar\u0131-k\u0131rm\u0131z\u0131l\u0131lar\u0131n altyap\u0131s\u0131nda yeti\u015fen ve kariyerini Almanya\u2019n\u0131n Schalke 04 tak\u0131m\u0131nda s\u00fcrd\u00fcren milli futbolcu Ozan Kabak, antrenman\u0131 ziyaret ederek Fatih Terim\u2019e ve eski tak\u0131m arkada\u015flar\u0131na ba\u015far\u0131lar diledi.<\/p>\n<p>Galatasaray, Antalyaspor ma\u00e7\u0131n\u0131n haz\u0131rl\u0131klar\u0131na yar\u0131n saat 12.00\u2019de yapaca\u011f\u0131 antrenmanla devam edecek.<\/p>\n","protected":false},"excerpt":{"rendered":"<p>KAR\u0130YER\u0130N\u0130 ALMANYA\u2019NIN SCHALKE 04 TAKIMINDA S\u00dcRD\u00dcREN M\u0130LL\u0130 FUTBOLCU OZAN KABAK, GALATASARAY ANTRENMANINI Z\u0130YARET EDEREK FAT\u0130H TER\u0130M\u2019E VE ESK\u0130 TAKIM ARKADA\u015eLARINA BA\u015eARILAR D\u0130LED\u0130.<\/p>\n","protected":false},"author":1,"featured_media":247299,"comment_status":"closed","ping_status":"open","sticky":false,"template":"","format":"standard","meta":{"jetpack_post_was_ever_published":false,"_jetpack_newsletter_access":"","_jetpack_dont_email_post_to_subs":false,"_jetpack_newsletter_tier_id":0,"_jetpack_memberships_contains_paywalled_content":false,"_jetpack_memberships_contains_paid_content":false,"footnotes":"","jetpack_publicize_message":"","jetpack_publicize_feature_enabled":true,"jetpack_social_post_already_shared":true,"jetpack_social_options":{"image_generator_settings":{"template":"highway","default_image_id":0,"font":"","enabled":false},"version":2}},"categories":[657],"tags":[25962,207,1976,20590,11089,150],"class_list":["post-247298","post","type-post","status-publish","format-standard","has-post-thumbnail","hentry","category-spor","tag-antrenmanini","tag-etti","tag-galatasaray","tag-kabak","tag-ozan","tag-ziyaret"],"jetpack_publicize_connections":[],"jetpack_featured_media_url":"https:\/\/i0.wp.com\/www.tvturk.com\/wp-content\/uploads\/2019\/12\/ozan-kabak-galatasaray-antrenmanini-ziyaret-etti_284b743.jpg?fit=1000%2C661","jetpack_sharing_enabled":true,"jetpack_shortlink":"https:\/\/wp.me\/paKIfm-12kG","_links":{"self":[{"href":"http:\/\/www.tvturk.com\/index.php\/wp-json\/wp\/v2\/posts\/247298","targetHints":{"allow":["GET"]}}],"collection":[{"href":"http:\/\/www.tvturk.com\/index.php\/wp-json\/wp\/v2\/posts"}],"about":[{"href":"http:\/\/www.tvturk.com\/index.php\/wp-json\/wp\/v2\/types\/post"}],"author":[{"embeddable":true,"href":"http:\/\/www.tvturk.com\/index.php\/wp-json\/wp\/v2\/users\/1"}],"replies":[{"embeddable":true,"href":"http:\/\/www.tvturk.com\/index.php\/wp-json\/wp\/v2\/comments?post=247298"}],"version-history":[{"count":0,"href":"http:\/\/www.tvturk.com\/index.php\/wp-json\/wp\/v2\/posts\/247298\/revisions"}],"wp:featuredmedia":[{"embeddable":true,"href":"http:\/\/www.tvturk.com\/index.php\/wp-json\/wp\/v2\/media\/247299"}],"wp:attachment":[{"href":"http:\/\/www.tvturk.com\/index.php\/wp-json\/wp\/v2\/media?parent=247298"}],"wp:term":[{"taxonomy":"category","embeddable":true,"href":"http:\/\/www.tvturk.com\/index.php\/wp-json\/wp\/v2\/categories?post=247298"},{"taxonomy":"post_tag","embeddable":true,"href":"http:\/\/www.tvturk.com\/index.php\/wp-json\/wp\/v2\/tags?post=247298"}],"curies":[{"name":"wp","href":"https:\/\/api.w.org\/{rel}","templated":true}]}}