{"id":247302,"date":"2019-12-25T17:46:09","date_gmt":"2019-12-25T14:46:09","guid":{"rendered":"http:\/\/www.tvturk.com\/index.php\/cumhurbaskani-erdogan-hafter-mesru-degildir-gayrimesrudur\/"},"modified":"2019-12-25T17:46:09","modified_gmt":"2019-12-25T14:46:09","slug":"cumhurbaskani-erdogan-hafter-mesru-degildir-gayrimesrudur","status":"publish","type":"post","link":"http:\/\/www.tvturk.com\/index.php\/cumhurbaskani-erdogan-hafter-mesru-degildir-gayrimesrudur\/","title":{"rendered":"Cumhurba\u015fkan\u0131 Erdo\u011fan: \u201cHafter me\u015fru de\u011fildir, gayrime\u015frudur\u201d"},"content":{"rendered":"<p>Cumhurba\u015fkan\u0131 Recep Tayyip Erdo\u011fan, Tunus\u2019ta \u201cHafter me\u015fru de\u011fildir, gayrime\u015frudur\u201d dedi.<\/p>\n<p>Cumhurba\u015fkan\u0131 Recep Tayyip Erdo\u011fan, bug\u00fcn Tunus\u2019a s\u00fcrpriz bir ziyaret ger\u00e7ekle\u015ftirdi. Tunus Cumhurba\u015fkan\u0131 Kays Said ile g\u00f6r\u00fc\u015fme ger\u00e7ekle\u015ftiren Cumhurba\u015fkan\u0131 Erdo\u011fan, Libya konusunda da a\u00e7\u0131klamalarda bulundu.<\/p>\n<p>Cumhurba\u015fkan\u0131 Erdo\u011fan, Tunus Cumhurba\u015fkan\u0131 Kays Said ile ortak d\u00fczenledi\u011fi bas\u0131n toplant\u0131s\u0131nda Suriye\u2019den T\u00fcrkiye\u2019ye gelen 4 milyona yak\u0131n Suriyeli m\u00fcltecilerin her \u015feyiyle T\u00fcrkiye\u2019nin ilgilendi\u011fini s\u00f6yleyerek, &#8220;Ayn\u0131 \u015fekilde Libya\u2019dan da malum Tunus\u2019un g\u00fcneyine do\u011fru bu b\u00f6lgede 500 bine yak\u0131n m\u00fcltecinin olmas\u0131 kime y\u00fckt\u00fcr, o da Tunus\u2019a ciddi bir y\u00fckt\u00fcr. Bu y\u00fck\u00fcn alt\u0131ndan bire an \u00f6nce kalkmak gerekiyor. Tabii bunlar daha sonra \u00f6yle bir hal al\u0131yor ki ter\u00f6rize bir durum ortaya \u00e7\u0131k\u0131yor ve bu ter\u00f6rize durum da oradaki halklar\u0131 ciddi manada rahats\u0131z ediyor. Bu bak\u0131mdan Libya\u2019daki bu olumsuz geli\u015fmeler sadece Libya\u2019da kalm\u0131yor, ayn\u0131 zamanda kom\u015fu \u00fclkeler ki ba\u015fta Tunus, buradan ciddi manada rahats\u0131z oluyor. Bunlar\u0131 da de\u011ferlendirme f\u0131rsat\u0131m\u0131z oldu tabii bizim Libya\u2019da bir an evvel ate\u015fkesin sa\u011flanarak siyasi s\u00fcrece d\u00f6n\u00fclebilmesi amac\u0131yla atabilece\u011fimiz ad\u0131mlarla bu \u00e7er\u00e7evede y\u00fcr\u00fctebilece\u011fimiz i\u015f birli\u011fi neler olabilir bunlar\u0131n \u00fczerinde durma f\u0131rsat\u0131m\u0131z oldu ve biz Tunus\u2019u bu b\u00f6lgede istikrar\u0131n bir unsuru olarak g\u00f6r\u00fcyoruz ve birlikte de atabilece\u011fimiz ad\u0131mlar\u0131 konu\u015ftuk. Libya\u2019da istikrar\u0131n sa\u011flanmas\u0131 y\u00f6n\u00fcndeki \u00e7abalara Tunus\u2019un \u00e7ok de\u011ferli ve yap\u0131c\u0131 katk\u0131lar\u0131 olaca\u011f\u0131 inanc\u0131nday\u0131m\u201d a\u00e7\u0131klamalar\u0131nda bulundu.<\/p>\n<p>Erdo\u011fan ayr\u0131ca Libya\u2019n\u0131n neredeyse tamam\u0131na yak\u0131n\u0131n\u0131n M\u00fcsl\u00fcman oldu\u011fu bir \u00fclke oldu\u011funu ve sorunlar\u0131n\u0131 kendi i\u00e7inde siyasi bir y\u00f6ntemle \u00e7\u00f6zmesinin en isabetli yol olaca\u011f\u0131n\u0131 d\u00fc\u015f\u00fcnd\u00fc\u011f\u00fcn\u00fc belirtti.<\/p>\n<p>Ba\u015flayan Berlin s\u00fcrecinde Cezayir, Tunus ve Katar\u2019\u0131n olmay\u0131\u015f\u0131n\u0131n eksiklik oldu\u011funu vurgulayan Cumhurba\u015fkan\u0131 Erdo\u011fan, &#8220;Bu eksikli\u011fi Say\u0131n Merkel\u2019e ifade ettim bunun giderilmesinin do\u011fru olaca\u011f\u0131n\u0131 s\u00f6yledim. Kendileri de bu konuda bir de\u011ferlendirme yapmamda fayda var dediler. Daha sonra Say\u0131n Putin\u2019le de ben bu konuyu g\u00f6r\u00fc\u015ft\u00fcm bu d\u00fc\u015f\u00fcnceme bu fikrime aynen kendisinin de kat\u0131ld\u0131\u011f\u0131n\u0131 s\u00f6yledi. D\u00fcn Boris Johnson\u2019la \u0130ngiltere Ba\u015fbakan\u0131\u2019yla g\u00f6r\u00fc\u015ft\u00fcm ona da yine Tunus, Cezayir Katar bu \u00fclkelerin sosyopolitik olarak bu b\u00f6lgenin yani Libya\u2019n\u0131n yap\u0131s\u0131n\u0131 en iyi bunlar\u0131n bildi\u011fini s\u00f6yledim\u201d dedi.<\/p>\n<p>\u201cBu konuda da yetki sahibi iki \u00fclke vard\u0131r, o da Libya\u2019d\u0131r T\u00fcrkiye\u2019dir\u201d<\/p>\n<p>Erdo\u011fan, Yunanistan\u2019\u0131n Libya\u2019da ya\u015fananlara m\u00fcdahalesiyle ilgili olarak \u201cBir defa \u015fu anda Yunanistan\u2019\u0131n ne k\u0131ta sahanl\u0131\u011f\u0131yla bu i\u015fin alakas\u0131 var ne de aram\u0131zdaki \u00f6zellikle Libya ve T\u00fcrkiye aras\u0131ndaki \u015fu anda mevcut bantla bunun bir alakas\u0131 var. K\u0131ta sahanl\u0131\u011f\u0131yla ilgi alakas\u0131 yok m\u00fcnhas\u0131r ekonomik b\u00f6lgeyle ilgi alakas\u0131 yok. M\u00fcnhas\u0131r ekonomik b\u00f6lgede malum sadece Kuzey K\u0131br\u0131s ve G\u00fcney K\u0131br\u0131s\u2019\u0131n orada belli lotlar\u0131 var ve bunun d\u0131\u015f\u0131ndaki di\u011fer alanda ise bizim Libya ile T\u00fcrkiye aras\u0131ndaki ba\u011flant\u0131 bellidir ve bu konuda da yetki sahibi iki \u00fclke vard\u0131r, o da Libya\u2019d\u0131r T\u00fcrkiye\u2019dir. Libya\u2019n\u0131n \u015fu anda biliyorsunuz resmi olarak bir ba\u015fbakan\u0131 var o da say\u0131n Serrac\u2019d\u0131r ve bizler de say\u0131n Serrac\u2019la bu g\u00f6r\u00fc\u015fmeyi heyetiyle beraber \u0130stanbul\u2019da kendilerini a\u011f\u0131rlad\u0131k kendileriyle beraber yetkili arkada\u015flar\u0131m\u0131zla oturduk m\u00fczakeresini de\u011ferlendirmelerini yaparak imzalar at\u0131ld\u0131 ve T\u00fcrkiye B\u00fcy\u00fck Millet Meclisi\u2019nden de biz bu mutabakat metnini de anla\u015fmay\u0131 da ge\u00e7irmi\u015f bulunuyoruz. Ve bundan sonraki s\u00fcreci de bu istikamette devam ettirece\u011fiz ve Yunanistan\u2019\u0131n burada herhangi bir s\u00f6z sahibi olmas\u0131 diye bir \u015fey s\u00f6z konusu de\u011fildir. Tabi \u015funu da bunlar\u0131n bilmesi laz\u0131m art\u0131k devir o ge\u00e7mi\u015f devir de de\u011fildir. Ge\u00e7mi\u015fte bir\u00e7ok anla\u015fmalar\u0131 bunlar farkl\u0131 \u015fekilde yapm\u0131\u015f olabilirler ama \u015fu anda b\u00f6yle bir T\u00fcrkiye Cumhuriyeti h\u00fck\u00fcmeti de yoktur bunu da bilmeleri laz\u0131m\u201d ifadelerini kulland\u0131.<\/p>\n<p>Erdo\u011fan, \u201cM\u00fcnhas\u0131r ekonomik b\u00f6lgeyle ilgili at\u0131lan ad\u0131m, bunun yan\u0131nda \u00f6zellikle de mutabakat metininin i\u00e7erisinde yer alan maddelerin hepsi asl\u0131nda bir ad\u0131m\u0131n \u00f6n sesleridir\u201d diyerek bu konuyla ilgili olarak g\u00f6r\u00fc\u015fmeler yap\u0131ld\u0131\u011f\u0131n\u0131 s\u00f6yledi.<\/p>\n<p>\u201cHafter me\u015fru de\u011fildir\u201d<\/p>\n<p>Cumhurba\u015fkan\u0131 Erdo\u011fan Libya\u2019ya yap\u0131lan m\u00fcdahaleler hakk\u0131nda, \u201cFakat sormak laz\u0131m acaba \u015fu anda Libya\u2019da bulunan ve bunun 5 bini Sudan\u2019dan 2 bini Rusya\u2019dan \u2018wagner\u2019 diye gelenler oraya hangi s\u0131fatla geldiler orada ne i\u015fleri var hangi ba\u011flant\u0131lar\u0131 var bunlar\u0131 medya olarak sizin sorman\u0131z laz\u0131m. T\u00fcrkiye ise b\u00f6yle bir daveti ald\u0131\u011f\u0131 zaman davete icabet de eder. Niye? Aram\u0131zda en az\u0131ndan bir mutabakat metni var bir m\u00fcnhas\u0131r ekonomik b\u00f6lgeyle ilgili anla\u015fmam\u0131z var yani bizim b\u00f6yle bir ba\u011f\u0131m\u0131z var ama bunlar\u0131n hi\u00e7bir ba\u011f\u0131 yok. Hi\u00e7bir ba\u011f\u0131 olmad\u0131\u011f\u0131 halde bunlar\u0131n orada ne i\u015fi var. Bunu sormak laz\u0131m. Bir di\u011fer olay, Hafter me\u015fru de\u011fildir, gayrime\u015frudur. Gayrime\u015fru olarak Hafter durumdan vazife \u00e7\u0131kar\u0131yor. Serrac orada biliyorsunuz bir mutabakat h\u00fck\u00fcmetinin ba\u015fbakan\u0131d\u0131r b\u00f6yle bir durumu var ve uluslararas\u0131 alanda kar\u015f\u0131l\u0131\u011f\u0131 olan odur. Ama di\u011ferinin \u00f6yle bir kar\u015f\u0131l\u0131\u011f\u0131 da yoktur. Dolay\u0131s\u0131yla biz uluslararas\u0131 kar\u015f\u0131l\u0131\u011f\u0131 olan bir Serrac\u2019\u0131n att\u0131\u011f\u0131 ad\u0131mlarla biz de beraber ad\u0131m at\u0131yoruz. Ama Hafter\u2019in b\u00f6yle bir vasf\u0131 b\u00f6yle biz s\u0131fat\u0131 yok, onlar durumdan vazife \u00e7\u0131kararak yine baz\u0131 \u00fclkelerle, paras\u0131 bol olan silahlar\u0131 imkanlar\u0131 bol olan \u00fclkelerle bu t\u00fcr ad\u0131mlar\u0131 at\u0131yorlar. L\u00fctfen bunlar\u0131 da g\u00f6relim ve ona g\u00f6re Libya\u2019daki karde\u015flerimizi bunlara ezdirmeyelim dedirtmeyelim\u201d diye konu\u015ftu.<\/p>\n","protected":false},"excerpt":{"rendered":"<p>CUMHURBA\u015eKANI RECEP TAYY\u0130P ERDO\u011eAN, BUG\u00dcN TUNUS\u2019A S\u00dcRPR\u0130Z B\u0130R Z\u0130YARET GER\u00c7EKLE\u015eT\u0130RD\u0130.<\/p>\n","protected":false},"author":1,"featured_media":247303,"comment_status":"closed","ping_status":"open","sticky":false,"template":"","format":"standard","meta":{"jetpack_post_was_ever_published":false,"_jetpack_newsletter_access":"","_jetpack_dont_email_post_to_subs":false,"_jetpack_newsletter_tier_id":0,"_jetpack_memberships_contains_paywalled_content":false,"_jetpack_memberships_contains_paid_content":false,"footnotes":"","jetpack_publicize_message":"","jetpack_publicize_feature_enabled":true,"jetpack_social_post_already_shared":true,"jetpack_social_options":{"image_generator_settings":{"template":"highway","default_image_id":0,"font":"","enabled":false},"version":2}},"categories":[10],"tags":[503,3932,649,61493,31150,45260],"class_list":["post-247302","post","type-post","status-publish","format-standard","has-post-thumbnail","hentry","category-dunya","tag-cumhurbaskani","tag-degildir","tag-erdogan","tag-gayrimesrudur","tag-hafter","tag-mesru"],"jetpack_publicize_connections":[],"jetpack_featured_media_url":"https:\/\/i0.wp.com\/www.tvturk.com\/wp-content\/uploads\/2019\/12\/cumhurbaskani-erdogan-hafter-mesru-degildir-gayrimesrudur_2fb694d.jpg?fit=1000%2C717","jetpack_sharing_enabled":true,"jetpack_shortlink":"https:\/\/wp.me\/paKIfm-12kK","_links":{"self":[{"href":"http:\/\/www.tvturk.com\/index.php\/wp-json\/wp\/v2\/posts\/247302","targetHints":{"allow":["GET"]}}],"collection":[{"href":"http:\/\/www.tvturk.com\/index.php\/wp-json\/wp\/v2\/posts"}],"about":[{"href":"http:\/\/www.tvturk.com\/index.php\/wp-json\/wp\/v2\/types\/post"}],"author":[{"embeddable":true,"href":"http:\/\/www.tvturk.com\/index.php\/wp-json\/wp\/v2\/users\/1"}],"replies":[{"embeddable":true,"href":"http:\/\/www.tvturk.com\/index.php\/wp-json\/wp\/v2\/comments?post=247302"}],"version-history":[{"count":0,"href":"http:\/\/www.tvturk.com\/index.php\/wp-json\/wp\/v2\/posts\/247302\/revisions"}],"wp:featuredmedia":[{"embeddable":true,"href":"http:\/\/www.tvturk.com\/index.php\/wp-json\/wp\/v2\/media\/247303"}],"wp:attachment":[{"href":"http:\/\/www.tvturk.com\/index.php\/wp-json\/wp\/v2\/media?parent=247302"}],"wp:term":[{"taxonomy":"category","embeddable":true,"href":"http:\/\/www.tvturk.com\/index.php\/wp-json\/wp\/v2\/categories?post=247302"},{"taxonomy":"post_tag","embeddable":true,"href":"http:\/\/www.tvturk.com\/index.php\/wp-json\/wp\/v2\/tags?post=247302"}],"curies":[{"name":"wp","href":"https:\/\/api.w.org\/{rel}","templated":true}]}}