{"id":247308,"date":"2019-12-25T17:46:59","date_gmt":"2019-12-25T14:46:59","guid":{"rendered":"http:\/\/www.tvturk.com\/index.php\/mahsur-kalan-ogrenci-servisinin-imdadina-is-makinesi-yetisti\/"},"modified":"2019-12-25T17:46:59","modified_gmt":"2019-12-25T14:46:59","slug":"mahsur-kalan-ogrenci-servisinin-imdadina-is-makinesi-yetisti","status":"publish","type":"post","link":"http:\/\/www.tvturk.com\/index.php\/mahsur-kalan-ogrenci-servisinin-imdadina-is-makinesi-yetisti\/","title":{"rendered":"Mahsur kalan \u00f6\u011frenci servisinin imdad\u0131na i\u015f makinesi yeti\u015fti"},"content":{"rendered":"<p>Sivas\u2019\u0131n G\u00fcr\u00fcn il\u00e7esinde kar ve tipi nedeniyle mahsur kalan \u00f6\u011frenci servisinin imdad\u0131na i\u015f makinesi yeti\u015fti.<\/p>\n<p>Edinilen bilgiye g\u00f6re, olay, G\u00fcr\u00fcn il\u00e7esi Kaledere k\u00f6y\u00fc g\u00fczergah\u0131nda meydana geldi. \u00d6\u011frencileri ta\u015f\u0131yan okul servisi, yo\u011fun kar ve tipiye nedeniyle yolda mahsur kald\u0131. Servis \u015fof\u00f6r\u00fc, G\u00fcr\u00fcn \u0130l\u00e7e \u00f6zel idaresi ekiplerinden yard\u0131m istedi. K\u0131sa s\u00fcrede olay yerine varan ekipler, i\u015f makinesi ile karda mahsur kalan okul servisini kurtarmay\u0131 ba\u015fard\u0131. Servis i\u00e7erisinde bulanan 6 \u00f6\u011frenci ailelerine teslim edildi. \u00d6te yandan il\u00e7ede kar ya\u011f\u0131\u015f\u0131 etkisini s\u00fcrd\u00fcrmeye devam ederken 60 k\u00f6y ile ula\u015f\u0131m kesildi. Tipinin etkisi ile ara\u00e7 ula\u015f\u0131m\u0131na kapanan Kayseri &#8211; Malatya karayolunda ula\u015f\u0131m kontroll\u00fc olarak sa\u011flan\u0131yor.<\/p>\n","protected":false},"excerpt":{"rendered":"<p>S\u0130VAS&#8217;IN G\u00dcR\u00dcN \u0130L\u00c7ES\u0130NDE KAR VE T\u0130P\u0130 NEDEN\u0130YLE MAHSUR KALAN \u00d6\u011eRENC\u0130 SERV\u0130S\u0130N\u0130N \u0130MDADINA \u0130\u015e MAK\u0130NES\u0130 YET\u0130\u015eT\u0130.<\/p>\n","protected":false},"author":1,"featured_media":247309,"comment_status":"closed","ping_status":"open","sticky":false,"template":"","format":"standard","meta":{"jetpack_post_was_ever_published":false,"_jetpack_newsletter_access":"","_jetpack_dont_email_post_to_subs":false,"_jetpack_newsletter_tier_id":0,"_jetpack_memberships_contains_paywalled_content":false,"_jetpack_memberships_contains_paid_content":false,"footnotes":"","jetpack_publicize_message":"","jetpack_publicize_feature_enabled":true,"jetpack_social_post_already_shared":true,"jetpack_social_options":{"image_generator_settings":{"template":"highway","default_image_id":0,"font":"","enabled":false},"version":2}},"categories":[1],"tags":[10134,432,1274,2381,12102,773,61494,10135],"class_list":["post-247308","post","type-post","status-publish","format-standard","has-post-thumbnail","hentry","category-genel","tag-imdadina","tag-is","tag-kalan","tag-mahsur","tag-makinesi","tag-ogrenci","tag-servisinin","tag-yetisti"],"jetpack_publicize_connections":[],"jetpack_featured_media_url":"https:\/\/i0.wp.com\/www.tvturk.com\/wp-content\/uploads\/2019\/12\/mahsur-kalan-ogrenci-servisinin-imdadina-is-makinesi-yetisti_f41544a.jpg?fit=1000%2C485","jetpack_sharing_enabled":true,"jetpack_shortlink":"https:\/\/wp.me\/paKIfm-12kQ","_links":{"self":[{"href":"http:\/\/www.tvturk.com\/index.php\/wp-json\/wp\/v2\/posts\/247308","targetHints":{"allow":["GET"]}}],"collection":[{"href":"http:\/\/www.tvturk.com\/index.php\/wp-json\/wp\/v2\/posts"}],"about":[{"href":"http:\/\/www.tvturk.com\/index.php\/wp-json\/wp\/v2\/types\/post"}],"author":[{"embeddable":true,"href":"http:\/\/www.tvturk.com\/index.php\/wp-json\/wp\/v2\/users\/1"}],"replies":[{"embeddable":true,"href":"http:\/\/www.tvturk.com\/index.php\/wp-json\/wp\/v2\/comments?post=247308"}],"version-history":[{"count":0,"href":"http:\/\/www.tvturk.com\/index.php\/wp-json\/wp\/v2\/posts\/247308\/revisions"}],"wp:featuredmedia":[{"embeddable":true,"href":"http:\/\/www.tvturk.com\/index.php\/wp-json\/wp\/v2\/media\/247309"}],"wp:attachment":[{"href":"http:\/\/www.tvturk.com\/index.php\/wp-json\/wp\/v2\/media?parent=247308"}],"wp:term":[{"taxonomy":"category","embeddable":true,"href":"http:\/\/www.tvturk.com\/index.php\/wp-json\/wp\/v2\/categories?post=247308"},{"taxonomy":"post_tag","embeddable":true,"href":"http:\/\/www.tvturk.com\/index.php\/wp-json\/wp\/v2\/tags?post=247308"}],"curies":[{"name":"wp","href":"https:\/\/api.w.org\/{rel}","templated":true}]}}