{"id":247358,"date":"2019-12-25T23:17:36","date_gmt":"2019-12-25T20:17:36","guid":{"rendered":"http:\/\/www.tvturk.com\/index.php\/yusuf-yazici-hasret-giderdi\/"},"modified":"2019-12-25T23:17:36","modified_gmt":"2019-12-25T20:17:36","slug":"yusuf-yazici-hasret-giderdi","status":"publish","type":"post","link":"http:\/\/www.tvturk.com\/index.php\/yusuf-yazici-hasret-giderdi\/","title":{"rendered":"Yusuf Yaz\u0131c\u0131 hasret giderdi"},"content":{"rendered":"<p>Fransa Ligi\u2019nde Monaco ile Lille aras\u0131nda oynanan m\u00fcsabakada sa\u011f diz \u00f6n \u00e7apraz ba\u011f\u0131nda meydana gelen kopma nedeniyle sezonu kapatan milli futbolcu Yusuf Yaz\u0131c\u0131, Trabzon\u2019a gelerek ailesiyle ve alt yap\u0131dan birlikte yeti\u015fti\u011fi tak\u0131m arkada\u015flar\u0131yla hasret gideriyor.<\/p>\n<p>Sezon ba\u015f\u0131nda Fransa\u2019n\u0131n Lille tak\u0131m\u0131na transfer olan Yusuf Yaz\u0131c\u0131, Monaco ile oynanan ma\u00e7ta sakatlanm\u0131\u015ft\u0131. Sa\u011f diz \u00f6n \u00e7apraz ba\u011flar\u0131nda kopma meydana gelen milli oyuncu tedavisi \u00f6ncesi Trabzon\u2019a gelerek ailesiyle ve tak\u0131m arkada\u015flar\u0131yla hasret gideriyor.<\/p>\n<p>Trabzon\u2019daki k\u00f6y\u00fcnde dinlenen Yusuf, babaannesi ve anneannesi ile birlikte \u00e7ekilmi\u015f foto\u011fraflar\u0131n\u0131 payla\u015ft\u0131.  Yusuf payla\u015f\u0131m\u0131nda, &#8220;Aile hekimlerime muayene oldum. Yo\u011fun bir kara lahana, m\u0131s\u0131r ekme\u011fi ve kemik suyu tedavisi uygulamay\u0131 uygun g\u00f6rd\u00fcler. Anneannem ve babaannem&#8221; ifadelerini kulland\u0131.<\/p>\n<p>Yusuf Yaz\u0131c\u0131 daha sonra ise altyap\u0131dan birlikte A tak\u0131ma y\u00fckseldikleri tak\u0131m arkada\u015flar\u0131 U\u011furcan \u00c7ak\u0131r, Abdurrahim Dursun ve Arda Akbulut ile hasret giderdi.<\/p>\n<p>Milli oyuncunun yapt\u0131\u011f\u0131 payla\u015f\u0131mlar k\u0131sa s\u00fcrede b\u00fcy\u00fck bir be\u011feni kazan\u0131rken, ya\u015fad\u0131\u011f\u0131 sakatl\u0131\u011f\u0131n ard\u0131ndan kendisine destek olanlara ise te\u015fekk\u00fcr etti.<\/p>\n","protected":false},"excerpt":{"rendered":"<p>FRANSA L\u0130G\u0130&#8217;NDE MONACO \u0130LE L\u0130LLE ARASINDA OYNANAN M\u00dcSABAKADA SA\u011e D\u0130Z \u00d6N \u00c7APRAZ BA\u011eINDA MEYDANA GELEN KOPMA NEDEN\u0130YLE SEZONU KAPATAN M\u0130LL\u0130 FUTBOLCU YUSUF YAZICI, TRABZON&#8217;A GELEREK A\u0130LES\u0130YLE VE ALT YAPIDAN B\u0130RL\u0130KTE YET\u0130\u015eT\u0130\u011e\u0130 TAKIM ARKADA\u015eLARIYLA HASRET G\u0130DER\u0130YOR.<\/p>\n","protected":false},"author":1,"featured_media":247359,"comment_status":"closed","ping_status":"open","sticky":false,"template":"","format":"standard","meta":{"jetpack_post_was_ever_published":false,"_jetpack_newsletter_access":"","_jetpack_dont_email_post_to_subs":false,"_jetpack_newsletter_tier_id":0,"_jetpack_memberships_contains_paywalled_content":false,"_jetpack_memberships_contains_paid_content":false,"footnotes":"","jetpack_publicize_message":"","jetpack_publicize_feature_enabled":true,"jetpack_social_post_already_shared":true,"jetpack_social_options":{"image_generator_settings":{"template":"highway","default_image_id":0,"font":"","enabled":false},"version":2}},"categories":[657],"tags":[10731,10730,1589,5292],"class_list":["post-247358","post","type-post","status-publish","format-standard","has-post-thumbnail","hentry","category-spor","tag-giderdi","tag-hasret","tag-yazici","tag-yusuf"],"jetpack_publicize_connections":[],"jetpack_featured_media_url":"https:\/\/i0.wp.com\/www.tvturk.com\/wp-content\/uploads\/2019\/12\/yusuf-yazici-hasret-giderdi_bc7b2c0.jpg?fit=750%2C1000","jetpack_sharing_enabled":true,"jetpack_shortlink":"https:\/\/wp.me\/paKIfm-12lE","_links":{"self":[{"href":"http:\/\/www.tvturk.com\/index.php\/wp-json\/wp\/v2\/posts\/247358","targetHints":{"allow":["GET"]}}],"collection":[{"href":"http:\/\/www.tvturk.com\/index.php\/wp-json\/wp\/v2\/posts"}],"about":[{"href":"http:\/\/www.tvturk.com\/index.php\/wp-json\/wp\/v2\/types\/post"}],"author":[{"embeddable":true,"href":"http:\/\/www.tvturk.com\/index.php\/wp-json\/wp\/v2\/users\/1"}],"replies":[{"embeddable":true,"href":"http:\/\/www.tvturk.com\/index.php\/wp-json\/wp\/v2\/comments?post=247358"}],"version-history":[{"count":0,"href":"http:\/\/www.tvturk.com\/index.php\/wp-json\/wp\/v2\/posts\/247358\/revisions"}],"wp:featuredmedia":[{"embeddable":true,"href":"http:\/\/www.tvturk.com\/index.php\/wp-json\/wp\/v2\/media\/247359"}],"wp:attachment":[{"href":"http:\/\/www.tvturk.com\/index.php\/wp-json\/wp\/v2\/media?parent=247358"}],"wp:term":[{"taxonomy":"category","embeddable":true,"href":"http:\/\/www.tvturk.com\/index.php\/wp-json\/wp\/v2\/categories?post=247358"},{"taxonomy":"post_tag","embeddable":true,"href":"http:\/\/www.tvturk.com\/index.php\/wp-json\/wp\/v2\/tags?post=247358"}],"curies":[{"name":"wp","href":"https:\/\/api.w.org\/{rel}","templated":true}]}}