{"id":247416,"date":"2019-12-26T10:01:57","date_gmt":"2019-12-26T07:01:57","guid":{"rendered":"http:\/\/www.tvturk.com\/index.php\/turk-is-insani-dunyanin-en-onemli-50-profesyoneli-arasinda\/"},"modified":"2019-12-26T10:01:57","modified_gmt":"2019-12-26T07:01:57","slug":"turk-is-insani-dunyanin-en-onemli-50-profesyoneli-arasinda","status":"publish","type":"post","link":"http:\/\/www.tvturk.com\/index.php\/turk-is-insani-dunyanin-en-onemli-50-profesyoneli-arasinda\/","title":{"rendered":"T\u00fcrk i\u015f insan\u0131 d\u00fcnyan\u0131n en \u00f6nemli 50 profesyoneli aras\u0131nda"},"content":{"rendered":"<p>Dubai\u2019de d\u00fczenlenen \u201cMADcon-Global Pazarlama ve Reklamc\u0131l\u0131k Konferans\u0131\u201dnda Karnaval Media Group Dijital Genel M\u00fcd\u00fcr\u00fc Tu\u011f\u00e7e Akay, dijital pazarlama ve reklamc\u0131l\u0131k alan\u0131nda d\u00fcnyan\u0131n en \u00f6nemli 50 profesyonelinden biri olarak g\u00f6sterildi.<\/p>\n<p>ABD merkezli Prism Events taraf\u0131ndan bu sene 16-18 Aral\u0131k 2019 tarihlerinde Dubai\u2019de d\u00fczenlenen \u201cMADcon &#8211; Global Pazarlama ve Reklamc\u0131l\u0131k Konferans\u0131\u201d d\u00fcnya genelinden 40\u2019dan fazla konu\u015fmac\u0131 ve y\u00fczlerce kat\u0131l\u0131mc\u0131y\u0131 a\u011f\u0131rlad\u0131. 3 g\u00fcnl\u00fck konferans\u0131n ard\u0131ndan d\u00fczenlenen \u00f6d\u00fcl t\u00f6reninde ise dijital pazarlama ve reklamc\u0131l\u0131k alan\u0131nda d\u00fcnyan\u0131n en \u00f6nemli isimleri belirlendi. Karnaval Media Group Dijital Genel M\u00fcd\u00fcr\u00fc Tu\u011f\u00e7e Akay, d\u00fcnyan\u0131n en \u00f6nemli 50 pazarlama profesyonelinden biri se\u00e7ilerek \u00f6d\u00fcle lay\u0131k g\u00f6r\u00fcld\u00fc. Akay, \u00f6d\u00fcl t\u00f6renindeki tek T\u00fcrk olarak \u00f6d\u00fcl t\u00f6reninde yer ald\u0131.<\/p>\n<p>&#8220;Gurur duyuyorum&#8221;<\/p>\n<p>\u00d6d\u00fcl t\u00f6reninde konu\u015fan Tu\u011f\u00e7e Akay, &#8220;Bir T\u00fcrk kad\u0131n\u0131 olarak, \u00fclkemi b\u00f6ylesine g\u00fczel ba\u015far\u0131larla temsil etmekten gurur duyuyorum. \u00c7al\u0131\u015fma hayat\u0131ndaki ba\u015far\u0131n\u0131n d\u00fcr\u00fcstl\u00fck, netlik ve azimden geldi\u011fine inan\u0131yorum. Her t\u00fcrl\u00fc zorlu\u011fa inat, y\u0131lmadan \u00e7abalayan kad\u0131nlar\u0131m\u0131za bu \u00f6d\u00fcl\u00fcn bir \u00f6rnek olmas\u0131n\u0131 diliyorum.\u201d<\/p>\n<p>24 y\u0131ll\u0131k kariyerine Joy FM\u2019de DJ olarak ba\u015flayan Tu\u011f\u00e7e Akay, sonras\u0131nda Power FM Yay\u0131n Direkt\u00f6r\u00fc, Power Group Dijital Direkt\u00f6r\u00fc ve son olarak Karnaval Media Group\u2019ta Dijital Genel M\u00fcd\u00fcr olarak g\u00f6revine devam ediyor.<\/p>\n","protected":false},"excerpt":{"rendered":"<p>DUBA\u0130\u2019DE D\u00dcZENLENEN \u201cMADCON-GLOBAL PAZARLAMA VE REKLAMCILIK KONFERANSI\u201dNDA KARNAVAL MED\u0130A GROUP D\u0130J\u0130TAL GENEL M\u00dcD\u00dcR\u00dc TU\u011e\u00c7E AKAY, D\u0130J\u0130TAL PAZARLAMA VE REKLAMCILIK ALANINDA D\u00dcNYANIN EN \u00d6NEML\u0130 50 PROFESYONEL\u0130NDEN B\u0130R\u0130 OLARAK G\u00d6STER\u0130LD\u0130.<\/p>\n","protected":false},"author":1,"featured_media":247417,"comment_status":"closed","ping_status":"open","sticky":false,"template":"","format":"standard","meta":{"jetpack_post_was_ever_published":false,"_jetpack_newsletter_access":"","_jetpack_dont_email_post_to_subs":false,"_jetpack_newsletter_tier_id":0,"_jetpack_memberships_contains_paywalled_content":false,"_jetpack_memberships_contains_paid_content":false,"footnotes":"","jetpack_publicize_message":"","jetpack_publicize_feature_enabled":true,"jetpack_social_post_already_shared":true,"jetpack_social_options":{"image_generator_settings":{"template":"highway","default_image_id":0,"font":"","enabled":false},"version":2}},"categories":[19],"tags":[1882,1197,4009,432,332,61528,957],"class_list":["post-247416","post","type-post","status-publish","format-standard","has-post-thumbnail","hentry","category-ekonomi","tag-arasinda","tag-dunyanin","tag-insani","tag-is","tag-onemli","tag-profesyoneli","tag-turk"],"jetpack_publicize_connections":[],"jetpack_featured_media_url":"https:\/\/i0.wp.com\/www.tvturk.com\/wp-content\/uploads\/2019\/12\/turk-is-insani-dunyanin-en-onemli-50-profesyoneli-arasinda_97b01ea.jpg?fit=1000%2C666","jetpack_sharing_enabled":true,"jetpack_shortlink":"https:\/\/wp.me\/paKIfm-12mA","_links":{"self":[{"href":"http:\/\/www.tvturk.com\/index.php\/wp-json\/wp\/v2\/posts\/247416","targetHints":{"allow":["GET"]}}],"collection":[{"href":"http:\/\/www.tvturk.com\/index.php\/wp-json\/wp\/v2\/posts"}],"about":[{"href":"http:\/\/www.tvturk.com\/index.php\/wp-json\/wp\/v2\/types\/post"}],"author":[{"embeddable":true,"href":"http:\/\/www.tvturk.com\/index.php\/wp-json\/wp\/v2\/users\/1"}],"replies":[{"embeddable":true,"href":"http:\/\/www.tvturk.com\/index.php\/wp-json\/wp\/v2\/comments?post=247416"}],"version-history":[{"count":0,"href":"http:\/\/www.tvturk.com\/index.php\/wp-json\/wp\/v2\/posts\/247416\/revisions"}],"wp:featuredmedia":[{"embeddable":true,"href":"http:\/\/www.tvturk.com\/index.php\/wp-json\/wp\/v2\/media\/247417"}],"wp:attachment":[{"href":"http:\/\/www.tvturk.com\/index.php\/wp-json\/wp\/v2\/media?parent=247416"}],"wp:term":[{"taxonomy":"category","embeddable":true,"href":"http:\/\/www.tvturk.com\/index.php\/wp-json\/wp\/v2\/categories?post=247416"},{"taxonomy":"post_tag","embeddable":true,"href":"http:\/\/www.tvturk.com\/index.php\/wp-json\/wp\/v2\/tags?post=247416"}],"curies":[{"name":"wp","href":"https:\/\/api.w.org\/{rel}","templated":true}]}}