{"id":247444,"date":"2019-12-26T10:18:00","date_gmt":"2019-12-26T07:18:00","guid":{"rendered":"http:\/\/www.tvturk.com\/index.php\/yok-uyesi-yaylali-her-ilde-universiteyi-anlarim-da-bu-universitelerde-her-bolumun-olmasini-asla-ve-kata-anlamam\/"},"modified":"2019-12-26T10:18:00","modified_gmt":"2019-12-26T07:18:00","slug":"yok-uyesi-yaylali-her-ilde-universiteyi-anlarim-da-bu-universitelerde-her-bolumun-olmasini-asla-ve-kata-anlamam","status":"publish","type":"post","link":"http:\/\/www.tvturk.com\/index.php\/yok-uyesi-yaylali-her-ilde-universiteyi-anlarim-da-bu-universitelerde-her-bolumun-olmasini-asla-ve-kata-anlamam\/","title":{"rendered":"Y\u00d6K \u00dcyesi Yaylal\u0131: \u201cHer ilde \u00fcniversiteyi anlar\u0131m da bu \u00fcniversitelerde her b\u00f6l\u00fcm\u00fcn olmas\u0131n\u0131 asla ve kata anlamam\u201d"},"content":{"rendered":"<p>Y\u00fcksek\u00f6\u011fretim Kurulu (Y\u00d6K) \u00dcyesi Prof. Dr. Muammer Yaylal\u0131, \u201cHer ilde \u00fcniversiteyi anlar\u0131m da bu \u00fcniversitelerde her b\u00f6l\u00fcm\u00fcn olmas\u0131n\u0131 asla ve kata anlamam\u201d dedi.<\/p>\n<p>Ondokuz May\u0131s \u00dcniversitesi (OM\u00dc) \u0130ktisadi ve \u0130dari Bilimler Fak\u00fcltesinin konu\u011fu olarak Samsun\u2019a gelen Y\u00fcksek\u00f6\u011fretim Kurulu (Y\u00d6K) \u00dcyesi Prof. Dr. Muammer Yaylal\u0131, \u201c\u00dcniversitelerin ve \u00dcniversite \u00d6\u011frencilerinin Gelecek Vizyonu\u201d ba\u015fl\u0131kl\u0131 s\u00f6yle\u015fisiyle \u00f6\u011frencilere hitap etti.<\/p>\n<p>OM\u00dc \u0130ktisadi ve \u0130dari Bilimler Fak\u00fcltesi Konferans Salonunda d\u00fczenlenen etkinli\u011fe; Samsun \u00dcniversitesi Rekt\u00f6r Yard\u0131mc\u0131s\u0131 Prof. Dr. Selahattin Kaynak, OM\u00dc \u0130ktisadi ve \u0130dari Bilimler Fak\u00fcltesi Dekan\u0131 Eb\u00fcl Muhsin Do\u011fan ile Dekan Yard\u0131mc\u0131s\u0131 Dr. \u00d6\u011fr. \u00dcyesi \u00d6zg\u00fcr \u00d6zayd\u0131n, akademisyenler ve \u00f6\u011frenciler kat\u0131ld\u0131.<\/p>\n<p>S\u00f6yle\u015fi \u00f6ncesi, ET\u00dc Kurucu Rekt\u00f6r\u00fc ve Y\u00d6K \u00dcyesi Prof. Dr. Muammer Yaylal\u0131\u2019n\u0131n \u00f6z ge\u00e7mi\u015fi kat\u0131l\u0131mc\u0131larla payla\u015f\u0131ld\u0131. Ard\u0131ndan k\u00fcrs\u00fcye davet edilen Prof. Dr. Muammer Yaylal\u0131 \u201cBilen, tecr\u00fcbesi oland\u0131r. Ben de tecr\u00fcbe ve birikimlerimi sizlerle payla\u015faca\u011f\u0131m\u201d diyerek s\u00f6yle\u015fisine ba\u015flarken \u00fcniversitede e\u011fitim alan bireyin kendisine \u00f6ncelikle bir hedef belirlemesi gerekti\u011fini vurgulad\u0131.<\/p>\n<p>\u201cBana hi\u00e7 ilham gelmedi, ne \u00f6\u011frendiysem \u00e7al\u0131\u015farak \u00f6\u011frendim\u201d<\/p>\n<p>\u00dcniversite \u00f6\u011frencili\u011fi d\u00f6neminden bahseden Y\u00d6K \u00dcyesi Yaylal\u0131 \u201cOrta Do\u011fu Teknik \u00dcniversitesi \u0130\u015fletme B\u00f6l\u00fcm\u00fcnde okurken, \u00f6\u011frencilerin yol haritalar\u0131n\u0131 belirlemeleri i\u00e7in \u00dcniversitemiz etkinlikler d\u00fczenliyordu, niteliklerine bak\u0131lmak suretiyle \u00f6\u011frencilerin e\u011filimleri tespit ediliyordu. \u00dcst d\u00fczey y\u00f6neticiler gelip \u00f6\u011frencilerle m\u00fclakatlar yap\u0131yordu. Ben de o d\u00f6nemde hedefimi belirledim ve akademisyen olmaya karar verdim. \u0130\u015fletme Fak\u00fcltesinde bir tek benim lambam yanard\u0131. Bana hi\u00e7 ilham gelmedi, ne \u00f6\u011frendiysem \u00e7al\u0131\u015farak, emek vererek \u00f6\u011frendim. G\u00fcne\u015f do\u011fduktan sonra eve giderdim\u201d diye konu\u015ftu.<\/p>\n<p>\u201cKaynak k\u0131tl\u0131\u011f\u0131na asla inanmam, kaynaklar\u0131n yanl\u0131\u015f kullan\u0131m\u0131 vard\u0131r\u201d<\/p>\n<p>\u0130nsan\u0131n kendi kendine yetebilmesinin \u00f6nemine de\u011finen Prof. Dr. Yaylal\u0131, devam\u0131nda \u00f6\u011frencilere seslenerek, \u201cHedefiniz \u00fcniversiteli olmakt\u0131 ve bunu ba\u015fard\u0131n\u0131z, bundan sonra ise \u00f6nde bitirmeniz \u00f6nemli. E\u011fer kendinizi iyi donat\u0131rsan\u0131z hi\u00e7bir zaman ve hi\u00e7bir yerde emin olun s\u0131k\u0131nt\u0131 ya\u015famazs\u0131n\u0131z. Kaynaklar\u0131m\u0131z\u0131 iyi, etkin ve verimli kullanmal\u0131y\u0131z. Yani iktisadi dille s\u00f6ylersek o \u00fcretim e\u011frisini d\u0131\u015fa do\u011fru kayd\u0131raca\u011f\u0131z. \u0130\u015fte bu, \u00fcretim kapasitesini artt\u0131rmak demektir. Bunun yolu, sahip oldu\u011fumuz kaynaklar\u0131 tam ve verimli kullanmam\u0131zdan ge\u00e7iyor. Kaynak k\u0131tl\u0131\u011f\u0131na asla inanmam, kaynaklar\u0131n yanl\u0131\u015f kullan\u0131m\u0131 vard\u0131r. Dolay\u0131s\u0131yla sizi zirveye ta\u015f\u0131yacak i\u015fe odaklanmal\u0131s\u0131n\u0131z. Zirveye \u00e7\u0131karken de boynuz kula\u011f\u0131 ge\u00e7meli. Bunun yan\u0131 s\u0131ra dil olmazsa olmazlardan. Akademik kariyer de d\u00fc\u015f\u00fcnseniz, \u00f6zel sekt\u00f6r\u00fc de hedefleseniz yabanc\u0131 dil bilip bilmedi\u011finiz \u00f6nemli bir k\u0131stas olacak. Henry Ford\u2019a sormu\u015flar: \u2018Bu kurumu bu kadar k\u0131sa s\u00fcrede nas\u0131l bu h\u00e2le getirdin?\u2019 Kendisi de \u2018Benden nitelikli insanlar\u0131 istihdam ederek\u2026\u2019 demi\u015f. Yani donan\u0131ml\u0131 ve kendini s\u00fcrekli yeti\u015ftiren insanlarla zirveye \u00e7\u0131kabilirsiniz. Bu durum ister kamuda olsun, isterse \u00f6zel sekt\u00f6rde olsun her zaman ge\u00e7erli olacak. \u0130yi \u00f6\u011frenci olursan\u0131z, mezun olduktan sonra ailenize, ya\u015fad\u0131\u011f\u0131n\u0131z kente, b\u00f6lgeye ve nihayetinde de \u00fclkeye katk\u0131da bulunursunuz. Nobel alan Aziz Sancar, Cerrahpa\u015fa T\u0131p\u0131 birincilikle bitiriyor, yani demem o ki iyi olmak da o kadar kolay de\u011fil, \u00e7ok s\u0131k\u0131 \u00e7al\u0131\u015fman\u0131z gerekiyor&#8221; \u015feklinde konu\u015ftu.<\/p>\n<p>\u201cHer ilde \u00fcniversiteyi anlar\u0131m da bu \u00fcniversitelerde her b\u00f6l\u00fcm\u00fcn olmas\u0131n\u0131 asla ve kata anlamam\u201d<\/p>\n<p>S\u00f6yle\u015fisinde T\u00fcrkiye\u2019deki \u00fcniversiteler hakk\u0131nda g\u00f6r\u00fc\u015flerini payla\u015fan Y\u00d6K \u00dcyesi Yaylal\u0131, her ilde \u00fcniversite olmas\u0131n\u0131, maddi durumu yetersiz \u00f6\u011frenciler a\u00e7\u0131s\u0131ndan de\u011ferlendirildi\u011finde olumlu buldu\u011funu belirterek, \u201cHer ilde \u00fcniversite olmas\u0131 gayet g\u00fczel bir geli\u015fme zira baz\u0131 \u00f6\u011frencilerin imk\u00e2n\u0131 yok, ba\u015fka bir \u015fehre gidemiyor. Farkl\u0131 illerde \u00fcniversitelerimiz mevcut, \u00f6\u011frenciler de zaten imk\u00e2nlar\u0131 d\u00e2hilinde kendi memleketinde yahut farkl\u0131 bir \u015fehirde okuyabiliyor. Her ilde \u00fcniversiteyi anlar\u0131m da bu \u00fcniversitelerde her b\u00f6l\u00fcm\u00fcn olmas\u0131n\u0131 asla ve kata anlamam. ET\u00dc Rekt\u00f6r\u00fc olarak atand\u0131\u011f\u0131mda \u2018t\u0131p fak\u00fcltesi a\u00e7acak m\u0131s\u0131n?\u2019 diye sordular. Ne t\u0131p fak\u00fcltesini a\u00e7ar\u0131m ne de \u00f6\u011frenci say\u0131s\u0131n\u0131 artt\u0131r\u0131r\u0131m dedim. Ben hi\u00e7bir zaman \u00f6\u011frenciye m\u00fc\u015fteri gibi bakmad\u0131m\u201d ifadelerini kulland\u0131.<\/p>\n<p>\u201c\u00dcniversiteler kendi i\u00e7lerinde s\u0131n\u0131fland\u0131r\u0131lmaya tabi tutulmal\u0131\u201d<\/p>\n<p>Konu\u015fmas\u0131nda \u00fcniversitelerdeki fak\u00fclteler ve bunlar\u0131n gelecek vizyonlar\u0131 \u00fczerinde duran Prof. Dr. Yaylal\u0131, bu s\u00fcrece dair \u015funlar\u0131 s\u00f6yledi: \u201c\u00dcniversitelerin de sa\u011fl\u0131k bilimleri, sosyal bilimler, teknik bilimler gibi kendi i\u00e7inde s\u0131n\u0131fland\u0131r\u0131lmaya tabi tutulmas\u0131 laz\u0131m. Biz t\u0131p fak\u00fcltesini neden a\u00e7mad\u0131k? T\u0131p ve di\u015f hekimli\u011fi fak\u00fcltelerinin oldu\u011fu b\u00fct\u00fcn \u00fcniversitelerde \u00f6b\u00fcr birimler hep a\u015fa\u011f\u0131da kal\u0131yor ve b\u00fct\u00e7ede de aslan pay\u0131n\u0131 bunlar al\u0131yor. \u00d6rne\u011fin Orta Do\u011fu Teknik \u00dcniversitesi, Bo\u011fazi\u00e7i \u00dcniversitesi yahut Bilkent \u00dcniversitesinde t\u0131p ve di\u015f hekimli\u011fi fak\u00fclteleri olmad\u0131\u011f\u0131 i\u00e7in b\u00fct\u00fcn birimler zirvede. Dolay\u0131s\u0131yla \u00fcniversitelerin bu \u015fekilde de\u011ferlendirilmesi gerekti\u011fini d\u00fc\u015f\u00fcnenlerdenim.\u201d<\/p>\n<p>S\u00f6yle\u015fi, hat\u0131ra foto\u011fraf\u0131yla sona erdi.<\/p>\n","protected":false},"excerpt":{"rendered":"<p>ONDOKUZ MAYIS \u00dcN\u0130VERS\u0130TES\u0130 (OM\u00dc) \u0130KT\u0130SAD\u0130 VE \u0130DAR\u0130 B\u0130L\u0130MLER FAK\u00dcLTES\u0130N\u0130N KONU\u011eU OLARAK SAMSUN\u2019A GELEN Y\u00dcKSEK\u00d6\u011eRET\u0130M KURULU (Y\u00d6K) \u00dcYES\u0130 PROF. DR. MUAMMER YAYLALI, \u201c\u00dcN\u0130VERS\u0130TELER\u0130N VE \u00dcN\u0130VERS\u0130TE \u00d6\u011eRENC\u0130LER\u0130N\u0130N GELECEK V\u0130ZYONU\u201d BA\u015eLIKLI S\u00d6YLE\u015e\u0130S\u0130YLE \u00d6\u011eRENC\u0130LERE H\u0130TAP ETT\u0130.<\/p>\n","protected":false},"author":1,"featured_media":247445,"comment_status":"closed","ping_status":"open","sticky":false,"template":"","format":"standard","meta":{"jetpack_post_was_ever_published":false,"_jetpack_newsletter_access":"","_jetpack_dont_email_post_to_subs":false,"_jetpack_newsletter_tier_id":0,"_jetpack_memberships_contains_paywalled_content":false,"_jetpack_memberships_contains_paid_content":false,"footnotes":"","jetpack_publicize_message":"","jetpack_publicize_feature_enabled":true,"jetpack_social_post_already_shared":true,"jetpack_social_options":{"image_generator_settings":{"template":"highway","default_image_id":0,"font":"","enabled":false},"version":2}},"categories":[1],"tags":[4436,61535,61533,9890,61534,73,1531,10584,8607,49233,1941,61532,664],"class_list":["post-247444","post","type-post","status-publish","format-standard","has-post-thumbnail","hentry","category-genel","tag-universiteyi","tag-anlamam","tag-anlarim","tag-asla","tag-bolumun","tag-her","tag-ilde","tag-kata","tag-olmasini","tag-universitelerde","tag-uyesi","tag-yaylali","tag-yok"],"jetpack_publicize_connections":[],"jetpack_featured_media_url":"https:\/\/i0.wp.com\/www.tvturk.com\/wp-content\/uploads\/2019\/12\/yok-uyesi-yaylali-her-ilde-universiteyi-anlarim-da-bu-universitelerde-her-bolumun-olmasini-asla-ve-kata-anlamam_587afda.jpg?fit=1000%2C666","jetpack_sharing_enabled":true,"jetpack_shortlink":"https:\/\/wp.me\/paKIfm-12n2","_links":{"self":[{"href":"http:\/\/www.tvturk.com\/index.php\/wp-json\/wp\/v2\/posts\/247444","targetHints":{"allow":["GET"]}}],"collection":[{"href":"http:\/\/www.tvturk.com\/index.php\/wp-json\/wp\/v2\/posts"}],"about":[{"href":"http:\/\/www.tvturk.com\/index.php\/wp-json\/wp\/v2\/types\/post"}],"author":[{"embeddable":true,"href":"http:\/\/www.tvturk.com\/index.php\/wp-json\/wp\/v2\/users\/1"}],"replies":[{"embeddable":true,"href":"http:\/\/www.tvturk.com\/index.php\/wp-json\/wp\/v2\/comments?post=247444"}],"version-history":[{"count":0,"href":"http:\/\/www.tvturk.com\/index.php\/wp-json\/wp\/v2\/posts\/247444\/revisions"}],"wp:featuredmedia":[{"embeddable":true,"href":"http:\/\/www.tvturk.com\/index.php\/wp-json\/wp\/v2\/media\/247445"}],"wp:attachment":[{"href":"http:\/\/www.tvturk.com\/index.php\/wp-json\/wp\/v2\/media?parent=247444"}],"wp:term":[{"taxonomy":"category","embeddable":true,"href":"http:\/\/www.tvturk.com\/index.php\/wp-json\/wp\/v2\/categories?post=247444"},{"taxonomy":"post_tag","embeddable":true,"href":"http:\/\/www.tvturk.com\/index.php\/wp-json\/wp\/v2\/tags?post=247444"}],"curies":[{"name":"wp","href":"https:\/\/api.w.org\/{rel}","templated":true}]}}