{"id":247446,"date":"2019-12-26T10:31:32","date_gmt":"2019-12-26T07:31:32","guid":{"rendered":"http:\/\/www.tvturk.com\/index.php\/norvec-prensesinin-eski-esi-intihar-etti\/"},"modified":"2019-12-26T10:31:32","modified_gmt":"2019-12-26T07:31:32","slug":"norvec-prensesinin-eski-esi-intihar-etti","status":"publish","type":"post","link":"http:\/\/www.tvturk.com\/index.php\/norvec-prensesinin-eski-esi-intihar-etti\/","title":{"rendered":"Norve\u00e7 Prensesi\u2019nin eski e\u015fi intihar etti"},"content":{"rendered":"<p>Norve\u00e7 Prensesi Martha Louise\u2019in eski e\u015fi Prens Ari Behn, intihar etti.<\/p>\n<p>Norve\u00e7 Prensesi Martha Lousie ile 15 y\u0131l evli kald\u0131ktan sonra 2017 y\u0131l\u0131nda y\u0131l\u0131nda bo\u015fanan Ari Behn (47), s\u00f6zc\u00fcs\u00fcn\u00fcn yapt\u0131\u011f\u0131 a\u00e7\u0131klamaya g\u00f6re intihar etti.<\/p>\n<p>Martha Louise\u2019in 3 \u00e7ocu\u011funun babas\u0131 olan Behn i\u00e7in Norve\u00e7 Kral\u0131 Harald \u201cKrali\u00e7e ve ben, Ari Behn\u2019\u0131n \u00f6l\u00fcm mesaj\u0131n\u0131 ald\u0131k. Onu tan\u0131d\u0131\u011f\u0131m\u0131z i\u00e7in minnettar\u0131z ve torunlar\u0131m\u0131z\u0131n sevgili babalar\u0131 i\u00e7in yas tutuyoruz\u201d ifadelerini kulland\u0131.<\/p>\n<p>Behn ve Martha Louise\u2019in ilk k\u0131z\u0131 Maud Angelica 2003\u2019te, ikinci k\u0131zlar\u0131 Leah Isadora 2005\u2019te \u00fc\u00e7\u00fcnc\u00fc k\u0131zlar\u0131 da Emma Tallulah\u2019da 2008\u2019de do\u011fmu\u015ftu.<\/p>\n<p>\u00d6te yandan eski Prens Ari Behn, 2017 y\u0131l\u0131nda Nobel Bar\u0131\u015f \u00d6d\u00fcl\u00fc konseri s\u0131ras\u0131nda \u00fcnl\u00fc akt\u00f6r Kevin Spacey\u2019nin kendisini taciz etti\u011fi iddias\u0131yla pop\u00fcler olmu\u015ftu.<\/p>\n","protected":false},"excerpt":{"rendered":"<p>NORVE\u00c7 PRENSES\u0130 MARTHA LOU\u0130SE VE ESK\u0130 E\u015e\u0130 AR\u0130 BEHN&#8217;\u0130N 2010 YILINDA B\u0130R DAVETTE \u00c7EK\u0130LM\u0130\u015e FOTO\u011eRAFI.<\/p>\n","protected":false},"author":1,"featured_media":247447,"comment_status":"closed","ping_status":"open","sticky":false,"template":"","format":"standard","meta":{"jetpack_post_was_ever_published":false,"_jetpack_newsletter_access":"","_jetpack_dont_email_post_to_subs":false,"_jetpack_newsletter_tier_id":0,"_jetpack_memberships_contains_paywalled_content":false,"_jetpack_memberships_contains_paid_content":false,"footnotes":"","jetpack_publicize_message":"","jetpack_publicize_feature_enabled":true,"jetpack_social_post_already_shared":true,"jetpack_social_options":{"image_generator_settings":{"template":"highway","default_image_id":0,"font":"","enabled":false},"version":2}},"categories":[10],"tags":[4703,1123,207,4706,37339,61536],"class_list":["post-247446","post","type-post","status-publish","format-standard","has-post-thumbnail","hentry","category-dunya","tag-esi","tag-eski","tag-etti","tag-intihar","tag-norvec","tag-prensesinin"],"jetpack_publicize_connections":[],"jetpack_featured_media_url":"https:\/\/i0.wp.com\/www.tvturk.com\/wp-content\/uploads\/2019\/12\/norvec-prensesinin-eski-esi-intihar-etti_b76d325.jpg?fit=800%2C565","jetpack_sharing_enabled":true,"jetpack_shortlink":"https:\/\/wp.me\/paKIfm-12n4","_links":{"self":[{"href":"http:\/\/www.tvturk.com\/index.php\/wp-json\/wp\/v2\/posts\/247446","targetHints":{"allow":["GET"]}}],"collection":[{"href":"http:\/\/www.tvturk.com\/index.php\/wp-json\/wp\/v2\/posts"}],"about":[{"href":"http:\/\/www.tvturk.com\/index.php\/wp-json\/wp\/v2\/types\/post"}],"author":[{"embeddable":true,"href":"http:\/\/www.tvturk.com\/index.php\/wp-json\/wp\/v2\/users\/1"}],"replies":[{"embeddable":true,"href":"http:\/\/www.tvturk.com\/index.php\/wp-json\/wp\/v2\/comments?post=247446"}],"version-history":[{"count":0,"href":"http:\/\/www.tvturk.com\/index.php\/wp-json\/wp\/v2\/posts\/247446\/revisions"}],"wp:featuredmedia":[{"embeddable":true,"href":"http:\/\/www.tvturk.com\/index.php\/wp-json\/wp\/v2\/media\/247447"}],"wp:attachment":[{"href":"http:\/\/www.tvturk.com\/index.php\/wp-json\/wp\/v2\/media?parent=247446"}],"wp:term":[{"taxonomy":"category","embeddable":true,"href":"http:\/\/www.tvturk.com\/index.php\/wp-json\/wp\/v2\/categories?post=247446"},{"taxonomy":"post_tag","embeddable":true,"href":"http:\/\/www.tvturk.com\/index.php\/wp-json\/wp\/v2\/tags?post=247446"}],"curies":[{"name":"wp","href":"https:\/\/api.w.org\/{rel}","templated":true}]}}