{"id":247474,"date":"2019-12-26T10:47:37","date_gmt":"2019-12-26T07:47:37","guid":{"rendered":"http:\/\/www.tvturk.com\/index.php\/super-ligde-17-hafta-heyecani\/"},"modified":"2019-12-26T10:47:37","modified_gmt":"2019-12-26T07:47:37","slug":"super-ligde-17-hafta-heyecani","status":"publish","type":"post","link":"http:\/\/www.tvturk.com\/index.php\/super-ligde-17-hafta-heyecani\/","title":{"rendered":"S\u00fcper Lig\u2019de 17. hafta heyecan\u0131"},"content":{"rendered":"<p>S\u00fcper Lig\u2019in 17. haftas\u0131 yar\u0131n Be\u015fikta\u015f ile Gen\u00e7lerbirli\u011fi aras\u0131nda oynanacak kar\u015f\u0131la\u015fma ile ba\u015flayacak.<\/p>\n<p>S\u00fcper Lig\u2019de 17. heyecan\u0131 yar\u0131n, 28 Aral\u0131k ve 29 Aral\u0131k\u2019ta oynanacak ma\u00e7larla ya\u015fanacak. Haftan\u0131n a\u00e7\u0131l\u0131\u015f kar\u015f\u0131la\u015fmas\u0131nda Be\u015fikta\u015f, Gen\u00e7lerbirli\u011fi\u2019ni a\u011f\u0131rlayacak. Lider DG Sivasspor ise G\u00f6ztepe\u2019yi konuk edecek. Trabzonspor sahas\u0131nda Kayserispor ile, Galatasaray da evinde Antalyaspor ile m\u00fccadele edecek. \u0130stanbul derbisinde Ba\u015fak\u015fehir ile Kas\u0131mpa\u015fa kar\u015f\u0131 kar\u015f\u0131ya gelecek. Haftan\u0131n ve ilk yar\u0131n\u0131n son ma\u00e7\u0131nda Fenerbah\u00e7e, \u00c7aykur Rizespor\u2019a konuk olacak.<\/p>\n<p>S\u00fcper Lig\u2019in 17. haftas\u0131nda oynanacak kar\u015f\u0131la\u015fmalar\u0131n program\u0131 \u015f\u00f6yle:<\/p>\n<p>Yar\u0131n<\/p>\n<p>20.30 Be\u015fikta\u015f &#8211; Gen\u00e7lerbirli\u011fi: F\u0131rat Ayd\u0131nus<\/p>\n<p>28 Aral\u0131k Cumartesi<\/p>\n<p>15.00 Ankarag\u00fcc\u00fc &#8211; Denizlispor: Arda Karde\u015fler<\/p>\n<p>17.30 Trabzonspor &#8211; \u0130stikbal Mobilya Kayserispor: H\u00fcseyin G\u00f6\u00e7ek<\/p>\n<p>17.30 Medipol Ba\u015fak\u015fehir &#8211; Kas\u0131mpa\u015fa: Atilla Karao\u011flan<\/p>\n<p>20.00 Galatasaray &#8211; Antalyaspor: Abdulkadir Bitigen<\/p>\n<p>29 Aral\u0131k Pazar<\/p>\n<p>14.00 DG Sivasspor &#8211; G\u00f6ztepe: Ya\u015far Kemal U\u011furlu<\/p>\n<p>16.30 Aytemiz Alanyaspor &#8211; \u0130H Konyaspor: \u00dcmit \u00d6zt\u00fcrk<\/p>\n<p>16.30 Gaziantep Futbol Kul\u00fcb\u00fc &#8211; Yeni Malatyaspor: Bahattin \u015eim\u015fek<\/p>\n<p>19.00 \u00c7aykur Rizespor &#8211; Fenerbah\u00e7e: Halil Umut Meler<\/p>\n","protected":false},"excerpt":{"rendered":"<p>S\u00dcPER L\u0130G&#8217;\u0130N 17. HAFTASI YARIN BE\u015e\u0130KTA\u015e \u0130LE GEN\u00c7LERB\u0130RL\u0130\u011e\u0130 ARASINDA OYNANACAK KAR\u015eILA\u015eMA \u0130LE BA\u015eLAYACAK.<\/p>\n","protected":false},"author":1,"featured_media":247475,"comment_status":"closed","ping_status":"open","sticky":false,"template":"","format":"standard","meta":{"jetpack_post_was_ever_published":false,"_jetpack_newsletter_access":"","_jetpack_dont_email_post_to_subs":false,"_jetpack_newsletter_tier_id":0,"_jetpack_memberships_contains_paywalled_content":false,"_jetpack_memberships_contains_paid_content":false,"footnotes":"","jetpack_publicize_message":"","jetpack_publicize_feature_enabled":true,"jetpack_social_post_already_shared":true,"jetpack_social_options":{"image_generator_settings":{"template":"highway","default_image_id":0,"font":"","enabled":false},"version":2}},"categories":[657],"tags":[5796,1178,1179,8715,1463],"class_list":["post-247474","post","type-post","status-publish","format-standard","has-post-thumbnail","hentry","category-spor","tag-5796","tag-hafta","tag-heyecani","tag-ligde","tag-super"],"jetpack_publicize_connections":[],"jetpack_featured_media_url":"https:\/\/i0.wp.com\/www.tvturk.com\/wp-content\/uploads\/2019\/12\/super-ligde-17-hafta-heyecani_30b6420.jpg?fit=1000%2C827","jetpack_sharing_enabled":true,"jetpack_shortlink":"https:\/\/wp.me\/paKIfm-12nw","_links":{"self":[{"href":"http:\/\/www.tvturk.com\/index.php\/wp-json\/wp\/v2\/posts\/247474","targetHints":{"allow":["GET"]}}],"collection":[{"href":"http:\/\/www.tvturk.com\/index.php\/wp-json\/wp\/v2\/posts"}],"about":[{"href":"http:\/\/www.tvturk.com\/index.php\/wp-json\/wp\/v2\/types\/post"}],"author":[{"embeddable":true,"href":"http:\/\/www.tvturk.com\/index.php\/wp-json\/wp\/v2\/users\/1"}],"replies":[{"embeddable":true,"href":"http:\/\/www.tvturk.com\/index.php\/wp-json\/wp\/v2\/comments?post=247474"}],"version-history":[{"count":0,"href":"http:\/\/www.tvturk.com\/index.php\/wp-json\/wp\/v2\/posts\/247474\/revisions"}],"wp:featuredmedia":[{"embeddable":true,"href":"http:\/\/www.tvturk.com\/index.php\/wp-json\/wp\/v2\/media\/247475"}],"wp:attachment":[{"href":"http:\/\/www.tvturk.com\/index.php\/wp-json\/wp\/v2\/media?parent=247474"}],"wp:term":[{"taxonomy":"category","embeddable":true,"href":"http:\/\/www.tvturk.com\/index.php\/wp-json\/wp\/v2\/categories?post=247474"},{"taxonomy":"post_tag","embeddable":true,"href":"http:\/\/www.tvturk.com\/index.php\/wp-json\/wp\/v2\/tags?post=247474"}],"curies":[{"name":"wp","href":"https:\/\/api.w.org\/{rel}","templated":true}]}}