{"id":247496,"date":"2019-12-26T11:18:04","date_gmt":"2019-12-26T08:18:04","guid":{"rendered":"http:\/\/www.tvturk.com\/index.php\/muge-anli-duyurdu-turkiyenin-konustugu-kiz-kardes-tutuklandi\/"},"modified":"2019-12-26T11:18:04","modified_gmt":"2019-12-26T08:18:04","slug":"muge-anli-duyurdu-turkiyenin-konustugu-kiz-kardes-tutuklandi","status":"publish","type":"post","link":"http:\/\/www.tvturk.com\/index.php\/muge-anli-duyurdu-turkiyenin-konustugu-kiz-kardes-tutuklandi\/","title":{"rendered":"M\u00fcge Anl\u0131 duyurdu; T\u00fcrkiye\u2019nin konu\u015ftu\u011fu k\u0131z karde\u015f tutukland\u0131"},"content":{"rendered":"<p>M\u00fcge Anl\u0131\u2019n\u0131n program\u0131nda ara\u015ft\u0131rd\u0131\u011f\u0131 Mehmet Muharrem Elbay\u2019\u0131n cinayetinde yeni geli\u015fme ya\u015fand\u0131. Olayda C.E ve M.E karde\u015flerin yan\u0131nda k\u0131z karde\u015fleri Z.E. de tutukland\u0131.<\/p>\n<p>Gaziantep\u2019te 3 y\u0131l \u00f6nce kaybolan ve M\u00fcge Anl\u0131\u2019n\u0131n korkun\u00e7 bir cinayete kurban gitti\u011fini ortaya \u00e7\u0131kard\u0131\u011f\u0131 Mehmet Muharrem Elbay dosyas\u0131 ile ilgili s\u0131cak bir geli\u015fme ya\u015fad\u0131. Programda yap\u0131lan duyuruya g\u00f6re; canavarca hislerle kasten adam \u00f6ld\u00fcrme su\u00e7lamas\u0131yla karde\u015fler C.E ve M.E.\u2019nin tutuklanmas\u0131n\u0131n ard\u0131ndan k\u0131z karde\u015fleri Z.E. de tutuklanarak cezaevine g\u00f6nderildi.<\/p>\n<p>M\u00fcge Anl\u0131\u2019ya gelen; \u201cZ.\u2019nin k\u00f6m\u00fcrl\u00fc\u011f\u00fc kaz\u0131ld\u0131\u201d ihbar\u0131yla harekete ge\u00e7en emniyet yetkilileri Z.E.\u2019yi g\u00f6zalt\u0131na ald\u0131. Ard\u0131ndan k\u00f6m\u00fcrl\u00fckte yap\u0131lan kaz\u0131 \u00e7al\u0131\u015fmas\u0131nda kemiklere ula\u015f\u0131ld\u0131.<\/p>\n<p>Adliyede hakim kar\u015f\u0131s\u0131na \u00e7\u0131kan Z.E., kasten adam \u00f6ld\u00fcrme su\u00e7lamas\u0131yla tutuklanarak cezaevine g\u00f6nderildi.<\/p>\n<p>Kayboldu\u011fu g\u00fcnden beri her f\u0131rsatta Mehmet Muharrem Elbay\u2019\u0131n cinayete kurban gitti\u011fine dikkat \u00e7eken M\u00fcge Anl\u0131; \u201cZ.E., sen cinayetin b\u00fct\u00fcn ayr\u0131nt\u0131lar\u0131n\u0131 biliyorsun ve anlat\u0131yorsun. Ben anlayam\u0131yorum, sen hala nas\u0131l d\u0131\u015far\u0131das\u0131n\u201d demi\u015fti.<\/p>\n","protected":false},"excerpt":{"rendered":"<p>M\u00dcGE ANLI DUYURDU; T\u00dcRK\u0130YE\u2019N\u0130N KONU\u015eTU\u011eU KIZ KARDE\u015e TUTUKLANDI<\/p>\n","protected":false},"author":1,"featured_media":247497,"comment_status":"closed","ping_status":"open","sticky":false,"template":"","format":"standard","meta":{"jetpack_post_was_ever_published":false,"_jetpack_newsletter_access":"","_jetpack_dont_email_post_to_subs":false,"_jetpack_newsletter_tier_id":0,"_jetpack_memberships_contains_paywalled_content":false,"_jetpack_memberships_contains_paid_content":false,"footnotes":"","jetpack_publicize_message":"","jetpack_publicize_feature_enabled":true,"jetpack_social_post_already_shared":true,"jetpack_social_options":{"image_generator_settings":{"template":"highway","default_image_id":0,"font":"","enabled":false},"version":2}},"categories":[656],"tags":[25804,6761,1742,4200,16369,22016,177,1804],"class_list":["post-247496","post","type-post","status-publish","format-standard","has-post-thumbnail","hentry","category-kultur-sanat","tag-anli","tag-duyurdu","tag-kardes","tag-kiz","tag-konustugu","tag-muge","tag-turkiyenin","tag-tutuklandi"],"jetpack_publicize_connections":[],"jetpack_featured_media_url":"https:\/\/i0.wp.com\/www.tvturk.com\/wp-content\/uploads\/2019\/12\/muge-anli-duyurdu-turkiyenin-konustugu-kiz-kardes-tutuklandi_cf9c71f.jpg?fit=933%2C534","jetpack_sharing_enabled":true,"jetpack_shortlink":"https:\/\/wp.me\/paKIfm-12nS","_links":{"self":[{"href":"http:\/\/www.tvturk.com\/index.php\/wp-json\/wp\/v2\/posts\/247496","targetHints":{"allow":["GET"]}}],"collection":[{"href":"http:\/\/www.tvturk.com\/index.php\/wp-json\/wp\/v2\/posts"}],"about":[{"href":"http:\/\/www.tvturk.com\/index.php\/wp-json\/wp\/v2\/types\/post"}],"author":[{"embeddable":true,"href":"http:\/\/www.tvturk.com\/index.php\/wp-json\/wp\/v2\/users\/1"}],"replies":[{"embeddable":true,"href":"http:\/\/www.tvturk.com\/index.php\/wp-json\/wp\/v2\/comments?post=247496"}],"version-history":[{"count":0,"href":"http:\/\/www.tvturk.com\/index.php\/wp-json\/wp\/v2\/posts\/247496\/revisions"}],"wp:featuredmedia":[{"embeddable":true,"href":"http:\/\/www.tvturk.com\/index.php\/wp-json\/wp\/v2\/media\/247497"}],"wp:attachment":[{"href":"http:\/\/www.tvturk.com\/index.php\/wp-json\/wp\/v2\/media?parent=247496"}],"wp:term":[{"taxonomy":"category","embeddable":true,"href":"http:\/\/www.tvturk.com\/index.php\/wp-json\/wp\/v2\/categories?post=247496"},{"taxonomy":"post_tag","embeddable":true,"href":"http:\/\/www.tvturk.com\/index.php\/wp-json\/wp\/v2\/tags?post=247496"}],"curies":[{"name":"wp","href":"https:\/\/api.w.org\/{rel}","templated":true}]}}