{"id":247580,"date":"2019-12-26T13:03:52","date_gmt":"2019-12-26T10:03:52","guid":{"rendered":"http:\/\/www.tvturk.com\/index.php\/ecdat-yadigarlari-gelecege-aktariliyor\/"},"modified":"2019-12-26T13:03:52","modified_gmt":"2019-12-26T10:03:52","slug":"ecdat-yadigarlari-gelecege-aktariliyor","status":"publish","type":"post","link":"http:\/\/www.tvturk.com\/index.php\/ecdat-yadigarlari-gelecege-aktariliyor\/","title":{"rendered":"Ecdat yadigarlar\u0131 gelece\u011fe aktar\u0131l\u0131yor"},"content":{"rendered":"<p>Birle\u015fmi\u015f Milletler E\u011fitim, Bilim ve K\u00fclt\u00fcr \u00d6rg\u00fct\u00fc (UNESCO) taraf\u0131ndan D\u00fcnya Miras Listesi\u2019ne al\u0131nan ve &#8220;En iyi korunan 20 kent&#8221; aras\u0131nda bulunan bulunan Karab\u00fck\u2019\u00fcn Safranbolu il\u00e7esinde Osmanl\u0131 d\u00f6neminden kalma tarihi yap\u0131lar r\u00f6l\u00f6ve ve restorasyon \u00e7al\u0131\u015fmalar\u0131yla gelece\u011fe aktar\u0131l\u0131yor.<\/p>\n<p>Tarihi il\u00e7ede 1970\u2019li y\u0131llarda ba\u015flayan koruma bilinci 17 Aral\u0131k 1994\u2019te D\u00fcnya Miras Listesi\u2019ne al\u0131nmas\u0131n\u0131n ard\u0131ndan daha da artarken, bu s\u00fcre\u00e7te yakla\u015f\u0131k 700 tarihi eser restore edilerek turizme kazand\u0131r\u0131ld\u0131.<\/p>\n<p>&#8220;Koruman\u0131n ba\u015fkenti&#8221;, &#8220;Osmanl\u0131\u2019n\u0131n parmak izi&#8221;, &#8220;En iyi korunan 20 kent&#8221; ve &#8220;A\u00e7\u0131k hava m\u00fczesi&#8221; gibi unvanlar\u0131n sahibi olan Safranbolu\u2019da, Tarihi Kentler Birli\u011fi\u2019nin &#8220;Bin G\u00fcnde Bin Eser&#8221; hibe proje yard\u0131m\u0131 kapsam\u0131nda dere alan\u0131, meydanlar ve \u00e7evresi ile Cinci Han\u0131, tarihi d\u00fckkanlar\u0131n cephe yenileme restorasyon \u00e7al\u0131\u015fmas\u0131 yap\u0131lacak.<\/p>\n<p>Safranbolu Belediyesinden yap\u0131lan a\u00e7\u0131klamada, yerli ve yabanc\u0131 misafirlerin en \u00f6nemli u\u011frak yeri olan Tarihi \u00c7ar\u015f\u0131, Cinci Han\u0131 ve pazar yeri d\u00fckkanlar\u0131na cephe veren Hanarkas\u0131 Sokak\u2019ta bulunan k\u0131s\u0131m ile Asmaalt\u0131 mevkisindeki b\u00f6lgelerde ba\u015flat\u0131lan proje \u00e7al\u0131\u015fmalar\u0131n\u0131n devam etti\u011fi belirtildi.<\/p>\n<p>Belediye taraf\u0131ndan haz\u0131rlat\u0131lan ve Tarihi Kentler Birli\u011fi taraf\u0131ndan desteklenen r\u00f6l\u00f6ve ve restorasyon projelerinin Karab\u00fck K\u00fclt\u00fcr Varl\u0131klar\u0131n\u0131 Koruma Kurulu B\u00f6lge Kurulu M\u00fcd\u00fcrl\u00fc\u011f\u00fcnden onay ald\u0131\u011f\u0131 ifade edilen a\u00e7\u0131klamada, &#8220;K\u00fclt\u00fcrel miras\u0131m\u0131z\u0131n b\u00fct\u00fcnl\u00fck i\u00e7inde korunarak gelecek nesillere aktar\u0131lmas\u0131, ya\u015fat\u0131lmas\u0131, D\u00fcnya Miras Kenti i\u00e7indeki \u00f6zg\u00fcn yerini yeniden kazand\u0131r\u0131lmas\u0131 amac\u0131yla Hanarkas\u0131\u2019ndaki dere \u00fcst\u00fcn\u00fcn de a\u00e7\u0131lmas\u0131 suretiyle haz\u0131rlanacak \u00e7evre d\u00fczenleme projesi kapsam\u0131nda dere alan\u0131, meydanlar ve \u00e7evresi ile birlikte projelerinin haz\u0131rlanmas\u0131 amac\u0131yla Tarihi Kentler Birli\u011fi\u2019nin \u2019Bin G\u00fcnde Bin Eser\u2019 hibe proje yard\u0131m\u0131na ba\u015fvuru yap\u0131lm\u0131\u015f ve olumlu sonu\u00e7 al\u0131nm\u0131\u015ft\u0131r. Kurul g\u00fcndeminde de\u011ferlendirme s\u00fcre\u00e7leri devam eden \u00e7ar\u015f\u0131 b\u00f6lgesi 1\/500 \u00f6l\u00e7ekli koruma ama\u00e7l\u0131 imar planlar\u0131n onaylanmas\u0131n\u0131n ard\u0131ndan tarihi kentler birli\u011finin deste\u011fiyle projelendirmeye h\u0131zla ba\u015flanacak. Titizlikle devam eden bu \u00e7al\u0131\u015fmalarla birlikte kentimizi ziyaret eden misafirlerimizin u\u011frak yeri olan Tarihi \u00c7ar\u015f\u0131 merkezi, Cinci Han\u0131 ve pazar yeri d\u00fckkanlar\u0131na cephe veren Han arkas\u0131 Sokak\u2019ta bulunan k\u0131s\u0131mdaki \u00e7al\u0131\u015fmalar\u0131n bir b\u00fct\u00fcn halinde kentimize yak\u0131\u015f\u0131r bir bi\u00e7imde sonu\u00e7lanmas\u0131 hedeflenmektedir&#8221; denildi.<\/p>\n<p>Bu s\u00fcre\u00e7te \u00f6ncelikle alana cephe veren sokak boyu \u00f6zel m\u00fclkiyete ait tescilli ve tescilsiz ta\u015f\u0131nmazlar\u0131n cephe sa\u011fl\u0131kla\u015ft\u0131rma projeleri ile belediye m\u00fclkiyetinde olan pazar yeri d\u00fckkanlar\u0131n\u0131n restorasyon proje \u00e7al\u0131\u015fmalar\u0131n\u0131n tamamlanarak Karab\u00fck K\u00fclt\u00fcr Varl\u0131klar\u0131n\u0131 Koruma Kurulu B\u00f6lge Kurulu M\u00fcd\u00fcrl\u00fc\u011f\u00fcnden onaylar\u0131n\u0131n al\u0131nd\u0131\u011f\u0131 ifade edildi.<\/p>\n","protected":false},"excerpt":{"rendered":"<p>B\u0130RLE\u015eM\u0130\u015e M\u0130LLETLER E\u011e\u0130T\u0130M, B\u0130L\u0130M VE K\u00dcLT\u00dcR \u00d6RG\u00dcT\u00dc (UNESCO) TARAFINDAN D\u00dcNYA M\u0130RAS L\u0130STES\u0130\u2019NE ALINAN VE &#8220;EN \u0130Y\u0130 KORUNAN 20 KENT&#8221; ARASINDA BULUNAN BULUNAN KARAB\u00dcK&#8217;\u00dcN SAFRANBOLU \u0130L\u00c7ES\u0130NDE OSMANLI D\u00d6NEM\u0130NDEN KALMA TAR\u0130H\u0130 YALLAR R\u00d6L\u00d6VE VE RESTORASYON \u00c7ALI\u015eMALARIYLA GELECE\u011eE AKTARILIYOR.<\/p>\n","protected":false},"author":1,"featured_media":247581,"comment_status":"closed","ping_status":"open","sticky":false,"template":"","format":"standard","meta":{"jetpack_post_was_ever_published":false,"_jetpack_newsletter_access":"","_jetpack_dont_email_post_to_subs":false,"_jetpack_newsletter_tier_id":0,"_jetpack_memberships_contains_paywalled_content":false,"_jetpack_memberships_contains_paid_content":false,"footnotes":"","jetpack_publicize_message":"","jetpack_publicize_feature_enabled":true,"jetpack_social_post_already_shared":true,"jetpack_social_options":{"image_generator_settings":{"template":"highway","default_image_id":0,"font":"","enabled":false},"version":2}},"categories":[656],"tags":[28176,44868,2059,61563],"class_list":["post-247580","post","type-post","status-publish","format-standard","has-post-thumbnail","hentry","category-kultur-sanat","tag-aktariliyor","tag-ecdat","tag-gelecege","tag-yadigarlari"],"jetpack_publicize_connections":[],"jetpack_featured_media_url":"https:\/\/i0.wp.com\/www.tvturk.com\/wp-content\/uploads\/2019\/12\/ecdat-yadigarlari-gelecege-aktariliyor_b1fa285.jpg?fit=1000%2C562","jetpack_sharing_enabled":true,"jetpack_shortlink":"https:\/\/wp.me\/paKIfm-12pe","_links":{"self":[{"href":"http:\/\/www.tvturk.com\/index.php\/wp-json\/wp\/v2\/posts\/247580","targetHints":{"allow":["GET"]}}],"collection":[{"href":"http:\/\/www.tvturk.com\/index.php\/wp-json\/wp\/v2\/posts"}],"about":[{"href":"http:\/\/www.tvturk.com\/index.php\/wp-json\/wp\/v2\/types\/post"}],"author":[{"embeddable":true,"href":"http:\/\/www.tvturk.com\/index.php\/wp-json\/wp\/v2\/users\/1"}],"replies":[{"embeddable":true,"href":"http:\/\/www.tvturk.com\/index.php\/wp-json\/wp\/v2\/comments?post=247580"}],"version-history":[{"count":0,"href":"http:\/\/www.tvturk.com\/index.php\/wp-json\/wp\/v2\/posts\/247580\/revisions"}],"wp:featuredmedia":[{"embeddable":true,"href":"http:\/\/www.tvturk.com\/index.php\/wp-json\/wp\/v2\/media\/247581"}],"wp:attachment":[{"href":"http:\/\/www.tvturk.com\/index.php\/wp-json\/wp\/v2\/media?parent=247580"}],"wp:term":[{"taxonomy":"category","embeddable":true,"href":"http:\/\/www.tvturk.com\/index.php\/wp-json\/wp\/v2\/categories?post=247580"},{"taxonomy":"post_tag","embeddable":true,"href":"http:\/\/www.tvturk.com\/index.php\/wp-json\/wp\/v2\/tags?post=247580"}],"curies":[{"name":"wp","href":"https:\/\/api.w.org\/{rel}","templated":true}]}}