{"id":247608,"date":"2019-12-26T13:48:23","date_gmt":"2019-12-26T10:48:23","guid":{"rendered":"http:\/\/www.tvturk.com\/index.php\/trabzonspor-istikbal-mobilya-kayserispor-maci-hazirliklarini-surdurdu\/"},"modified":"2019-12-26T13:48:23","modified_gmt":"2019-12-26T10:48:23","slug":"trabzonspor-istikbal-mobilya-kayserispor-maci-hazirliklarini-surdurdu","status":"publish","type":"post","link":"http:\/\/www.tvturk.com\/index.php\/trabzonspor-istikbal-mobilya-kayserispor-maci-hazirliklarini-surdurdu\/","title":{"rendered":"Trabzonspor, \u0130stikbal Mobilya Kayserispor ma\u00e7\u0131 haz\u0131rl\u0131klar\u0131n\u0131 s\u00fcrd\u00fcrd\u00fc"},"content":{"rendered":"<p>Trabzonspor, S\u00fcper Lig\u2019in 17. haftas\u0131nda sahas\u0131nda oynayaca\u011f\u0131 \u0130stikbal Mobilya Kayserispor ma\u00e7\u0131 haz\u0131rl\u0131klar\u0131n\u0131 bug\u00fcn yapt\u0131\u011f\u0131 antrenmanla s\u00fcrd\u00fcrd\u00fc.<\/p>\n<p>Mehmet Ali Y\u0131lmaz Tesislerinde, teknik direkt\u00f6r \u00dcnal Karaman y\u00f6netiminde,ilk 30 dakikas\u0131 bas\u0131n mensuplar\u0131na a\u00e7\u0131k bir \u00e7al\u0131\u015fma ger\u00e7ekle\u015ftirdi.<\/p>\n<p>Antrenmana sakatl\u0131klar\u0131 bulunan Abd\u00fclkadir \u00d6m\u00fcr, Ahmet Canbaz, Yusuf Sar\u0131 ile gribal enfeksiyon ge\u00e7iren Do\u011fan Erdo\u011fan ile Salih Kavrazl\u0131 yer almad\u0131. Daniel Sturridge ise kondisyon salonunda \u00e7al\u0131\u015ft\u0131. Sol arka adalesinde gerilme olan Yusuf Sar\u0131\u2019n\u0131n 2-3 hafta sahalardan uzak kalabilece\u011fi belirtildi.<\/p>\n<p>Antrenman\u0131 bir d\u00f6nem Bursaspor\u2019da forma giyen Alexander S\u00f6rloth\u2019un babas\u0131 Goran S\u00f6rloth da izleyenler aras\u0131nda yer ald\u0131.<\/p>\n<p>Onazi\u2019ye do\u011fum g\u00fcn\u00fc kutlamas\u0131<\/p>\n<p>Antrenman\u0131n sonunda Trabzonspor\u2019un Nijeryal\u0131 futbolcusu Ogenyi Onazi\u2019ye do\u011fum g\u00fcn\u00fc kutlamas\u0131 yap\u0131ld\u0131. 27 ya\u015f\u0131na giren bordo-mavili futbolcu i\u00e7in \u00f6nce saha kenar\u0131nda pasta kesildi\u011fi, ard\u0131ndan da Brezilya usul\u00fc bir kutlama yap\u0131ld\u0131.<\/p>\n<p>Trabzonsporr, yar\u0131n yapaca\u011f\u0131 antrenmanla Kayserispor ma\u00e7\u0131 haz\u0131rl\u0131klar\u0131n\u0131 devam ettirecek.<\/p>\n","protected":false},"excerpt":{"rendered":"<p>TRABZONSPOR, S\u00dcPER L\u0130G&#8217;\u0130N 17. HAFTASINDA SAHASINDA \u0130ST\u0130KBAL MOB\u0130LYA KAYSER\u0130SPOR \u0130LE YAPACA\u011eI MA\u00c7IN HAZIRLIKLARINI S\u00dcRD\u00dcRD\u00dc.<\/p>\n","protected":false},"author":1,"featured_media":247609,"comment_status":"closed","ping_status":"open","sticky":false,"template":"","format":"standard","meta":{"jetpack_post_was_ever_published":false,"_jetpack_newsletter_access":"","_jetpack_dont_email_post_to_subs":false,"_jetpack_newsletter_tier_id":0,"_jetpack_memberships_contains_paywalled_content":false,"_jetpack_memberships_contains_paid_content":false,"footnotes":"","jetpack_publicize_message":"","jetpack_publicize_feature_enabled":true,"jetpack_social_post_already_shared":true,"jetpack_social_options":{"image_generator_settings":{"template":"highway","default_image_id":0,"font":"","enabled":false},"version":2}},"categories":[657],"tags":[2628,6946,2627,777,2175,2629,916],"class_list":["post-247608","post","type-post","status-publish","format-standard","has-post-thumbnail","hentry","category-spor","tag-hazirliklarini","tag-istikbal","tag-kayserispor","tag-maci","tag-mobilya","tag-surdurdu","tag-trabzonspor"],"jetpack_publicize_connections":[],"jetpack_featured_media_url":"https:\/\/i0.wp.com\/www.tvturk.com\/wp-content\/uploads\/2019\/12\/trabzonspor-istikbal-mobilya-kayserispor-maci-hazirliklarini-surdurdu_dd6ec85.jpg?fit=1000%2C700","jetpack_sharing_enabled":true,"jetpack_shortlink":"https:\/\/wp.me\/paKIfm-12pG","_links":{"self":[{"href":"http:\/\/www.tvturk.com\/index.php\/wp-json\/wp\/v2\/posts\/247608","targetHints":{"allow":["GET"]}}],"collection":[{"href":"http:\/\/www.tvturk.com\/index.php\/wp-json\/wp\/v2\/posts"}],"about":[{"href":"http:\/\/www.tvturk.com\/index.php\/wp-json\/wp\/v2\/types\/post"}],"author":[{"embeddable":true,"href":"http:\/\/www.tvturk.com\/index.php\/wp-json\/wp\/v2\/users\/1"}],"replies":[{"embeddable":true,"href":"http:\/\/www.tvturk.com\/index.php\/wp-json\/wp\/v2\/comments?post=247608"}],"version-history":[{"count":0,"href":"http:\/\/www.tvturk.com\/index.php\/wp-json\/wp\/v2\/posts\/247608\/revisions"}],"wp:featuredmedia":[{"embeddable":true,"href":"http:\/\/www.tvturk.com\/index.php\/wp-json\/wp\/v2\/media\/247609"}],"wp:attachment":[{"href":"http:\/\/www.tvturk.com\/index.php\/wp-json\/wp\/v2\/media?parent=247608"}],"wp:term":[{"taxonomy":"category","embeddable":true,"href":"http:\/\/www.tvturk.com\/index.php\/wp-json\/wp\/v2\/categories?post=247608"},{"taxonomy":"post_tag","embeddable":true,"href":"http:\/\/www.tvturk.com\/index.php\/wp-json\/wp\/v2\/tags?post=247608"}],"curies":[{"name":"wp","href":"https:\/\/api.w.org\/{rel}","templated":true}]}}