{"id":247632,"date":"2019-12-26T14:16:40","date_gmt":"2019-12-26T11:16:40","guid":{"rendered":"http:\/\/www.tvturk.com\/index.php\/sehit-ailelerine-yonelik-sosyal-icerme-projesi\/"},"modified":"2019-12-26T14:16:40","modified_gmt":"2019-12-26T11:16:40","slug":"sehit-ailelerine-yonelik-sosyal-icerme-projesi","status":"publish","type":"post","link":"http:\/\/www.tvturk.com\/index.php\/sehit-ailelerine-yonelik-sosyal-icerme-projesi\/","title":{"rendered":"\u015eehit ailelerine y\u00f6nelik sosyal i\u00e7erme projesi"},"content":{"rendered":"<p>\u0130\u00e7i\u015fleri Bakanl\u0131\u011f\u0131 taraf\u0131ndan desteklenen Kad\u0131n Dayan\u0131\u015fma ve Destekleme Derne\u011fi\u2019nin y\u00fcr\u00fctt\u00fc\u011f\u00fc \u201c\u015eehit Ailelerine Y\u00f6nelik Sosyal \u0130\u00e7erme\u201d projesi kapsam\u0131nda a\u011fa\u00e7 dikme t\u00f6reni ger\u00e7ekle\u015ftirildi.<\/p>\n<p>\u0130\u00e7i\u015fleri Bakanl\u0131\u011f\u0131 taraf\u0131ndan desteklenen Kad\u0131n Dayan\u0131\u015fma ve Destekleme Derne\u011fi\u2019nin y\u00fcr\u00fctt\u00fc\u011f\u00fc \u201c\u015eehit Ailelerine Y\u00f6nelik Sosyal \u0130\u00e7erme\u201d projesi kapsam\u0131nda \u015fehit ve gazi ailelerin kat\u0131l\u0131m\u0131yla K\u0131r\u0131kkale \u00dcniversitesi kamp\u00fcs\u00fcnde a\u011fa\u00e7 dikme t\u00f6reni ger\u00e7ekle\u015ftirildi.<\/p>\n<p>Proje y\u00fcr\u00fct\u00fcc\u00fcs\u00fc ve Kad\u0131n Dayan\u0131\u015fma ve Destekleme Dernek Ba\u015fkan\u0131  Dr.  \u00d6\u011fretim \u00fcyesi M\u00fczeyyen \u00d6zhavzal\u0131 burada bir konu\u015fma yapt\u0131.<\/p>\n<p>Proje hakk\u0131nda bilgi veren \u00d6zhavzal\u0131, \u201cProje 1 y\u0131ll\u0131k olup, toplamda 30 \u015fehit ve gazi annemiz e\u011fitim alacakt\u0131r. Proje\u2019de ilk grup olarak K\u0131r\u0131kkale\u2019de ya\u015fayan 15 \u015fehit ve gazi annesi K\u0131r\u0131kkale \u0130l K\u00fclt\u00fcr ve Turizm  M\u00fcd\u00fcrl\u00fc\u011f\u00fc\u2019ndeki at\u00f6lyede  el sanatlar\u0131, tasavvuf m\u00fczi\u011fi gibi sosyal ve k\u00fclt\u00fcrel faaliyetlerle sosyalle\u015fmelerine destek verilmektedir. Di\u011fer yandan \u015fehit annelerine grup odakl\u0131 ve bireysel olarak psikolojik destek seanslar\u0131 yap\u0131lmaktad\u0131r. Ayr\u0131ca bu proje edinilen mesleki yetenekle \u00fcretime ve istihdama kat\u0131lmas\u0131 sa\u011flanarak hem ilin hem de \u00fclkemizde istihdam edilen ki\u015fi say\u0131s\u0131 artmas\u0131n\u0131 sa\u011flamaya \u00e7al\u0131\u015f\u0131lmaktad\u0131r\u201d dedi.<\/p>\n<p>\u00d6zhavzal\u0131 projede eme\u011fi olan  Do\u00e7. Dr. \u00d6zg\u00fcr Selvi\u2019ye ve K\u0131r\u0131kkale \u00dcniversitesine te\u015fekk\u00fcr etti.<\/p>\n","protected":false},"excerpt":{"rendered":"<p>\u0130\u00c7\u0130\u015eLER\u0130 BAKANLI\u011eI TARAFINDAN DESTEKLENEN KADIN DAYANI\u015eMA VE DESTEKLEME DERNE\u011e\u0130\u2019N\u0130N Y\u00dcR\u00dcTT\u00dc\u011e\u00dc \u201c\u015eEH\u0130T A\u0130LELER\u0130NE Y\u00d6NEL\u0130K SOSYAL \u0130\u00c7ERME\u201d PROJES\u0130 KAPSAMINDA A\u011eA\u00c7 D\u0130KME T\u00d6REN\u0130 GER\u00c7EKLE\u015eT\u0130R\u0130LD\u0130.<\/p>\n","protected":false},"author":1,"featured_media":247633,"comment_status":"closed","ping_status":"open","sticky":false,"template":"","format":"standard","meta":{"jetpack_post_was_ever_published":false,"_jetpack_newsletter_access":"","_jetpack_dont_email_post_to_subs":false,"_jetpack_newsletter_tier_id":0,"_jetpack_memberships_contains_paywalled_content":false,"_jetpack_memberships_contains_paid_content":false,"footnotes":"","jetpack_publicize_message":"","jetpack_publicize_feature_enabled":true,"jetpack_social_post_already_shared":true,"jetpack_social_options":{"image_generator_settings":{"template":"highway","default_image_id":0,"font":"","enabled":false},"version":2}},"categories":[1],"tags":[5724,61574,1324,237,1229,1843],"class_list":["post-247632","post","type-post","status-publish","format-standard","has-post-thumbnail","hentry","category-genel","tag-ailelerine","tag-icerme","tag-projesi","tag-sehit","tag-sosyal","tag-yonelik"],"jetpack_publicize_connections":[],"jetpack_featured_media_url":"https:\/\/i0.wp.com\/www.tvturk.com\/wp-content\/uploads\/2019\/12\/sehit-ailelerine-yonelik-sosyal-icerme-projesi_bb58efc.jpg?fit=1000%2C666","jetpack_sharing_enabled":true,"jetpack_shortlink":"https:\/\/wp.me\/paKIfm-12q4","_links":{"self":[{"href":"http:\/\/www.tvturk.com\/index.php\/wp-json\/wp\/v2\/posts\/247632","targetHints":{"allow":["GET"]}}],"collection":[{"href":"http:\/\/www.tvturk.com\/index.php\/wp-json\/wp\/v2\/posts"}],"about":[{"href":"http:\/\/www.tvturk.com\/index.php\/wp-json\/wp\/v2\/types\/post"}],"author":[{"embeddable":true,"href":"http:\/\/www.tvturk.com\/index.php\/wp-json\/wp\/v2\/users\/1"}],"replies":[{"embeddable":true,"href":"http:\/\/www.tvturk.com\/index.php\/wp-json\/wp\/v2\/comments?post=247632"}],"version-history":[{"count":0,"href":"http:\/\/www.tvturk.com\/index.php\/wp-json\/wp\/v2\/posts\/247632\/revisions"}],"wp:featuredmedia":[{"embeddable":true,"href":"http:\/\/www.tvturk.com\/index.php\/wp-json\/wp\/v2\/media\/247633"}],"wp:attachment":[{"href":"http:\/\/www.tvturk.com\/index.php\/wp-json\/wp\/v2\/media?parent=247632"}],"wp:term":[{"taxonomy":"category","embeddable":true,"href":"http:\/\/www.tvturk.com\/index.php\/wp-json\/wp\/v2\/categories?post=247632"},{"taxonomy":"post_tag","embeddable":true,"href":"http:\/\/www.tvturk.com\/index.php\/wp-json\/wp\/v2\/tags?post=247632"}],"curies":[{"name":"wp","href":"https:\/\/api.w.org\/{rel}","templated":true}]}}