{"id":247636,"date":"2019-12-26T14:16:54","date_gmt":"2019-12-26T11:16:54","guid":{"rendered":"http:\/\/www.tvturk.com\/index.php\/vali-fahri-meral-milli-sairin-torunu-ersoy-argonu-makaminda-kabul-etti\/"},"modified":"2019-12-26T14:16:54","modified_gmt":"2019-12-26T11:16:54","slug":"vali-fahri-meral-milli-sairin-torunu-ersoy-argonu-makaminda-kabul-etti","status":"publish","type":"post","link":"http:\/\/www.tvturk.com\/index.php\/vali-fahri-meral-milli-sairin-torunu-ersoy-argonu-makaminda-kabul-etti\/","title":{"rendered":"Vali Fahri Meral, milli \u015fairin torunu Ersoy Argon\u2019u makam\u0131nda kabul etti"},"content":{"rendered":"<p>Karaman Valisi Fahri Meral, Mehmet Akif Ersoy\u2019un torunu yazar Selma Ersoy Argon\u2019u makam\u0131nda kabul etti.<\/p>\n<p>Ersoy Argon\u2019un ziyaretinde, \u0130l Milli E\u011fitim M\u00fcd\u00fcr\u00fc Mehmet \u00c7al\u0131\u015fkan, \u0130l K\u00fclt\u00fcr ve Turizm M\u00fcd\u00fcr\u00fc Burhan Yemi\u015f ve Karaman Lisesi M\u00fcd\u00fcr\u00fc Hasan Erkan da haz\u0131r bulundu. Vali Fahri Meral, Karaman Lisesi taraf\u0131ndan organize edilen \u201c\u0130stiklal\u2019in 100. Y\u0131l\u0131nda Dedem Mehmet Akif\u201d konulu s\u00f6yle\u015fiye kat\u0131lmak \u00fczere ilimize gelen Selma Ersoy Argon\u2019u a\u011f\u0131rlamaktan duydu\u011fu memnuniyeti dile getirdi. Vali Meral, hayat\u0131, fikirleri ve eserlerinin yan\u0131 s\u0131ra kahraman T\u00fcrk ordusuna hitaben yazd\u0131\u011f\u0131 \u0130stiklal Mar\u015f\u0131 ile T\u00fcrk milletinin hissiyat\u0131na terc\u00fcman olan Akif\u2019in milletin g\u00f6nl\u00fcnde ayr\u0131 bir yeri oldu\u011funu s\u00f6yledi.<\/p>\n<p>Kendilerini makam\u0131nda a\u011f\u0131rlamas\u0131ndan dolay\u0131 Vali Meral\u2019e te\u015fekk\u00fcr eden yazar Ersoy Argon, \u015fair Mehmet Akif Ersoy\u2019un hayat\u0131n\u0131n t\u00fcm y\u00f6nleriyle ele al\u0131nd\u0131\u011f\u0131 b\u00f6yle anlaml\u0131 bir programa kat\u0131lmaktan duydu\u011fu mutlulu\u011fu ifade ederek program\u0131n haz\u0131rlanmas\u0131nda eme\u011fi ge\u00e7enlere te\u015fekk\u00fcr etti.<\/p>\n","protected":false},"excerpt":{"rendered":"<p>KARAMAN VAL\u0130S\u0130 FAHR\u0130 MERAL, MEHMET AK\u0130F ERSOY\u2019UN TORUNU YAZAR SELMA ERSOY ARGON\u2019U MAKAMINDA KABUL ETT\u0130.<\/p>\n","protected":false},"author":1,"featured_media":247637,"comment_status":"closed","ping_status":"open","sticky":false,"template":"","format":"standard","meta":{"jetpack_post_was_ever_published":false,"_jetpack_newsletter_access":"","_jetpack_dont_email_post_to_subs":false,"_jetpack_newsletter_tier_id":0,"_jetpack_memberships_contains_paywalled_content":false,"_jetpack_memberships_contains_paid_content":false,"footnotes":"","jetpack_publicize_message":"","jetpack_publicize_feature_enabled":true,"jetpack_social_post_already_shared":true,"jetpack_social_options":{"image_generator_settings":{"template":"highway","default_image_id":0,"font":"","enabled":false},"version":2}},"categories":[1],"tags":[61576,2868,207,19686,654,12122,11063,429,12058,12228,148],"class_list":["post-247636","post","type-post","status-publish","format-standard","has-post-thumbnail","hentry","category-genel","tag-argonu","tag-ersoy","tag-etti","tag-fahri","tag-kabul","tag-makaminda","tag-meral","tag-milli","tag-sairin","tag-torunu","tag-vali"],"jetpack_publicize_connections":[],"jetpack_featured_media_url":"https:\/\/i0.wp.com\/www.tvturk.com\/wp-content\/uploads\/2019\/12\/vali-fahri-meral-milli-sairin-torunu-ersoy-argonu-makaminda-kabul-etti_b13671a.jpg?fit=1000%2C667","jetpack_sharing_enabled":true,"jetpack_shortlink":"https:\/\/wp.me\/paKIfm-12q8","_links":{"self":[{"href":"http:\/\/www.tvturk.com\/index.php\/wp-json\/wp\/v2\/posts\/247636","targetHints":{"allow":["GET"]}}],"collection":[{"href":"http:\/\/www.tvturk.com\/index.php\/wp-json\/wp\/v2\/posts"}],"about":[{"href":"http:\/\/www.tvturk.com\/index.php\/wp-json\/wp\/v2\/types\/post"}],"author":[{"embeddable":true,"href":"http:\/\/www.tvturk.com\/index.php\/wp-json\/wp\/v2\/users\/1"}],"replies":[{"embeddable":true,"href":"http:\/\/www.tvturk.com\/index.php\/wp-json\/wp\/v2\/comments?post=247636"}],"version-history":[{"count":0,"href":"http:\/\/www.tvturk.com\/index.php\/wp-json\/wp\/v2\/posts\/247636\/revisions"}],"wp:featuredmedia":[{"embeddable":true,"href":"http:\/\/www.tvturk.com\/index.php\/wp-json\/wp\/v2\/media\/247637"}],"wp:attachment":[{"href":"http:\/\/www.tvturk.com\/index.php\/wp-json\/wp\/v2\/media?parent=247636"}],"wp:term":[{"taxonomy":"category","embeddable":true,"href":"http:\/\/www.tvturk.com\/index.php\/wp-json\/wp\/v2\/categories?post=247636"},{"taxonomy":"post_tag","embeddable":true,"href":"http:\/\/www.tvturk.com\/index.php\/wp-json\/wp\/v2\/tags?post=247636"}],"curies":[{"name":"wp","href":"https:\/\/api.w.org\/{rel}","templated":true}]}}