{"id":247640,"date":"2019-12-26T14:17:40","date_gmt":"2019-12-26T11:17:40","guid":{"rendered":"http:\/\/www.tvturk.com\/index.php\/izmirde-saglik-calisanlari-icin-toplu-ulasimda-indirim-talebi\/"},"modified":"2019-12-26T14:17:40","modified_gmt":"2019-12-26T11:17:40","slug":"izmirde-saglik-calisanlari-icin-toplu-ulasimda-indirim-talebi","status":"publish","type":"post","link":"http:\/\/www.tvturk.com\/index.php\/izmirde-saglik-calisanlari-icin-toplu-ulasimda-indirim-talebi\/","title":{"rendered":"\u0130zmir\u2019de sa\u011fl\u0131k \u00e7al\u0131\u015fanlar\u0131 i\u00e7in toplu ula\u015f\u0131mda indirim talebi"},"content":{"rendered":"<p>Sa\u011fl\u0131k-Sen \u0130zmir 1. Nolu \u015eube Ba\u015fkan\u0131 \u00d6zg\u00fcr Y\u0131ld\u0131r\u0131m, \u0130zmir\u2019de sa\u011fl\u0131k \u00e7al\u0131\u015fanlar\u0131n\u0131n toplu ula\u015f\u0131mda indirimli faydalanmas\u0131 i\u00e7in belediye meclisinden karar \u00e7\u0131kartmak istediklerini s\u00f6yledi. Y\u0131ld\u0131r\u0131m, yap\u0131m\u0131 devam eden \u015fehir hastanesinin \u00e7evresine de sa\u011fl\u0131k \u00e7al\u0131\u015fanlar\u0131 i\u00e7in TOK\u0130\u2019den toplu konut yap\u0131lmas\u0131n\u0131 talep ettiklerini ifade etti.<\/p>\n<p>Sa\u011fl\u0131k-Sen \u0130zmir 1. Nolu \u015eubesi, d\u00fczenledi\u011fi kahvalt\u0131l\u0131 toplant\u0131da bas\u0131n mensuplar\u0131yla bulu\u015ftu. SGK E\u011fitim ve Dinlenme Tesisi\u2019nde d\u00fczenlenen toplant\u0131da konu\u015fan Sa\u011fl\u0131k-Sen \u0130zmir 1. Nolu \u015eube Ba\u015fkan\u0131 \u00d6zg\u00fcr Y\u0131ld\u0131r\u0131m, hak m\u00fccadelesini durmadan ve yorulmadan samimiyetle yapan bir ekip olduklar\u0131n\u0131 s\u00f6yledi. Ba\u015fkan Y\u0131ld\u0131r\u0131m, yapt\u0131klar\u0131 i\u015flerle di\u011fer sendikalara \u00f6rnek olmaya devam ettiklerini belirterek, &#8220;Meydanlarda, hastane panolar\u0131nda \u2019kahrolsun\u2019 ibaremizin olmad\u0131\u011f\u0131 gibi \u2019Ya\u015fas\u0131n, Ya\u015fatal\u0131m, hep birlikte ya\u015fayal\u0131m\u2019 ilkesini benimsiyoruz&#8221; dedi.<\/p>\n<p>Sa\u011fl\u0131k \u00e7al\u0131\u015fanlar\u0131n\u0131n sorunlar\u0131na acil \u00e7\u00f6z\u00fcm gerekiyor<\/p>\n<p>Y\u0131ld\u0131r\u0131m, tek dertlerinin sa\u011fl\u0131k \u00e7al\u0131\u015fanlar\u0131n\u0131n sorunlar\u0131n\u0131 \u00e7\u00f6z\u00fcmleriyle birlikte masada isti\u015fareyle \u00e7\u00f6zmek oldu\u011funu ve adil bir d\u00fczende mutlu, huzurlu ve gelecekten umutlu sa\u011fl\u0131k \u00e7al\u0131\u015fanlar\u0131 olmak istediklerini belirtti. Y\u0131ld\u0131r\u0131m, acil olarak \u00e7\u00f6z\u00fclmesi gereken konular\u0131 \u015f\u00f6yle s\u0131ralad\u0131: &#8220;Performansa dayal\u0131 ek \u00f6deme sisteminin 5 y\u0131ld\u0131r s\u00f6ylememize ra\u011fmen de\u011fi\u015fmemesidir. Bir Sa\u011fl\u0131k-Sen kazan\u0131m\u0131 olan y\u0131pranma pay\u0131n\u0131n ge\u00e7mi\u015fin y\u0131pranm\u0131\u015fl\u0131\u011f\u0131n\u0131n telafi edilerek 5 y\u0131la 1 y\u0131l olmas\u0131n\u0131 istiyoruz. Lisans tamamlaman\u0131n 2014 y\u0131l\u0131 sonras\u0131 mezunlar\u0131n\u0131n ma\u011fduriyetinin giderilerek lisans tamamlamadan faydalanmas\u0131n\u0131 istiyoruz. 3 bin 600 Ek G\u00f6stergenin sadece 4 meslek grubunu kapsamas\u0131 SH s\u0131n\u0131f\u0131nda sadece hem\u015fire arkada\u015flar\u0131m\u0131z\u0131n faydalanacak olmas\u0131 i\u015f bar\u0131\u015f\u0131n\u0131 bozaca\u011f\u0131ndan t\u00fcm sa\u011fl\u0131k \u00e7al\u0131\u015fanlar\u0131n\u0131n ek g\u00f6stergesinin kademeli olarak aktar\u0131lmas\u0131n\u0131 istiyoruz. Y\u0131llar\u0131n kangreni haline d\u00f6n\u00fc\u015fen Sa\u011fl\u0131k Bakanl\u0131\u011f\u0131ndaki Yard\u0131mc\u0131 Hizmetler s\u0131n\u0131f\u0131ndaki (Hizmetli) arkada\u015flar\u0131m\u0131z\u0131n di\u011fer kurum ve Bakanl\u0131klarda ki G\u0130H (Memur-VHK\u0130) s\u0131n\u0131f\u0131na ge\u00e7i\u015fleri konusunda unvan de\u011fi\u015fikli\u011fi s\u0131nav\u0131n\u0131n bir an \u00f6nce a\u00e7\u0131lmas\u0131n\u0131 istiyoruz. \u0130nan\u0131n b\u00fcy\u00fck, k\u00fc\u00e7\u00fck bir \u00e7ok esnaftan fazla vergi veriyoruz. Ocak ay\u0131 itibariyle y\u00fczde 15 ile ba\u015flayan gelir vergisinin y\u0131l sonunda y\u00fczde 27 olmas\u0131 kabul edilir bir durum olmad\u0131\u011f\u0131 gibi, Gelir Vergisinin y\u00fczde 15\u2019e sabitlenmesini istiyoruz. \u00d6zellikle b\u00fcy\u00fck \u015fehirlerde EAH ve \u015fehir hastanelerinde \u00e7al\u0131\u015fan arkada\u015flar\u0131m\u0131z\u0131n i\u015f y\u00fck\u00fc ortadad\u0131r. Bu hastanelerde \u00e7al\u0131\u015fan arkada\u015flar\u0131m\u0131za \u00d6zel Hizmet Tazminat\u0131 istiyoruz. Malpraktis davalar\u0131ndan ma\u011fdur olan hekim ve hekim d\u0131\u015f\u0131 personellerin sigorta \u015firketlerine mecburiyetini ortadan kald\u0131r\u0131lmas\u0131 i\u00e7in Sa\u011fl\u0131k Bakanl\u0131\u011f\u0131n\u0131n yard\u0131mla\u015fma sand\u0131\u011f\u0131 ad\u0131 alt\u0131nda bir fon olu\u015fturulmas\u0131 ve bu ma\u011fduriyetlerin ortadan giderilmesini talep ediyoruz.&#8221;<\/p>\n<p>Sa\u011fl\u0131k \u00e7al\u0131\u015fanlar\u0131 i\u00e7in toplu ula\u015f\u0131mda indirim talebi<\/p>\n<p>Ba\u015fkan Y\u0131ld\u0131r\u0131m, \u0130zmir\u2019de yap\u0131m\u0131 devam eden ve 2020 y\u0131l\u0131n\u0131n May\u0131s ay\u0131nda a\u00e7\u0131lmas\u0131 beklenen \u015fehir hastanesinin \u00e7evresindeki araziye sa\u011fl\u0131k \u00e7al\u0131\u015fanlar\u0131 i\u00e7in TOK\u0130\u2019den ula\u015f\u0131labilirli\u011fi kolayla\u015ft\u0131rmak ve \u015fehir hastanesinde \u00e7al\u0131\u015fmay\u0131 cazip hale getirmek amac\u0131yla toplu konut yap\u0131lmas\u0131n\u0131 talep etti. Y\u0131ld\u0131r\u0131m ayr\u0131ca, \u0130zmir B\u00fcy\u00fck\u015fehir Belediye Ba\u015fkan\u0131 Tun\u00e7 Soyer\u2019den de sa\u011fl\u0131k \u00e7al\u0131\u015fanlar\u0131 i\u00e7in toplu ula\u015f\u0131mda indirim yap\u0131lmas\u0131n\u0131 istedi. Y\u0131ld\u0131r\u0131m, &#8220;Bu talep sayesinde hem ekonomiye katk\u0131 sa\u011flanacak hem de trafik azalacak. Toplu ula\u015f\u0131m \u00f6zellikle \u0130zmir\u2019deki sa\u011fl\u0131k \u00e7al\u0131\u015fanlar\u0131 i\u00e7in \u00f6nemli. Belediye \u00e7al\u0131\u015fanlar\u0131, askerler,polisler \u00fccretsiz kullanabiliyorsa bizde sadece \u00f6\u011fretmenler gibi indirimden faydalanmak istiyoruz. Bu konuda da t\u00fcm partilerin deste\u011fiyle in\u015fallah belediye meclisinden bu karar\u0131 \u00e7\u0131kart\u0131r\u0131z diye d\u00fc\u015f\u00fcn\u00fcyorum&#8221; \u015feklinde konu\u015ftu.<\/p>\n","protected":false},"excerpt":{"rendered":"<p>SA\u011eLIK SEN \u0130ZM\u0130R 1. NO\u2019LU \u015eUBE BA\u015eKANI \u00d6ZG\u00dcR YILDIRIM, \u0130ZM\u0130R\u2019DE YAPIMI DEVAM EDEN \u015eEH\u0130R HASTANES\u0130N\u0130N \u00c7EVRES\u0130NE SA\u011eLIK \u00c7ALI\u015eANLARI \u0130\u00c7\u0130N TOK\u0130\u2019DEN TOPLU KONUT YAPILMASINI TALEP ETT\u0130. YILDIRIM AYRICA, SA\u011eLIK \u00c7ALI\u015eANLARININ TOPLU ULA\u015eIMDAN \u0130ND\u0130R\u0130ML\u0130 FAYDALANMASI \u0130\u00c7\u0130N BELED\u0130YE MECL\u0130S\u0130NDEN KARAR \u00c7IKARTMAK \u0130STED\u0130KLER\u0130N\u0130 S\u00d6YLED\u0130.<\/p>\n","protected":false},"author":1,"featured_media":247641,"comment_status":"closed","ping_status":"open","sticky":false,"template":"","format":"standard","meta":{"jetpack_post_was_ever_published":false,"_jetpack_newsletter_access":"","_jetpack_dont_email_post_to_subs":false,"_jetpack_newsletter_tier_id":0,"_jetpack_memberships_contains_paywalled_content":false,"_jetpack_memberships_contains_paid_content":false,"footnotes":"","jetpack_publicize_message":"","jetpack_publicize_feature_enabled":true,"jetpack_social_post_already_shared":true,"jetpack_social_options":{"image_generator_settings":{"template":"highway","default_image_id":0,"font":"","enabled":false},"version":2}},"categories":[1],"tags":[2816,44,6076,1554,734,1174,1349,10153],"class_list":["post-247640","post","type-post","status-publish","format-standard","has-post-thumbnail","hentry","category-genel","tag-calisanlari","tag-icin","tag-indirim","tag-izmirde","tag-saglik","tag-talebi","tag-toplu","tag-ulasimda"],"jetpack_publicize_connections":[],"jetpack_featured_media_url":"https:\/\/i0.wp.com\/www.tvturk.com\/wp-content\/uploads\/2019\/12\/izmirde-saglik-calisanlari-icin-toplu-ulasimda-indirim-talebi_c378bb7.jpg?fit=1000%2C666","jetpack_sharing_enabled":true,"jetpack_shortlink":"https:\/\/wp.me\/paKIfm-12qc","_links":{"self":[{"href":"http:\/\/www.tvturk.com\/index.php\/wp-json\/wp\/v2\/posts\/247640","targetHints":{"allow":["GET"]}}],"collection":[{"href":"http:\/\/www.tvturk.com\/index.php\/wp-json\/wp\/v2\/posts"}],"about":[{"href":"http:\/\/www.tvturk.com\/index.php\/wp-json\/wp\/v2\/types\/post"}],"author":[{"embeddable":true,"href":"http:\/\/www.tvturk.com\/index.php\/wp-json\/wp\/v2\/users\/1"}],"replies":[{"embeddable":true,"href":"http:\/\/www.tvturk.com\/index.php\/wp-json\/wp\/v2\/comments?post=247640"}],"version-history":[{"count":0,"href":"http:\/\/www.tvturk.com\/index.php\/wp-json\/wp\/v2\/posts\/247640\/revisions"}],"wp:featuredmedia":[{"embeddable":true,"href":"http:\/\/www.tvturk.com\/index.php\/wp-json\/wp\/v2\/media\/247641"}],"wp:attachment":[{"href":"http:\/\/www.tvturk.com\/index.php\/wp-json\/wp\/v2\/media?parent=247640"}],"wp:term":[{"taxonomy":"category","embeddable":true,"href":"http:\/\/www.tvturk.com\/index.php\/wp-json\/wp\/v2\/categories?post=247640"},{"taxonomy":"post_tag","embeddable":true,"href":"http:\/\/www.tvturk.com\/index.php\/wp-json\/wp\/v2\/tags?post=247640"}],"curies":[{"name":"wp","href":"https:\/\/api.w.org\/{rel}","templated":true}]}}