{"id":247648,"date":"2019-12-26T14:32:08","date_gmt":"2019-12-26T11:32:08","guid":{"rendered":"http:\/\/www.tvturk.com\/index.php\/demir-ve-demir-disi-sektoru-kuveyte-ihracati-ikiye-katlayacak\/"},"modified":"2019-12-26T14:32:08","modified_gmt":"2019-12-26T11:32:08","slug":"demir-ve-demir-disi-sektoru-kuveyte-ihracati-ikiye-katlayacak","status":"publish","type":"post","link":"http:\/\/www.tvturk.com\/index.php\/demir-ve-demir-disi-sektoru-kuveyte-ihracati-ikiye-katlayacak\/","title":{"rendered":"Demir ve demir d\u0131\u015f\u0131 sekt\u00f6r\u00fc Kuveyt\u2019e ihracat\u0131 ikiye katlayacak"},"content":{"rendered":"<p>Demir ve demir d\u0131\u015f\u0131 sekt\u00f6r\u00fc, Kuveyt\u2019e ihracat\u0131 ikiye katlamay\u0131 hedefliyor.<\/p>\n<p>\u0130stanbul Demir ve Demir D\u0131\u015f\u0131 Metaller \u0130hracat\u00e7\u0131lar\u0131 Birli\u011fi (\u0130DDM\u0130B), 2019 y\u0131l\u0131 hedef pazarlar\u0131 aras\u0131nda yer alan Kuveyt\u2019e ticaret heyeti d\u00fczenledi. Yapt\u0131klar\u0131 g\u00f6r\u00fc\u015fmelerin son derece olumlu ge\u00e7ti\u011fini belirten \u0130DDM\u0130B Ba\u015fkan\u0131 Tahsin \u00d6ztiryaki, Kuveyt\u2019e yap\u0131lan ihracatta \u00f6n\u00fcm\u00fczdeki d\u00f6nemde art\u0131\u015f sa\u011flanaca\u011f\u0131n\u0131, sonras\u0131nda ise bu \u00fclkeye ihracat\u0131 ikiye katlamay\u0131 hedeflediklerini belirtti.<\/p>\n<p>\u00d6ztiryaki, &#8220;\u00d6zellikle \u00fclkede h\u0131zla geli\u015fen in\u015faat sekt\u00f6r\u00fc ve altyap\u0131 yat\u0131r\u0131mlar\u0131 noktas\u0131nda T\u00fcrkiye olarak nas\u0131l destek verebilece\u011fimizi anlatt\u0131k. G\u00f6r\u00fc\u015fmeler bekledi\u011fimizden \u00e7ok daha uzun s\u00fcrd\u00fc ve verimli ge\u00e7ti. Bizi \u00e7ok iyi kar\u015f\u0131lad\u0131lar. \u00d6n\u00fcm\u00fczdeki d\u00f6nemde her iki kurumdan yetkilileri heyetler halinde T\u00fcrkiye\u2019ye davet ederek \u00fcr\u00fcnlerimizi tan\u0131tma karar\u0131 ald\u0131k. Aram\u0131zdaki ileti\u015fimi devaml\u0131 canl\u0131 tutaca\u011f\u0131z&#8221; dedi. T\u00fcrkiye\u2019nin Kuveyt\u2019e demir ve demir d\u0131\u015f\u0131 metaller sekt\u00f6r ihracat\u0131n\u0131n 2018 y\u0131l\u0131nda, bir \u00f6nceki y\u0131la g\u00f6re y\u00fczde 12 art\u0131\u015fla 29 milyon dolar oldu\u011funu dile getiren \u00d6ztiryaki, &#8220;Yapt\u0131\u011f\u0131m\u0131z temaslar\u0131n ard\u0131ndan ticari hareketlenme de ba\u015flad\u0131. \u00d6n\u00fcm\u00fczdeki d\u00f6nemde ise toplam demir ve demir d\u0131\u015f\u0131 ihracat\u0131nda Kuveyt\u2019in y\u00fczde 1 olan pay\u0131n\u0131 ikiye katlayarak y\u00fczde 2\u2019ye \u00e7\u0131karmak istiyoruz&#8221; diye konu\u015ftu.<\/p>\n","protected":false},"excerpt":{"rendered":"<p>DEM\u0130R VE DEM\u0130R DI\u015eI SEKT\u00d6R\u00dc, KUVEYT&#8217;E \u0130HRACATI \u0130K\u0130YE KATLAMAYI HEDEFL\u0130YOR.<\/p>\n","protected":false},"author":1,"featured_media":247649,"comment_status":"closed","ping_status":"open","sticky":false,"template":"","format":"standard","meta":{"jetpack_post_was_ever_published":false,"_jetpack_newsletter_access":"","_jetpack_dont_email_post_to_subs":false,"_jetpack_newsletter_tier_id":0,"_jetpack_memberships_contains_paywalled_content":false,"_jetpack_memberships_contains_paid_content":false,"footnotes":"","jetpack_publicize_message":"","jetpack_publicize_feature_enabled":true,"jetpack_social_post_already_shared":true,"jetpack_social_options":{"image_generator_settings":{"template":"highway","default_image_id":0,"font":"","enabled":false},"version":2}},"categories":[1],"tags":[491,1852,2396,7769,18170,61580,301],"class_list":["post-247648","post","type-post","status-publish","format-standard","has-post-thumbnail","hentry","category-genel","tag-demir","tag-disi","tag-ihracati","tag-ikiye","tag-katlayacak","tag-kuveyte","tag-sektoru"],"jetpack_publicize_connections":[],"jetpack_featured_media_url":"https:\/\/i0.wp.com\/www.tvturk.com\/wp-content\/uploads\/2019\/12\/demir-ve-demir-disi-sektoru-kuveyte-ihracati-ikiye-katlayacak_df2ec9b.jpg?fit=1000%2C648","jetpack_sharing_enabled":true,"jetpack_shortlink":"https:\/\/wp.me\/paKIfm-12qk","_links":{"self":[{"href":"http:\/\/www.tvturk.com\/index.php\/wp-json\/wp\/v2\/posts\/247648","targetHints":{"allow":["GET"]}}],"collection":[{"href":"http:\/\/www.tvturk.com\/index.php\/wp-json\/wp\/v2\/posts"}],"about":[{"href":"http:\/\/www.tvturk.com\/index.php\/wp-json\/wp\/v2\/types\/post"}],"author":[{"embeddable":true,"href":"http:\/\/www.tvturk.com\/index.php\/wp-json\/wp\/v2\/users\/1"}],"replies":[{"embeddable":true,"href":"http:\/\/www.tvturk.com\/index.php\/wp-json\/wp\/v2\/comments?post=247648"}],"version-history":[{"count":0,"href":"http:\/\/www.tvturk.com\/index.php\/wp-json\/wp\/v2\/posts\/247648\/revisions"}],"wp:featuredmedia":[{"embeddable":true,"href":"http:\/\/www.tvturk.com\/index.php\/wp-json\/wp\/v2\/media\/247649"}],"wp:attachment":[{"href":"http:\/\/www.tvturk.com\/index.php\/wp-json\/wp\/v2\/media?parent=247648"}],"wp:term":[{"taxonomy":"category","embeddable":true,"href":"http:\/\/www.tvturk.com\/index.php\/wp-json\/wp\/v2\/categories?post=247648"},{"taxonomy":"post_tag","embeddable":true,"href":"http:\/\/www.tvturk.com\/index.php\/wp-json\/wp\/v2\/tags?post=247648"}],"curies":[{"name":"wp","href":"https:\/\/api.w.org\/{rel}","templated":true}]}}