{"id":247999,"date":"2019-12-27T10:47:30","date_gmt":"2019-12-27T07:47:30","guid":{"rendered":"http:\/\/www.tvturk.com\/index.php\/basaksehir-devreye-galibiyetle-girmek-istiyor\/"},"modified":"2019-12-27T10:47:30","modified_gmt":"2019-12-27T07:47:30","slug":"basaksehir-devreye-galibiyetle-girmek-istiyor","status":"publish","type":"post","link":"http:\/\/www.tvturk.com\/index.php\/basaksehir-devreye-galibiyetle-girmek-istiyor\/","title":{"rendered":"Ba\u015fak\u015fehir devreye galibiyetle girmek istiyor"},"content":{"rendered":"<p>S\u00fcper Lig\u2019in 17. haftas\u0131nda yar\u0131n Kas\u0131mpa\u015fa\u2019y\u0131 a\u011f\u0131rlayacak olan Medipol Ba\u015fak\u015fehir, rakibi kar\u015f\u0131s\u0131nda galip gelerek devreye \u00fc\u00e7 puanla girmek istiyor.<\/p>\n<p>Ba\u015fak\u015fehir, S\u00fcper Lig\u2019de ilk yar\u0131n\u0131n son haftas\u0131nda yar\u0131n Kas\u0131mpa\u015fa ile oynayacak. Geride kalan 16 haftada turuncu-lacivertliler, 8 galibiyet, 6 beraberlik, 2 ma\u011flubiyet sonucu toplad\u0131\u011f\u0131 30 puanla ikinci s\u0131rada yer al\u0131rken, Pa\u015fa ise 4 galibiyet, 3 beraberlik ve 9 ma\u011flubiyetle hanesine yazd\u0131rd\u0131\u011f\u0131 15 puanla 14. basamakta bulunuyor.<\/p>\n<p>Ba\u015fak\u015fehir evinde kaybetmiyor<\/p>\n<p>Turuncu-lacivertli tak\u0131m, Kas\u0131mpa\u015fa ile evinde oynad\u0131\u011f\u0131 son 5 ma\u00e7\u0131n 3\u2019\u00fcnden galibiyetle ayr\u0131lmay\u0131 ba\u015fard\u0131. 2 m\u00fcsabaka ise beraberlikle sonu\u00e7land\u0131. Ba\u015fak\u015fehir, s\u00f6z konusu m\u00fccadelelerde rakip a\u011flara 9 gol b\u0131rak\u0131rken, kalesinde de 6 gole engel olamad\u0131.<\/p>\n<p>Okan Buruk\u2019un tak\u0131m\u0131, Pa\u015fa\u2019ya kar\u015f\u0131 sahas\u0131ndaki son ma\u011flubiyetini 2012-2013 sezonunda alm\u0131\u015ft\u0131.<\/p>\n<p>Skrtel ve Arda yok<\/p>\n<p>Ba\u015fak\u015fehir\u2019de sakatl\u0131klar\u0131 bulunan Martin Skrtel ve Arda Turan\u2019\u0131n, Kas\u0131mpa\u015fa\u2019ya kar\u015f\u0131 forma giymesi beklenmiyor.<\/p>\n<p>D\u00fcd\u00fck Atilla Karao\u011flan\u2019da<\/p>\n<p>Fatih Terim Stad\u0131\u2019nda yar\u0131n saat 17.30\u2019da ba\u015flayacak ma\u00e7ta Atilla Karao\u011flan d\u00fcd\u00fck \u00e7alacak. Karao\u011flan\u2019\u0131n yard\u0131mc\u0131l\u0131klar\u0131n\u0131 Ceyhun Sesig\u00fczel ve As\u0131m Yusuf \u00d6z yapacak.<\/p>\n","protected":false},"excerpt":{"rendered":"<p>S\u00dcPER L\u0130G&#8217;\u0130N 17. HAFTASINDA YARIN KASIMPA\u015eA&#8217;YI A\u011eIRLAYACAK OLAN MED\u0130POL BA\u015eAK\u015eEH\u0130R, RAK\u0130B\u0130 KAR\u015eISINDA GAL\u0130P GELEREK DEVREYE \u00dc\u00c7 PUANLA G\u0130RMEK \u0130ST\u0130YOR.<\/p>\n","protected":false},"author":1,"featured_media":248000,"comment_status":"closed","ping_status":"open","sticky":false,"template":"","format":"standard","meta":{"jetpack_post_was_ever_published":false,"_jetpack_newsletter_access":"","_jetpack_dont_email_post_to_subs":false,"_jetpack_newsletter_tier_id":0,"_jetpack_memberships_contains_paywalled_content":false,"_jetpack_memberships_contains_paid_content":false,"footnotes":"","jetpack_publicize_message":"","jetpack_publicize_feature_enabled":true,"jetpack_social_post_already_shared":true,"jetpack_social_options":{"image_generator_settings":{"template":"highway","default_image_id":0,"font":"","enabled":false},"version":2}},"categories":[657],"tags":[6004,18971,8531,12602,99],"class_list":["post-247999","post","type-post","status-publish","format-standard","has-post-thumbnail","hentry","category-spor","tag-basaksehir","tag-devreye","tag-galibiyetle","tag-girmek","tag-istiyor"],"jetpack_publicize_connections":[],"jetpack_featured_media_url":"https:\/\/i0.wp.com\/www.tvturk.com\/wp-content\/uploads\/2019\/12\/basaksehir-devreye-galibiyetle-girmek-istiyor_75a036d.jpg?fit=1000%2C723","jetpack_sharing_enabled":true,"jetpack_shortlink":"https:\/\/wp.me\/paKIfm-12vZ","_links":{"self":[{"href":"http:\/\/www.tvturk.com\/index.php\/wp-json\/wp\/v2\/posts\/247999","targetHints":{"allow":["GET"]}}],"collection":[{"href":"http:\/\/www.tvturk.com\/index.php\/wp-json\/wp\/v2\/posts"}],"about":[{"href":"http:\/\/www.tvturk.com\/index.php\/wp-json\/wp\/v2\/types\/post"}],"author":[{"embeddable":true,"href":"http:\/\/www.tvturk.com\/index.php\/wp-json\/wp\/v2\/users\/1"}],"replies":[{"embeddable":true,"href":"http:\/\/www.tvturk.com\/index.php\/wp-json\/wp\/v2\/comments?post=247999"}],"version-history":[{"count":0,"href":"http:\/\/www.tvturk.com\/index.php\/wp-json\/wp\/v2\/posts\/247999\/revisions"}],"wp:featuredmedia":[{"embeddable":true,"href":"http:\/\/www.tvturk.com\/index.php\/wp-json\/wp\/v2\/media\/248000"}],"wp:attachment":[{"href":"http:\/\/www.tvturk.com\/index.php\/wp-json\/wp\/v2\/media?parent=247999"}],"wp:term":[{"taxonomy":"category","embeddable":true,"href":"http:\/\/www.tvturk.com\/index.php\/wp-json\/wp\/v2\/categories?post=247999"},{"taxonomy":"post_tag","embeddable":true,"href":"http:\/\/www.tvturk.com\/index.php\/wp-json\/wp\/v2\/tags?post=247999"}],"curies":[{"name":"wp","href":"https:\/\/api.w.org\/{rel}","templated":true}]}}