{"id":248003,"date":"2019-12-27T11:02:08","date_gmt":"2019-12-27T08:02:08","guid":{"rendered":"http:\/\/www.tvturk.com\/index.php\/elazigdaki-4-9-deprem-okullar-tatil-edildi\/"},"modified":"2019-12-27T11:02:08","modified_gmt":"2019-12-27T08:02:08","slug":"elazigdaki-4-9-deprem-okullar-tatil-edildi","status":"publish","type":"post","link":"http:\/\/www.tvturk.com\/index.php\/elazigdaki-4-9-deprem-okullar-tatil-edildi\/","title":{"rendered":"Elaz\u0131\u011f\u2019daki 4.9 deprem, okullar tatil edildi"},"content":{"rendered":"<p>Elaz\u0131\u011f\u2019da saat 10.02 s\u0131ralar\u0131nda meydana gelen ve \u00e7evre illerden de hissedilen 4.9\u2019luk deprem korkuturken, okullar da tatil edildi.<\/p>\n<p>Afet ve Acil Durum Y\u00f6netimi Ba\u015fkanl\u0131\u011f\u0131 (AFAD) Elaz\u0131\u011f\u2019da saat 10.02 s\u0131ralar\u0131nda merkez \u00fcss\u00fc Elaz\u0131\u011f Sivrice il\u00e7esinde 4.9 \u015fiddetinde deprem meydana geldi\u011fini bildirdi. Deprem kent genelinde \u015fiddetli \u015fekildi hissedildi. Deprem nedeniyle vatanda\u015flar bulunduklar\u0131 yerlerden panikle d\u0131\u015far\u0131 \u00e7\u0131kt\u0131. Elaz\u0131\u011f Valili\u011fi koordinesinde \u0130l Afet ve Acil Durum  M\u00fcd\u00fcrl\u00fc\u011f\u00fc ekipleri de depremin merkez \u00fcss\u00fc olan Sivrice il\u00e7esine gitti\u011fi ve alan taramas\u0131 yapt\u0131\u011f\u0131 bildirildi. \u015eu ana kadar sadece il\u00e7eye ba\u011fl\u0131 bir k\u00f6yde 2-3 evde \u00e7atlak oldu\u011funa dair ihbar geldi\u011fi \u00f6\u011frenildi. \u00d6te yandan, AFAD 4.9\u2019luk deprem sonras\u0131 3.8, 3.5 ve 2.6 \u015fiddetinde art\u00e7\u0131 depremler meydana geldi\u011fini a\u00e7\u0131klad\u0131. Deprem sonras\u0131 Valilik karar\u0131yla kentteki t\u00fcm okullar 1 g\u00fcn s\u00fcreyle tatil edildi.<\/p>\n<p>Depremi \u015fiddetli \u015fekilde hissettiklerini belirten vatanda\u015flar, korkuyla hemen d\u0131\u015far\u0131 \u00e7\u0131kt\u0131klar\u0131n\u0131 aktard\u0131.<\/p>\n","protected":false},"excerpt":{"rendered":"<p>ELAZI\u011e&#8217;DA SAAT:10.02 SIRALARINDA MEYDANA GELEN VE \u00c7EVRE \u0130LLERDEN DE H\u0130SSED\u0130LEN 4.9&#8217;LUK DEPREM KORKUTURKEN, OKULLAR DA TAT\u0130L ED\u0130LD\u0130.<\/p>\n","protected":false},"author":1,"featured_media":248004,"comment_status":"closed","ping_status":"open","sticky":false,"template":"","format":"standard","meta":{"jetpack_post_was_ever_published":false,"_jetpack_newsletter_access":"","_jetpack_dont_email_post_to_subs":false,"_jetpack_newsletter_tier_id":0,"_jetpack_memberships_contains_paywalled_content":false,"_jetpack_memberships_contains_paid_content":false,"footnotes":"","jetpack_publicize_message":"","jetpack_publicize_feature_enabled":true,"jetpack_social_post_already_shared":true,"jetpack_social_options":{"image_generator_settings":{"template":"highway","default_image_id":0,"font":"","enabled":false},"version":2}},"categories":[1],"tags":[61649,221,857,38413,3574,3575],"class_list":["post-248003","post","type-post","status-publish","format-standard","has-post-thumbnail","hentry","category-genel","tag-4-9","tag-deprem","tag-edildi","tag-elazigdaki","tag-okullar","tag-tatil"],"jetpack_publicize_connections":[],"jetpack_featured_media_url":"https:\/\/i0.wp.com\/www.tvturk.com\/wp-content\/uploads\/2019\/12\/elazigdaki-49-deprem-okullar-tatil-edildi_94baaf3.jpg?fit=1000%2C666","jetpack_sharing_enabled":true,"jetpack_shortlink":"https:\/\/wp.me\/paKIfm-12w3","_links":{"self":[{"href":"http:\/\/www.tvturk.com\/index.php\/wp-json\/wp\/v2\/posts\/248003","targetHints":{"allow":["GET"]}}],"collection":[{"href":"http:\/\/www.tvturk.com\/index.php\/wp-json\/wp\/v2\/posts"}],"about":[{"href":"http:\/\/www.tvturk.com\/index.php\/wp-json\/wp\/v2\/types\/post"}],"author":[{"embeddable":true,"href":"http:\/\/www.tvturk.com\/index.php\/wp-json\/wp\/v2\/users\/1"}],"replies":[{"embeddable":true,"href":"http:\/\/www.tvturk.com\/index.php\/wp-json\/wp\/v2\/comments?post=248003"}],"version-history":[{"count":0,"href":"http:\/\/www.tvturk.com\/index.php\/wp-json\/wp\/v2\/posts\/248003\/revisions"}],"wp:featuredmedia":[{"embeddable":true,"href":"http:\/\/www.tvturk.com\/index.php\/wp-json\/wp\/v2\/media\/248004"}],"wp:attachment":[{"href":"http:\/\/www.tvturk.com\/index.php\/wp-json\/wp\/v2\/media?parent=248003"}],"wp:term":[{"taxonomy":"category","embeddable":true,"href":"http:\/\/www.tvturk.com\/index.php\/wp-json\/wp\/v2\/categories?post=248003"},{"taxonomy":"post_tag","embeddable":true,"href":"http:\/\/www.tvturk.com\/index.php\/wp-json\/wp\/v2\/tags?post=248003"}],"curies":[{"name":"wp","href":"https:\/\/api.w.org\/{rel}","templated":true}]}}