{"id":248017,"date":"2019-12-27T11:32:06","date_gmt":"2019-12-27T08:32:06","guid":{"rendered":"http:\/\/www.tvturk.com\/index.php\/elazigdaki-deprem-doganyolda-da-hissedildi\/"},"modified":"2019-12-27T11:32:06","modified_gmt":"2019-12-27T08:32:06","slug":"elazigdaki-deprem-doganyolda-da-hissedildi","status":"publish","type":"post","link":"http:\/\/www.tvturk.com\/index.php\/elazigdaki-deprem-doganyolda-da-hissedildi\/","title":{"rendered":"Elaz\u0131\u011f\u2019daki deprem Do\u011fanyol\u2019da da hissedildi"},"content":{"rendered":"<p>Elaz\u0131\u011f\u2019daki deprem, merkez \u00fcss\u00fc Sivrice il\u00e7esinin yak\u0131n\u0131nda bulunan Malatya\u2019n\u0131n Do\u011fanyol il\u00e7esinde de hissedildi. \u0130l\u00e7ede okullar 1 g\u00fcn s\u00fcreyle tatil edildi.<\/p>\n<p>Al\u0131nan bilgiye g\u00f6re, merkez \u00fcss\u00fc Elaz\u0131\u011f\u2019\u0131n Sivrice il\u00e7esi olan 4.9 b\u00fcy\u00fckl\u00fc\u011f\u00fcndeki deprem, Malatya\u2019n\u0131n Do\u011fanyol il\u00e7esinde de hissedildi. Depremin \u015fiddetli bir \u015fekilde hissedildi\u011fi Do\u011fanyol\u2019da ilk tespitlere g\u00f6re baz\u0131 evlerde \u00e7atlaklar olu\u015ftu, baz\u0131 kerpi\u00e7 evlerden de topraklar d\u00f6k\u00fcld\u00fc. \u0130l\u00e7ede panik ya\u015fanmas\u0131 nedeniyle okullar bug\u00fcn tedbir ama\u00e7l\u0131 olarak tatil edilip \u00f6\u011frenciler evlerine g\u00f6nderildi.<\/p>\n","protected":false},"excerpt":{"rendered":"<p>MALATYA\u2019NIN DO\u011eANYOL \u0130L\u00c7ES\u0130NDE, \u0130LK TESP\u0130TLERE G\u00d6RE BAZI EVLERDE \u00c7ATLAKLAR OLU\u015eTU<\/p>\n","protected":false},"author":1,"featured_media":248018,"comment_status":"closed","ping_status":"open","sticky":false,"template":"","format":"standard","meta":{"jetpack_post_was_ever_published":false,"_jetpack_newsletter_access":"","_jetpack_dont_email_post_to_subs":false,"_jetpack_newsletter_tier_id":0,"_jetpack_memberships_contains_paywalled_content":false,"_jetpack_memberships_contains_paid_content":false,"footnotes":"","jetpack_publicize_message":"","jetpack_publicize_feature_enabled":true,"jetpack_social_post_already_shared":true,"jetpack_social_options":{"image_generator_settings":{"template":"highway","default_image_id":0,"font":"","enabled":false},"version":2}},"categories":[1],"tags":[221,61652,38413,27757],"class_list":["post-248017","post","type-post","status-publish","format-standard","has-post-thumbnail","hentry","category-genel","tag-deprem","tag-doganyolda","tag-elazigdaki","tag-hissedildi"],"jetpack_publicize_connections":[],"jetpack_featured_media_url":"https:\/\/i0.wp.com\/www.tvturk.com\/wp-content\/uploads\/2019\/12\/elazigdaki-deprem-doganyolda-da-hissedildi_dfad1a5.jpg?fit=562%2C1000","jetpack_sharing_enabled":true,"jetpack_shortlink":"https:\/\/wp.me\/paKIfm-12wh","_links":{"self":[{"href":"http:\/\/www.tvturk.com\/index.php\/wp-json\/wp\/v2\/posts\/248017","targetHints":{"allow":["GET"]}}],"collection":[{"href":"http:\/\/www.tvturk.com\/index.php\/wp-json\/wp\/v2\/posts"}],"about":[{"href":"http:\/\/www.tvturk.com\/index.php\/wp-json\/wp\/v2\/types\/post"}],"author":[{"embeddable":true,"href":"http:\/\/www.tvturk.com\/index.php\/wp-json\/wp\/v2\/users\/1"}],"replies":[{"embeddable":true,"href":"http:\/\/www.tvturk.com\/index.php\/wp-json\/wp\/v2\/comments?post=248017"}],"version-history":[{"count":0,"href":"http:\/\/www.tvturk.com\/index.php\/wp-json\/wp\/v2\/posts\/248017\/revisions"}],"wp:featuredmedia":[{"embeddable":true,"href":"http:\/\/www.tvturk.com\/index.php\/wp-json\/wp\/v2\/media\/248018"}],"wp:attachment":[{"href":"http:\/\/www.tvturk.com\/index.php\/wp-json\/wp\/v2\/media?parent=248017"}],"wp:term":[{"taxonomy":"category","embeddable":true,"href":"http:\/\/www.tvturk.com\/index.php\/wp-json\/wp\/v2\/categories?post=248017"},{"taxonomy":"post_tag","embeddable":true,"href":"http:\/\/www.tvturk.com\/index.php\/wp-json\/wp\/v2\/tags?post=248017"}],"curies":[{"name":"wp","href":"https:\/\/api.w.org\/{rel}","templated":true}]}}