{"id":248033,"date":"2019-12-27T11:47:37","date_gmt":"2019-12-27T08:47:37","guid":{"rendered":"http:\/\/www.tvturk.com\/index.php\/4-9luk-deprem-saniye-saniye-kameraya-yansidi\/"},"modified":"2019-12-27T11:47:37","modified_gmt":"2019-12-27T08:47:37","slug":"4-9luk-deprem-saniye-saniye-kameraya-yansidi","status":"publish","type":"post","link":"http:\/\/www.tvturk.com\/index.php\/4-9luk-deprem-saniye-saniye-kameraya-yansidi\/","title":{"rendered":"4.9\u2019luk deprem saniye saniye kameraya yans\u0131d\u0131"},"content":{"rendered":"<p>Elaz\u0131\u011f\u2019da meydana gelen ve bir\u00e7ok yerde hissedilen 4.9. \u015fiddetindeki deprem bir kafenin g\u00fcvenlik kameras\u0131na saniye saniye yans\u0131d\u0131.<\/p>\n<p>Afet ve Acil Durum Y\u00f6netimi Ba\u015fkanl\u0131\u011f\u0131 (AFAD) Elaz\u0131\u011f\u2019da saat 10.02 s\u0131ralar\u0131nda merkez \u00fcss\u00fc Elaz\u0131\u011f Sivrice il\u00e7esinde 4.9 \u015fiddetinde deprem meydana geldi\u011fini bildirmi\u015fti. Kentte yo\u011fun olarak hissedilen deprem korku ve panik olu\u015ftururken o anlar ise bir kafenin g\u00fcvenlik kameras\u0131na yans\u0131d\u0131. Deprem s\u0131ras\u0131nda kafede oturan 2 ki\u015fi panikle kalk\u0131p, sallanan raflar\u0131 tutmas\u0131 dikkat \u00e7ekti.<\/p>\n<p>\u00d6te yandan deprem nedeniyle kent genelinde ciddi bir olumsuzluk ya\u015fanmad\u0131\u011f\u0131 aktar\u0131ld\u0131.<\/p>\n","protected":false},"excerpt":{"rendered":"<p>ELAZI\u011e\u2019DA MEYDANA GELEN VE B\u0130R\u00c7OK YERDE H\u0130SSED\u0130LEN DEPREM B\u0130R KAFEN\u0130N G\u00dcVENL\u0130K KAMERASINA SAN\u0130YE SAN\u0130YE YANSIDI.<\/p>\n","protected":false},"author":1,"featured_media":248034,"comment_status":"closed","ping_status":"open","sticky":false,"template":"","format":"standard","meta":{"jetpack_post_was_ever_published":false,"_jetpack_newsletter_access":"","_jetpack_dont_email_post_to_subs":false,"_jetpack_newsletter_tier_id":0,"_jetpack_memberships_contains_paywalled_content":false,"_jetpack_memberships_contains_paid_content":false,"footnotes":"","jetpack_publicize_message":"","jetpack_publicize_feature_enabled":true,"jetpack_social_post_already_shared":true,"jetpack_social_options":{"image_generator_settings":{"template":"highway","default_image_id":0,"font":"","enabled":false},"version":2}},"categories":[1],"tags":[61656,221,4329,17642,1948],"class_list":["post-248033","post","type-post","status-publish","format-standard","has-post-thumbnail","hentry","category-genel","tag-4-9luk","tag-deprem","tag-kameraya","tag-saniye","tag-yansidi"],"jetpack_publicize_connections":[],"jetpack_featured_media_url":"https:\/\/i0.wp.com\/www.tvturk.com\/wp-content\/uploads\/2019\/12\/49luk-deprem-saniye-saniye-kameraya-yansidi_a0b7846.jpg?fit=673%2C431","jetpack_sharing_enabled":true,"jetpack_shortlink":"https:\/\/wp.me\/paKIfm-12wx","_links":{"self":[{"href":"http:\/\/www.tvturk.com\/index.php\/wp-json\/wp\/v2\/posts\/248033","targetHints":{"allow":["GET"]}}],"collection":[{"href":"http:\/\/www.tvturk.com\/index.php\/wp-json\/wp\/v2\/posts"}],"about":[{"href":"http:\/\/www.tvturk.com\/index.php\/wp-json\/wp\/v2\/types\/post"}],"author":[{"embeddable":true,"href":"http:\/\/www.tvturk.com\/index.php\/wp-json\/wp\/v2\/users\/1"}],"replies":[{"embeddable":true,"href":"http:\/\/www.tvturk.com\/index.php\/wp-json\/wp\/v2\/comments?post=248033"}],"version-history":[{"count":0,"href":"http:\/\/www.tvturk.com\/index.php\/wp-json\/wp\/v2\/posts\/248033\/revisions"}],"wp:featuredmedia":[{"embeddable":true,"href":"http:\/\/www.tvturk.com\/index.php\/wp-json\/wp\/v2\/media\/248034"}],"wp:attachment":[{"href":"http:\/\/www.tvturk.com\/index.php\/wp-json\/wp\/v2\/media?parent=248033"}],"wp:term":[{"taxonomy":"category","embeddable":true,"href":"http:\/\/www.tvturk.com\/index.php\/wp-json\/wp\/v2\/categories?post=248033"},{"taxonomy":"post_tag","embeddable":true,"href":"http:\/\/www.tvturk.com\/index.php\/wp-json\/wp\/v2\/tags?post=248033"}],"curies":[{"name":"wp","href":"https:\/\/api.w.org\/{rel}","templated":true}]}}